{"id":1175,"date":"2020-09-11T19:27:40","date_gmt":"2020-09-11T19:27:40","guid":{"rendered":"https:\/\/ferpam.widehomolog.biz\/blog\/?p=1175"},"modified":"2021-02-16T19:32:13","modified_gmt":"2021-02-16T19:32:13","slug":"semana-do-brasil-na-ferpam-2020","status":"publish","type":"post","link":"https:\/\/www.ferpam.com.br\/blog\/semana-do-brasil-na-ferpam-2020\/","title":{"rendered":"Semana do Brasil na Ferpam 2020"},"content":{"rendered":"<p>A Semana Brasil \u00e9 uma iniciativa idealizada pelo Governo Federal com a inten\u00e7\u00e3o de aquecer a venda no comercio brasileiro atrav\u00e9s de ofertas especiais. Em 2020, acontecer\u00e1 de 3 e 13 de setembro. Esta data se d\u00e1 por dois motivos! Venha conferir!<\/p>\n<p>O Com\u00e9rcio brasileiro ganhou mais uma grande data de mobiliza\u00e7\u00e3o comercial, a\u00a0<a href=\"https:\/\/www.ferpam.com.br\/semana-do-brasil\" target=\"_blank\" rel=\"noopener\">\u201cSemana do Brasil\u201d<\/a>\u00a0foi colocada em setembro pela liga\u00e7\u00e3o com a data de independ\u00eancia do pa\u00eds que \u00e9 7 de setembro.<\/p>\n<p>N\u00f3s aqui da FERPAM estaremos participando deste momento muito importante economicamente para o com\u00e9rcio, dando assim mais op\u00e7\u00f5es para nossos clientes. E este \u00e9 o segundo motivo da semana do Brasil, criar uma data comercial que oportunize compras entre setembro e novembro.<\/p>\n<p>J\u00e1 que esta \u00e9poca do ano o comercio esfria, pois muita gente fica segurando dinheiro para gastar na Black Friday. Logo, os pre\u00e7os, condi\u00e7\u00f5es de pagamento e formas de entrega da semana do Brasil podem chegar a ser comparados a uma BlackFriday<\/p>\n<p>.<\/p>\n<h2>Semana do Brasil 2020 na FERPAM<\/h2>\n<p>N\u00f3s da FERPAM teremos grandes produtos em oferta. E al\u00e9m disso, seguimos com nossa pol\u00edtica de \u201cfrete gr\u00e1tis para todo o Brasil\u201d, nas compras acima de R$500,00\u201d (de peso at\u00e9 30kg).<\/p>\n<p>Se voc\u00ea \u00e9 nortista ou nordestino e precisa trocar m\u00e1quinas e ferramentas saiba que aqui na FERPAM voc\u00ea encontra e o melhor acima de R$ 500,00 o frete \u00e9 gr\u00e1tis (confira as regras). Temos\u00a0<a href=\"https:\/\/www.ferpam.com.br\/lavadora-alta-press-o-1200-w-220-v-tramontina.html\" target=\"_blank\" rel=\"noopener\">lavadora de alta press\u00e3o\u00a0<\/a>Tramontina,<a href=\"https:\/\/www.ferpam.com.br\/lixadeira-de-parede-mlp-710-w-com-luz-led-motor-220-v-menegotti.html\" target=\"_blank\" rel=\"noopener\">\u00a0Lixadeira de parede Menegotti<\/a>,\u00a0<a href=\"https:\/\/www.ferpam.com.br\/kit-oficina-garagem-oculos-solda-ferpam.html\" target=\"_blank\" rel=\"noopener\">Kit de ferramentas do Oficina Garagem<\/a>,\u00a0<a href=\"https:\/\/www.ferpam.com.br\/jogo-de-ferramentas-com-110-pecas-espelhadas-mayle.html\" target=\"_blank\" rel=\"noopener\">Jogo de chaves 110 pe\u00e7as espelhadas Mayle\u00a0<\/a>e muito mais.<\/p>\n<p>A FERPAM j\u00e1 come\u00e7ou com as ofertas da Semana do Brasil 2020 e para tornar esta a\u00e7\u00e3o mais poderosa, n\u00f3s estamos realizando uma a\u00e7\u00e3o muito especial, que \u00e9 de incentivo a redu\u00e7\u00e3o do uso de copos descart\u00e1veis.<\/p>\n<p>Comprando qualquer produto da categoria &#8220;Semana do Brasil&#8221; GANHE UM COPO ECOL\u00d3GICO. Para ganhar o copo \u00e9 preciso adicionar o cupom de desconto &#8220;ECO&#8221; e assim o copo ser\u00e1 enviado juntamente com o pedido<\/p>\n<p><img loading=\"lazy\" decoding=\"async\" class=\"alignnone  wp-image-1179\" src=\"https:\/\/ferpam.widehomolog.biz\/blog\/wp-content\/uploads\/2021\/02\/054f6ee1f782ceba1287105d1e06e055-300x98.png\" alt=\"\" width=\"762\" height=\"249\" srcset=\"https:\/\/www.ferpam.com.br\/blog\/wp-content\/uploads\/2021\/02\/054f6ee1f782ceba1287105d1e06e055-300x98.png 300w, https:\/\/www.ferpam.com.br\/blog\/wp-content\/uploads\/2021\/02\/054f6ee1f782ceba1287105d1e06e055-1024x333.png 1024w, https:\/\/www.ferpam.com.br\/blog\/wp-content\/uploads\/2021\/02\/054f6ee1f782ceba1287105d1e06e055-768x250.png 768w, https:\/\/www.ferpam.com.br\/blog\/wp-content\/uploads\/2021\/02\/054f6ee1f782ceba1287105d1e06e055.png 1076w\" sizes=\"auto, (max-width: 762px) 100vw, 762px\" \/><\/p>\n<p>E para ajudar e estimular as vendas locais\/regionais sugerimos voc\u00ea a apoiar o com\u00e9rcio regional. Por isso, lembremos que vivemos um momento de recupera\u00e7\u00e3o econ\u00f4mica p\u00f3s-pandemia. Logo, \u00e9 de suma import\u00e2ncia, apoiar nossa regi\u00e3o neste momento! N\u00f3s somos do NORTE, especialmente do Tocantins.<\/p>\n<p>Convidamos os Nortistas e Nordestinos a comprar suas ferramentas na FERPAM! Obrigada.<\/p>\n","protected":false},"excerpt":{"rendered":"<p>A Semana Brasil \u00e9 uma iniciativa idealizada pelo Governo Federal com a inten\u00e7\u00e3o de aquecer a venda no comercio brasileiro atrav\u00e9s de ofertas especiais. Em 2020, acontecer\u00e1 de 3 e 13 de setembro. Esta data se d\u00e1 por dois motivos! Venha conferir! O Com\u00e9rcio brasileiro ganhou mais uma grande data de mobiliza\u00e7\u00e3o comercial, a\u00a0\u201cSemana do &hellip;<\/p>\n","protected":false},"author":4,"featured_media":1181,"comment_status":"open","ping_status":"open","sticky":false,"template":"","format":"standard","meta":{"footnotes":""},"categories":[1],"tags":[159,365,160],"class_list":["post-1175","post","type-post","status-publish","format-standard","has-post-thumbnail","hentry","category-sem-categoria","tag-ferpamsemanadobrasil","tag-semanadobrasil","tag-semanadobrasil2020"],"yoast_head":"<!-- This site is optimized with the Yoast SEO plugin v15.8 - https:\/\/yoast.com\/wordpress\/plugins\/seo\/ -->\n<title>Semana do Brasil na Ferpam 2020 - Blog Ferpam<\/title>\n<meta name=\"robots\" content=\"index, follow, max-snippet:-1, max-image-preview:large, max-video-preview:-1\" \/>\n<link rel=\"canonical\" href=\"https:\/\/www.ferpam.com.br\/blog\/semana-do-brasil-na-ferpam-2020\/\" \/>\n<meta property=\"og:locale\" content=\"pt_BR\" \/>\n<meta property=\"og:type\" content=\"article\" \/>\n<meta property=\"og:title\" content=\"Semana do Brasil na Ferpam 2020 - Blog Ferpam\" \/>\n<meta property=\"og:description\" content=\"A Semana Brasil \u00e9 uma iniciativa idealizada pelo Governo Federal com a inten\u00e7\u00e3o de aquecer a venda no comercio brasileiro atrav\u00e9s de ofertas especiais. Em 2020, acontecer\u00e1 de 3 e 13 de setembro. Esta data se d\u00e1 por dois motivos! Venha conferir! O Com\u00e9rcio brasileiro ganhou mais uma grande data de mobiliza\u00e7\u00e3o comercial, a\u00a0\u201cSemana do &hellip;\" \/>\n<meta property=\"og:url\" content=\"https:\/\/www.ferpam.com.br\/blog\/semana-do-brasil-na-ferpam-2020\/\" \/>\n<meta property=\"og:site_name\" content=\"Blog Ferpam\" \/>\n<meta property=\"article:published_time\" content=\"2020-09-11T19:27:40+00:00\" \/>\n<meta property=\"article:modified_time\" content=\"2021-02-16T19:32:13+00:00\" \/>\n<meta property=\"og:image\" content=\"https:\/\/www.ferpam.com.br\/blog\/wp-content\/uploads\/2021\/02\/d30f6020748c7b2a280b1c14b29b04181.png\" \/>\n\t<meta property=\"og:image:width\" content=\"968\" \/>\n\t<meta property=\"og:image:height\" content=\"584\" \/>\n<meta name=\"twitter:card\" content=\"summary_large_image\" \/>\n<meta name=\"twitter:label1\" content=\"Est. reading time\">\n\t<meta name=\"twitter:data1\" content=\"2 minutos\">\n<script type=\"application\/ld+json\" class=\"yoast-schema-graph\">{\"@context\":\"https:\/\/schema.org\",\"@graph\":[{\"@type\":\"Organization\",\"@id\":\"https:\/\/www.ferpam.com.br\/blog\/#organization\",\"name\":\"Ferpam\",\"url\":\"https:\/\/www.ferpam.com.br\/blog\/\",\"sameAs\":[],\"logo\":{\"@type\":\"ImageObject\",\"@id\":\"https:\/\/www.ferpam.com.br\/blog\/#logo\",\"inLanguage\":\"pt-BR\",\"url\":\"https:\/\/www.ferpam.com.br\/blog\/wp-content\/uploads\/2021\/02\/logo-1.png\",\"width\":254,\"height\":89,\"caption\":\"Ferpam\"},\"image\":{\"@id\":\"https:\/\/www.ferpam.com.br\/blog\/#logo\"}},{\"@type\":\"WebSite\",\"@id\":\"https:\/\/www.ferpam.com.br\/blog\/#website\",\"url\":\"https:\/\/www.ferpam.com.br\/blog\/\",\"name\":\"Blog Ferpam\",\"description\":\"Not\\u00edcias da Ferpam\",\"publisher\":{\"@id\":\"https:\/\/www.ferpam.com.br\/blog\/#organization\"},\"potentialAction\":[{\"@type\":\"SearchAction\",\"target\":\"https:\/\/www.ferpam.com.br\/blog\/?s={search_term_string}\",\"query-input\":\"required name=search_term_string\"}],\"inLanguage\":\"pt-BR\"},{\"@type\":\"ImageObject\",\"@id\":\"https:\/\/www.ferpam.com.br\/blog\/semana-do-brasil-na-ferpam-2020\/#primaryimage\",\"inLanguage\":\"pt-BR\",\"url\":\"https:\/\/www.ferpam.com.br\/blog\/wp-content\/uploads\/2021\/02\/d30f6020748c7b2a280b1c14b29b04181.png\",\"width\":968,\"height\":584},{\"@type\":\"WebPage\",\"@id\":\"https:\/\/www.ferpam.com.br\/blog\/semana-do-brasil-na-ferpam-2020\/#webpage\",\"url\":\"https:\/\/www.ferpam.com.br\/blog\/semana-do-brasil-na-ferpam-2020\/\",\"name\":\"Semana do Brasil na Ferpam 2020 - Blog Ferpam\",\"isPartOf\":{\"@id\":\"https:\/\/www.ferpam.com.br\/blog\/#website\"},\"primaryImageOfPage\":{\"@id\":\"https:\/\/www.ferpam.com.br\/blog\/semana-do-brasil-na-ferpam-2020\/#primaryimage\"},\"datePublished\":\"2020-09-11T19:27:40+00:00\",\"dateModified\":\"2021-02-16T19:32:13+00:00\",\"breadcrumb\":{\"@id\":\"https:\/\/www.ferpam.com.br\/blog\/semana-do-brasil-na-ferpam-2020\/#breadcrumb\"},\"inLanguage\":\"pt-BR\",\"potentialAction\":[{\"@type\":\"ReadAction\",\"target\":[\"https:\/\/www.ferpam.com.br\/blog\/semana-do-brasil-na-ferpam-2020\/\"]}]},{\"@type\":\"BreadcrumbList\",\"@id\":\"https:\/\/www.ferpam.com.br\/blog\/semana-do-brasil-na-ferpam-2020\/#breadcrumb\",\"itemListElement\":[{\"@type\":\"ListItem\",\"position\":1,\"item\":{\"@type\":\"WebPage\",\"@id\":\"https:\/\/www.ferpam.com.br\/blog\/\",\"url\":\"https:\/\/www.ferpam.com.br\/blog\/\",\"name\":\"In\\u00edcio\"}},{\"@type\":\"ListItem\",\"position\":2,\"item\":{\"@type\":\"WebPage\",\"@id\":\"https:\/\/www.ferpam.com.br\/blog\/semana-do-brasil-na-ferpam-2020\/\",\"url\":\"https:\/\/www.ferpam.com.br\/blog\/semana-do-brasil-na-ferpam-2020\/\",\"name\":\"Semana do Brasil na Ferpam 2020\"}}]},{\"@type\":\"Article\",\"@id\":\"https:\/\/www.ferpam.com.br\/blog\/semana-do-brasil-na-ferpam-2020\/#article\",\"isPartOf\":{\"@id\":\"https:\/\/www.ferpam.com.br\/blog\/semana-do-brasil-na-ferpam-2020\/#webpage\"},\"author\":{\"@id\":\"https:\/\/www.ferpam.com.br\/blog\/#\/schema\/person\/17c24d0d22dd830e306685f9b94ec5e7\"},\"headline\":\"Semana do Brasil na Ferpam 2020\",\"datePublished\":\"2020-09-11T19:27:40+00:00\",\"dateModified\":\"2021-02-16T19:32:13+00:00\",\"mainEntityOfPage\":{\"@id\":\"https:\/\/www.ferpam.com.br\/blog\/semana-do-brasil-na-ferpam-2020\/#webpage\"},\"commentCount\":0,\"publisher\":{\"@id\":\"https:\/\/www.ferpam.com.br\/blog\/#organization\"},\"image\":{\"@id\":\"https:\/\/www.ferpam.com.br\/blog\/semana-do-brasil-na-ferpam-2020\/#primaryimage\"},\"keywords\":\"ferpamsemanadobrasil,semanadobrasil,semanadobrasil2020\",\"inLanguage\":\"pt-BR\",\"potentialAction\":[{\"@type\":\"CommentAction\",\"name\":\"Comment\",\"target\":[\"https:\/\/www.ferpam.com.br\/blog\/semana-do-brasil-na-ferpam-2020\/#respond\"]}]},{\"@type\":\"Person\",\"@id\":\"https:\/\/www.ferpam.com.br\/blog\/#\/schema\/person\/17c24d0d22dd830e306685f9b94ec5e7\",\"name\":\"Ferpam Blog\",\"image\":{\"@type\":\"ImageObject\",\"@id\":\"https:\/\/www.ferpam.com.br\/blog\/#personlogo\",\"inLanguage\":\"pt-BR\",\"url\":\"https:\/\/secure.gravatar.com\/avatar\/cabb3a541ec0d8bedb85a519259a466229f358a62b34ef4b29cb8d6884944a6c?s=96&d=mm&r=g\",\"caption\":\"Ferpam Blog\"},\"sameAs\":[\"http:\/\/www.ferpam.com.br\"]}]}<\/script>\n<!-- \/ Yoast SEO plugin. -->","_links":{"self":[{"href":"https:\/\/www.ferpam.com.br\/blog\/wp-json\/wp\/v2\/posts\/1175","targetHints":{"allow":["GET"]}}],"collection":[{"href":"https:\/\/www.ferpam.com.br\/blog\/wp-json\/wp\/v2\/posts"}],"about":[{"href":"https:\/\/www.ferpam.com.br\/blog\/wp-json\/wp\/v2\/types\/post"}],"author":[{"embeddable":true,"href":"https:\/\/www.ferpam.com.br\/blog\/wp-json\/wp\/v2\/users\/4"}],"replies":[{"embeddable":true,"href":"https:\/\/www.ferpam.com.br\/blog\/wp-json\/wp\/v2\/comments?post=1175"}],"version-history":[{"count":1,"href":"https:\/\/www.ferpam.com.br\/blog\/wp-json\/wp\/v2\/posts\/1175\/revisions"}],"predecessor-version":[{"id":1182,"href":"https:\/\/www.ferpam.com.br\/blog\/wp-json\/wp\/v2\/posts\/1175\/revisions\/1182"}],"wp:featuredmedia":[{"embeddable":true,"href":"https:\/\/www.ferpam.com.br\/blog\/wp-json\/wp\/v2\/media\/1181"}],"wp:attachment":[{"href":"https:\/\/www.ferpam.com.br\/blog\/wp-json\/wp\/v2\/media?parent=1175"}],"wp:term":[{"taxonomy":"category","embeddable":true,"href":"https:\/\/www.ferpam.com.br\/blog\/wp-json\/wp\/v2\/categories?post=1175"},{"taxonomy":"post_tag","embeddable":true,"href":"https:\/\/www.ferpam.com.br\/blog\/wp-json\/wp\/v2\/tags?post=1175"}],"curies":[{"name":"wp","href":"https:\/\/api.w.org\/{rel}","templated":true}]}}