{"id":1183,"date":"2020-10-12T19:32:48","date_gmt":"2020-10-12T19:32:48","guid":{"rendered":"https:\/\/ferpam.widehomolog.biz\/blog\/?p=1183"},"modified":"2021-02-16T20:17:13","modified_gmt":"2021-02-16T20:17:13","slug":"movimento-a-bateria-bosch-chega-de-fios","status":"publish","type":"post","link":"https:\/\/www.ferpam.com.br\/blog\/movimento-a-bateria-bosch-chega-de-fios\/","title":{"rendered":"\u200bMovimento \u00e0 Bateria BOSCH: Chega de fios!"},"content":{"rendered":"<p>O mercado das ferramentas \u00e0 bateria est\u00e1 em aquecimento no Brasil, por isso a Bosch criou o\u00a0<em data-redactor-tag=\"i\">Movimento \u00e0 bateria<\/em>\u00a0uma campanha de incentivo a esta transi\u00e7\u00e3o. J\u00e1 que nos EUA e na Europa estas ferramentas revolucionaram a produ\u00e7\u00e3o artesanal e profissional, dando mais mobilidade e liberdade aos consumidores.<\/p>\n<p><b><strong data-redactor-tag=\"b\">Por que escolher BOSCH?<\/strong><\/b><\/p>\n<p>A BOSCH j\u00e1 \u00e9 uma pot\u00eancia mundial de fabrica\u00e7\u00e3o de tecnologias. E porque escolher Bosch? Simplesmente pelo fato de ser a marca que mais conhece o trabalho brasileiro. Atrav\u00e9s de pesquisa, teste e muita tecnologia os cientistas da Bosch desenvolveram produtos de alta pot\u00eancia para servi\u00e7os especializados.<\/p>\n<p>Uma verdadeira revolu\u00e7\u00e3o do conceito de ferramentas est\u00e1 vindo por a\u00ed! E na era digital em que vivemos estar trabalhando com equipamentos de \u00faltima gera\u00e7\u00e3o movidas \u00e0 bateria ir\u00e1 trazer grande vantagem competitiva.<\/p>\n<p><b><strong data-redactor-tag=\"b\">Participe do Movimento a Bateria!<\/strong><\/b><\/p>\n<p>A partir de 2021 o trabalho ir\u00e1 mudar! A velocidade e a praticidade ir\u00e3o se tornar caracter\u00edsticas essenciais em uma ferramenta. O momento de investir em ferramentas \u00e0 bateria \u00e9 agora!<\/p>\n<p>Esteja \u00e0 frente do seu tempo, trabalhe com liberdade e movimente-se mais! A Ferpam trabalha com v\u00e1rias ferramentas \u00e0 bateria da BOSCH veja abaixo:<\/p>\n<p><a href=\"https:\/\/www.ferpam.com.br\/furadeira-parafusadeira-gsr-120-li-gdr-120-li-maleta-de-aluminio.html\">Furadeira<\/a><\/p>\n<p><a href=\"https:\/\/www.ferpam.com.br\/parafusadeira-a-bateria-bosch-go-3-6v-bivolt-com-bateria-integrada-de-1-5ah-1-bit-ph2-cabo-usb-em-maleta-plastica.html\">Parafusadeira<\/a><\/p>\n<p><a href=\"https:\/\/www.ferpam.com.br\/tesoura-faca-a-bateria-bosch-gsc-18v-16-18v-sem-bateria-e-sem-carregador-em-caixa-de-papel-o.html\">Tesoura el\u00e9trica<\/a><\/p>\n<p><a href=\"https:\/\/www.ferpam.com.br\/tupia-a-bateria-bosch-gkf-12v-8-12v-sem-bateria-e-sem-carregador-em-caixa-de-papel-o.html\">Mini-Tupia<\/a><\/p>\n<p><a href=\"https:\/\/www.ferpam.com.br\/index.php\/fer-wideadmin\/mpblog_post\/edit\/id\/218\/key\/783b475fef6ecc93ae501a2ccb8dd5d6\/7891009868141\">Microret\u00edfica<\/a><\/p>\n<p><a href=\"https:\/\/www.ferpam.com.br\/esmerilhadeira-gws-18v10pc-s-bat-bosch.html\">Esmerilhadeira<\/a><\/p>\n<p><a href=\"https:\/\/www.ferpam.com.br\/termometro-infravermelho-gis-500-bosch.html\">Detector de temperatura<\/a><\/p>\n<p><a href=\"https:\/\/www.ferpam.com.br\/chave-de-impacto-a-bateria-de-bosch-gds-18v-li-180nm-18v-sem-bateria-e-sem-carregador-em-caixa-de-papel-o.html\">Chave de impacto<\/a><\/p>\n<p><a href=\"https:\/\/www.ferpam.com.br\/serra-sabre-a-bateria-bosch-gsa-18v-li-18v-sem-bateria-e-sem-carregador-em-maleta-plastica.html\">Serra sabre<\/a><\/p>\n","protected":false},"excerpt":{"rendered":"<p>O mercado das ferramentas \u00e0 bateria est\u00e1 em aquecimento no Brasil, por isso a Bosch criou o\u00a0Movimento \u00e0 bateria\u00a0uma campanha de incentivo a esta transi\u00e7\u00e3o. J\u00e1 que nos EUA e na Europa estas ferramentas revolucionaram a produ\u00e7\u00e3o artesanal e profissional, dando mais mobilidade e liberdade aos consumidores. Por que escolher BOSCH? A BOSCH j\u00e1 \u00e9 &hellip;<\/p>\n","protected":false},"author":4,"featured_media":1184,"comment_status":"open","ping_status":"open","sticky":false,"template":"","format":"standard","meta":{"footnotes":""},"categories":[25],"tags":[519,158,346,155,157,156],"class_list":["post-1183","post","type-post","status-publish","format-standard","has-post-thumbnail","hentry","category-curiosidades","tag-bosch","tag-boschabateria","tag-dicadeferramenta","tag-ferramentasabateria","tag-linhaabateriabosch","tag-movimentoabateria"],"yoast_head":"<!-- This site is optimized with the Yoast SEO plugin v15.8 - https:\/\/yoast.com\/wordpress\/plugins\/seo\/ -->\n<title>\u200bMovimento \u00e0 Bateria BOSCH: Chega de fios! - Blog Ferpam<\/title>\n<meta name=\"robots\" content=\"index, follow, max-snippet:-1, max-image-preview:large, max-video-preview:-1\" \/>\n<link rel=\"canonical\" href=\"https:\/\/www.ferpam.com.br\/blog\/movimento-a-bateria-bosch-chega-de-fios\/\" \/>\n<meta property=\"og:locale\" content=\"pt_BR\" \/>\n<meta property=\"og:type\" content=\"article\" \/>\n<meta property=\"og:title\" content=\"\u200bMovimento \u00e0 Bateria BOSCH: Chega de fios! - Blog Ferpam\" \/>\n<meta property=\"og:description\" content=\"O mercado das ferramentas \u00e0 bateria est\u00e1 em aquecimento no Brasil, por isso a Bosch criou o\u00a0Movimento \u00e0 bateria\u00a0uma campanha de incentivo a esta transi\u00e7\u00e3o. J\u00e1 que nos EUA e na Europa estas ferramentas revolucionaram a produ\u00e7\u00e3o artesanal e profissional, dando mais mobilidade e liberdade aos consumidores. Por que escolher BOSCH? A BOSCH j\u00e1 \u00e9 &hellip;\" \/>\n<meta property=\"og:url\" content=\"https:\/\/www.ferpam.com.br\/blog\/movimento-a-bateria-bosch-chega-de-fios\/\" \/>\n<meta property=\"og:site_name\" content=\"Blog Ferpam\" \/>\n<meta property=\"article:published_time\" content=\"2020-10-12T19:32:48+00:00\" \/>\n<meta property=\"article:modified_time\" content=\"2021-02-16T20:17:13+00:00\" \/>\n<meta property=\"og:image\" content=\"https:\/\/www.ferpam.com.br\/blog\/wp-content\/uploads\/2021\/02\/ae487b4142c5a708fe10dbcf060cb2601.jpeg\" \/>\n\t<meta property=\"og:image:width\" content=\"968\" \/>\n\t<meta property=\"og:image:height\" content=\"584\" \/>\n<meta name=\"twitter:card\" content=\"summary_large_image\" \/>\n<meta name=\"twitter:label1\" content=\"Est. reading time\">\n\t<meta name=\"twitter:data1\" content=\"1 minuto\">\n<script type=\"application\/ld+json\" class=\"yoast-schema-graph\">{\"@context\":\"https:\/\/schema.org\",\"@graph\":[{\"@type\":\"Organization\",\"@id\":\"https:\/\/www.ferpam.com.br\/blog\/#organization\",\"name\":\"Ferpam\",\"url\":\"https:\/\/www.ferpam.com.br\/blog\/\",\"sameAs\":[],\"logo\":{\"@type\":\"ImageObject\",\"@id\":\"https:\/\/www.ferpam.com.br\/blog\/#logo\",\"inLanguage\":\"pt-BR\",\"url\":\"https:\/\/www.ferpam.com.br\/blog\/wp-content\/uploads\/2021\/02\/logo-1.png\",\"width\":254,\"height\":89,\"caption\":\"Ferpam\"},\"image\":{\"@id\":\"https:\/\/www.ferpam.com.br\/blog\/#logo\"}},{\"@type\":\"WebSite\",\"@id\":\"https:\/\/www.ferpam.com.br\/blog\/#website\",\"url\":\"https:\/\/www.ferpam.com.br\/blog\/\",\"name\":\"Blog Ferpam\",\"description\":\"Not\\u00edcias da Ferpam\",\"publisher\":{\"@id\":\"https:\/\/www.ferpam.com.br\/blog\/#organization\"},\"potentialAction\":[{\"@type\":\"SearchAction\",\"target\":\"https:\/\/www.ferpam.com.br\/blog\/?s={search_term_string}\",\"query-input\":\"required name=search_term_string\"}],\"inLanguage\":\"pt-BR\"},{\"@type\":\"ImageObject\",\"@id\":\"https:\/\/www.ferpam.com.br\/blog\/movimento-a-bateria-bosch-chega-de-fios\/#primaryimage\",\"inLanguage\":\"pt-BR\",\"url\":\"https:\/\/www.ferpam.com.br\/blog\/wp-content\/uploads\/2021\/02\/ae487b4142c5a708fe10dbcf060cb2601.jpeg\",\"width\":968,\"height\":584},{\"@type\":\"WebPage\",\"@id\":\"https:\/\/www.ferpam.com.br\/blog\/movimento-a-bateria-bosch-chega-de-fios\/#webpage\",\"url\":\"https:\/\/www.ferpam.com.br\/blog\/movimento-a-bateria-bosch-chega-de-fios\/\",\"name\":\"\\u200bMovimento \\u00e0 Bateria BOSCH: Chega de fios! - Blog Ferpam\",\"isPartOf\":{\"@id\":\"https:\/\/www.ferpam.com.br\/blog\/#website\"},\"primaryImageOfPage\":{\"@id\":\"https:\/\/www.ferpam.com.br\/blog\/movimento-a-bateria-bosch-chega-de-fios\/#primaryimage\"},\"datePublished\":\"2020-10-12T19:32:48+00:00\",\"dateModified\":\"2021-02-16T20:17:13+00:00\",\"breadcrumb\":{\"@id\":\"https:\/\/www.ferpam.com.br\/blog\/movimento-a-bateria-bosch-chega-de-fios\/#breadcrumb\"},\"inLanguage\":\"pt-BR\",\"potentialAction\":[{\"@type\":\"ReadAction\",\"target\":[\"https:\/\/www.ferpam.com.br\/blog\/movimento-a-bateria-bosch-chega-de-fios\/\"]}]},{\"@type\":\"BreadcrumbList\",\"@id\":\"https:\/\/www.ferpam.com.br\/blog\/movimento-a-bateria-bosch-chega-de-fios\/#breadcrumb\",\"itemListElement\":[{\"@type\":\"ListItem\",\"position\":1,\"item\":{\"@type\":\"WebPage\",\"@id\":\"https:\/\/www.ferpam.com.br\/blog\/\",\"url\":\"https:\/\/www.ferpam.com.br\/blog\/\",\"name\":\"In\\u00edcio\"}},{\"@type\":\"ListItem\",\"position\":2,\"item\":{\"@type\":\"WebPage\",\"@id\":\"https:\/\/www.ferpam.com.br\/blog\/movimento-a-bateria-bosch-chega-de-fios\/\",\"url\":\"https:\/\/www.ferpam.com.br\/blog\/movimento-a-bateria-bosch-chega-de-fios\/\",\"name\":\"\\u200bMovimento \\u00e0 Bateria BOSCH: Chega de fios!\"}}]},{\"@type\":\"Article\",\"@id\":\"https:\/\/www.ferpam.com.br\/blog\/movimento-a-bateria-bosch-chega-de-fios\/#article\",\"isPartOf\":{\"@id\":\"https:\/\/www.ferpam.com.br\/blog\/movimento-a-bateria-bosch-chega-de-fios\/#webpage\"},\"author\":{\"@id\":\"https:\/\/www.ferpam.com.br\/blog\/#\/schema\/person\/17c24d0d22dd830e306685f9b94ec5e7\"},\"headline\":\"\\u200bMovimento \\u00e0 Bateria BOSCH: Chega de fios!\",\"datePublished\":\"2020-10-12T19:32:48+00:00\",\"dateModified\":\"2021-02-16T20:17:13+00:00\",\"mainEntityOfPage\":{\"@id\":\"https:\/\/www.ferpam.com.br\/blog\/movimento-a-bateria-bosch-chega-de-fios\/#webpage\"},\"commentCount\":0,\"publisher\":{\"@id\":\"https:\/\/www.ferpam.com.br\/blog\/#organization\"},\"image\":{\"@id\":\"https:\/\/www.ferpam.com.br\/blog\/movimento-a-bateria-bosch-chega-de-fios\/#primaryimage\"},\"keywords\":\"Bosch,boschabateria,dicadeferramenta,ferramentasabateria,linhaabateriabosch,movimentoabateria\",\"articleSection\":\"Curiosidades\",\"inLanguage\":\"pt-BR\",\"potentialAction\":[{\"@type\":\"CommentAction\",\"name\":\"Comment\",\"target\":[\"https:\/\/www.ferpam.com.br\/blog\/movimento-a-bateria-bosch-chega-de-fios\/#respond\"]}]},{\"@type\":\"Person\",\"@id\":\"https:\/\/www.ferpam.com.br\/blog\/#\/schema\/person\/17c24d0d22dd830e306685f9b94ec5e7\",\"name\":\"Ferpam Blog\",\"image\":{\"@type\":\"ImageObject\",\"@id\":\"https:\/\/www.ferpam.com.br\/blog\/#personlogo\",\"inLanguage\":\"pt-BR\",\"url\":\"https:\/\/secure.gravatar.com\/avatar\/cabb3a541ec0d8bedb85a519259a466229f358a62b34ef4b29cb8d6884944a6c?s=96&d=mm&r=g\",\"caption\":\"Ferpam Blog\"},\"sameAs\":[\"http:\/\/www.ferpam.com.br\"]}]}<\/script>\n<!-- \/ Yoast SEO plugin. -->","_links":{"self":[{"href":"https:\/\/www.ferpam.com.br\/blog\/wp-json\/wp\/v2\/posts\/1183","targetHints":{"allow":["GET"]}}],"collection":[{"href":"https:\/\/www.ferpam.com.br\/blog\/wp-json\/wp\/v2\/posts"}],"about":[{"href":"https:\/\/www.ferpam.com.br\/blog\/wp-json\/wp\/v2\/types\/post"}],"author":[{"embeddable":true,"href":"https:\/\/www.ferpam.com.br\/blog\/wp-json\/wp\/v2\/users\/4"}],"replies":[{"embeddable":true,"href":"https:\/\/www.ferpam.com.br\/blog\/wp-json\/wp\/v2\/comments?post=1183"}],"version-history":[{"count":2,"href":"https:\/\/www.ferpam.com.br\/blog\/wp-json\/wp\/v2\/posts\/1183\/revisions"}],"predecessor-version":[{"id":1219,"href":"https:\/\/www.ferpam.com.br\/blog\/wp-json\/wp\/v2\/posts\/1183\/revisions\/1219"}],"wp:featuredmedia":[{"embeddable":true,"href":"https:\/\/www.ferpam.com.br\/blog\/wp-json\/wp\/v2\/media\/1184"}],"wp:attachment":[{"href":"https:\/\/www.ferpam.com.br\/blog\/wp-json\/wp\/v2\/media?parent=1183"}],"wp:term":[{"taxonomy":"category","embeddable":true,"href":"https:\/\/www.ferpam.com.br\/blog\/wp-json\/wp\/v2\/categories?post=1183"},{"taxonomy":"post_tag","embeddable":true,"href":"https:\/\/www.ferpam.com.br\/blog\/wp-json\/wp\/v2\/tags?post=1183"}],"curies":[{"name":"wp","href":"https:\/\/api.w.org\/{rel}","templated":true}]}}