{"id":1211,"date":"2020-10-07T20:08:06","date_gmt":"2020-10-07T20:08:06","guid":{"rendered":"https:\/\/ferpam.widehomolog.biz\/blog\/?p=1211"},"modified":"2021-02-16T20:47:34","modified_gmt":"2021-02-16T20:47:34","slug":"outubro-rosa-prevencao-e-cuidado","status":"publish","type":"post","link":"https:\/\/www.ferpam.com.br\/blog\/outubro-rosa-prevencao-e-cuidado\/","title":{"rendered":"\u200bOutubro Rosa: Preven\u00e7\u00e3o \u00e9 cuidado"},"content":{"rendered":"<h3>Este m\u00eas precisamos incentivar a preven\u00e7\u00e3o!<\/h3>\n<p style=\"font-weight: 300;\"><span data-verified=\"redactor\" data-redactor-tag=\"span\">S\u00f3 quem j\u00e1 passou por um C\u00e2ncer de Mama, conhece o quanto o processo de detec\u00e7\u00e3o pr\u00e9via da doen\u00e7a pode ser crucial no momento do tratamento e melhora as chances de cura.<\/span><\/p>\n<h3>Voc\u00ea sabia que tanto Homens, quanto mulheres podem ter c\u00e2ncer de mama?<\/h3>\n<p style=\"font-weight: 300;\"><span data-verified=\"redactor\" data-redactor-tag=\"span\">Isso mesmo, ambos os sexos podem apresentar o c\u00e2ncer de mama.\u00a0<\/span><span data-verified=\"redactor\" data-redactor-tag=\"span\">No entanto no mundo, os \u00edndices deste c\u00e2ncer s\u00e3o comprovadamente mais recorrentes pessoas do sexo feminino acima de 35 anos.<\/span><\/p>\n<p style=\"font-weight: 300;\"><span data-verified=\"redactor\" data-redactor-tag=\"span\">Ao mesmo tempo, em m\u00e9dia 1% dos casos ocorrem em homens, s\u00f3 que eles n\u00e3o costumam detectar com facilidade por fata de orienta\u00e7\u00e3o. Por isso, se voc\u00ea \u00e9 homem, deixamos este alerta! Se observe, se avalie e compartilhe este blog de cuidados com as mulheres que voc\u00ea convive.<\/span><\/p>\n<h3>O que \u00e9 o Outubro Rosa?<\/h3>\n<p style=\"font-weight: 300;\"><span data-verified=\"redactor\" data-redactor-tag=\"span\">O Outubro Rosa \u00e9 uma iniciativa, criada h\u00e1 23 anos, como um alerta \u00e0 mulheres. O principal objetivo das a\u00e7\u00f5es deste m\u00eas s\u00e3o especialmente: evidenciar a import\u00e2ncia do autoexame e incentivar a preven\u00e7\u00e3o.<\/span><\/p>\n<p style=\"font-weight: 300;\"><span data-verified=\"redactor\" data-redactor-tag=\"span\">A\u00a0<\/span><span data-verified=\"redactor\" data-redactor-tag=\"span\">preven\u00e7\u00e3o \u00e9 para todos n\u00f3s, homens ou mulheres!\u00a0<\/span>Tem a ver com cuidados com a sa\u00fade. Alimenta\u00e7\u00e3o mais saud\u00e1vel, com menos carne vermelha, pr\u00e1tica de exerc\u00edcio regularmente, ter uma mente tranquila e livre do estresse, beber bastante \u00e1gua e sorrir bastante. Isso \u00e9 o que todos podemos fazer como forma de preven\u00e7\u00e3o para qualquer c\u00e2ncer.<\/p>\n<h3>O poder do Autoexame e sua import\u00e2ncia:<\/h3>\n<p style=\"font-weight: 300;\">O grande poder de fazer o autoexame constantemente \u00e9 a detec\u00e7\u00e3o pr\u00e9via de anomalias que podem se tornar c\u00e2ncer. \u00c9 uma constante observa\u00e7\u00e3o do nosso corpo, visando avaliar sintomas aparentes e n\u00e3o aparentes (caso dos n\u00f3dulos).<\/p>\n<p style=\"font-weight: 300;\">A import\u00e2ncia do autoexame \u00e9 um fator crucial! A descoberta de um C\u00e2ncer de Mama em fase inicial promove um grande aumento das chances de cura de homens e mulheres. Os tratamentos na fase inicial da doen\u00e7a respondem muito melhor.<\/p>\n<p style=\"font-weight: 300;\">De acordo com um estudo realizado pelo Hospital do C\u00e2ncer de Barretos (SP), a taxa de mortalidade para mulheres diagnosticadas com a doen\u00e7a caiu 42,85% gra\u00e7as a detec\u00e7\u00e3o pr\u00e9via no princ\u00edpio da doen\u00e7a. Este dado nos traz esperan\u00e7as de quem muitas e muitas vidas s\u00e3o salvas todos os anos por causa da divulga\u00e7\u00e3o do autoexame.<\/p>\n<h3>Quando fazer o autoexame?<\/h3>\n<p style=\"font-weight: 300;\">Para mulheres, o autoexame deve ser feito uma vez ao m\u00eas, de 5 a 7 dias depois da menstrua\u00e7\u00e3o.<\/p>\n<p style=\"font-weight: 300;\">Para os homens, ou quem n\u00e3o menstrua mais, um dia fixo no m\u00eas j\u00e1 basta<\/p>\n<p style=\"font-weight: 300;\">.<\/p>\n<h3>O que devo procurar durante um autoexame? Veja abaixo!<\/h3>\n<p style=\"font-weight: 300;\">N\u00f3dulos, caro\u00e7os, manchas, incha\u00e7o, bico invertido\/desfigurado, secre\u00e7\u00e3o indevida saindo do mamilo ou at\u00e9 mesmo altera\u00e7\u00f5es na pele do peito como vermelhid\u00e3o, descama\u00e7\u00e3o e aspecto de casca de laranja.<\/p>\n<p style=\"font-weight: 300;\">Agora que voc\u00ea aprendeu que todos estamos sujeitos a ter o C\u00e2ncer de mama, e que homens e mulheres devem estar juntos na preven\u00e7\u00e3o, na divulga\u00e7\u00e3o e na pr\u00e1tica do autoexame, podemos pedir um grande favor.<\/p>\n<p style=\"font-weight: 300;\">N\u00e3o ignore os sinais! Se detectar qualquer altera\u00e7\u00e3o na sua mama, procure um m\u00e9dico para uma avalia\u00e7\u00e3o imediatamente. Vamos juntos nos cuidar e elevar a taxa de cura deste c\u00e2ncer!<\/p>\n","protected":false},"excerpt":{"rendered":"<p>Este m\u00eas precisamos incentivar a preven\u00e7\u00e3o! S\u00f3 quem j\u00e1 passou por um C\u00e2ncer de Mama, conhece o quanto o processo de detec\u00e7\u00e3o pr\u00e9via da doen\u00e7a pode ser crucial no momento do tratamento e melhora as chances de cura. Voc\u00ea sabia que tanto Homens, quanto mulheres podem ter c\u00e2ncer de mama? Isso mesmo, ambos os sexos &hellip;<\/p>\n","protected":false},"author":4,"featured_media":1212,"comment_status":"open","ping_status":"open","sticky":false,"template":"","format":"standard","meta":{"footnotes":""},"categories":[26],"tags":[135,601,136],"class_list":["post-1211","post","type-post","status-publish","format-standard","has-post-thumbnail","hentry","category-noticias-ferpam","tag-homemeocancerdemama","tag-outubro-rosa","tag-prevencaodocancerdemama"],"yoast_head":"<!-- This site is optimized with the Yoast SEO plugin v15.8 - https:\/\/yoast.com\/wordpress\/plugins\/seo\/ -->\n<title>\u200bOutubro Rosa: Preven\u00e7\u00e3o \u00e9 cuidado - Blog Ferpam<\/title>\n<meta name=\"robots\" content=\"index, follow, max-snippet:-1, max-image-preview:large, max-video-preview:-1\" \/>\n<link rel=\"canonical\" href=\"https:\/\/www.ferpam.com.br\/blog\/outubro-rosa-prevencao-e-cuidado\/\" \/>\n<meta property=\"og:locale\" content=\"pt_BR\" \/>\n<meta property=\"og:type\" content=\"article\" \/>\n<meta property=\"og:title\" content=\"\u200bOutubro Rosa: Preven\u00e7\u00e3o \u00e9 cuidado - Blog Ferpam\" \/>\n<meta property=\"og:description\" content=\"Este m\u00eas precisamos incentivar a preven\u00e7\u00e3o! S\u00f3 quem j\u00e1 passou por um C\u00e2ncer de Mama, conhece o quanto o processo de detec\u00e7\u00e3o pr\u00e9via da doen\u00e7a pode ser crucial no momento do tratamento e melhora as chances de cura. Voc\u00ea sabia que tanto Homens, quanto mulheres podem ter c\u00e2ncer de mama? Isso mesmo, ambos os sexos &hellip;\" \/>\n<meta property=\"og:url\" content=\"https:\/\/www.ferpam.com.br\/blog\/outubro-rosa-prevencao-e-cuidado\/\" \/>\n<meta property=\"og:site_name\" content=\"Blog Ferpam\" \/>\n<meta property=\"article:published_time\" content=\"2020-10-07T20:08:06+00:00\" \/>\n<meta property=\"article:modified_time\" content=\"2021-02-16T20:47:34+00:00\" \/>\n<meta property=\"og:image\" content=\"https:\/\/www.ferpam.com.br\/blog\/wp-content\/uploads\/2021\/02\/e9bc6deb4bbffdc77324adb628188a611.png\" \/>\n\t<meta property=\"og:image:width\" content=\"968\" \/>\n\t<meta property=\"og:image:height\" content=\"584\" \/>\n<meta name=\"twitter:card\" content=\"summary_large_image\" \/>\n<meta name=\"twitter:label1\" content=\"Est. reading time\">\n\t<meta name=\"twitter:data1\" content=\"3 minutos\">\n<script type=\"application\/ld+json\" class=\"yoast-schema-graph\">{\"@context\":\"https:\/\/schema.org\",\"@graph\":[{\"@type\":\"Organization\",\"@id\":\"https:\/\/www.ferpam.com.br\/blog\/#organization\",\"name\":\"Ferpam\",\"url\":\"https:\/\/www.ferpam.com.br\/blog\/\",\"sameAs\":[],\"logo\":{\"@type\":\"ImageObject\",\"@id\":\"https:\/\/www.ferpam.com.br\/blog\/#logo\",\"inLanguage\":\"pt-BR\",\"url\":\"https:\/\/www.ferpam.com.br\/blog\/wp-content\/uploads\/2021\/02\/logo-1.png\",\"width\":254,\"height\":89,\"caption\":\"Ferpam\"},\"image\":{\"@id\":\"https:\/\/www.ferpam.com.br\/blog\/#logo\"}},{\"@type\":\"WebSite\",\"@id\":\"https:\/\/www.ferpam.com.br\/blog\/#website\",\"url\":\"https:\/\/www.ferpam.com.br\/blog\/\",\"name\":\"Blog Ferpam\",\"description\":\"Not\\u00edcias da Ferpam\",\"publisher\":{\"@id\":\"https:\/\/www.ferpam.com.br\/blog\/#organization\"},\"potentialAction\":[{\"@type\":\"SearchAction\",\"target\":\"https:\/\/www.ferpam.com.br\/blog\/?s={search_term_string}\",\"query-input\":\"required name=search_term_string\"}],\"inLanguage\":\"pt-BR\"},{\"@type\":\"ImageObject\",\"@id\":\"https:\/\/www.ferpam.com.br\/blog\/outubro-rosa-prevencao-e-cuidado\/#primaryimage\",\"inLanguage\":\"pt-BR\",\"url\":\"https:\/\/www.ferpam.com.br\/blog\/wp-content\/uploads\/2021\/02\/e9bc6deb4bbffdc77324adb628188a611.png\",\"width\":968,\"height\":584},{\"@type\":\"WebPage\",\"@id\":\"https:\/\/www.ferpam.com.br\/blog\/outubro-rosa-prevencao-e-cuidado\/#webpage\",\"url\":\"https:\/\/www.ferpam.com.br\/blog\/outubro-rosa-prevencao-e-cuidado\/\",\"name\":\"\\u200bOutubro Rosa: Preven\\u00e7\\u00e3o \\u00e9 cuidado - Blog Ferpam\",\"isPartOf\":{\"@id\":\"https:\/\/www.ferpam.com.br\/blog\/#website\"},\"primaryImageOfPage\":{\"@id\":\"https:\/\/www.ferpam.com.br\/blog\/outubro-rosa-prevencao-e-cuidado\/#primaryimage\"},\"datePublished\":\"2020-10-07T20:08:06+00:00\",\"dateModified\":\"2021-02-16T20:47:34+00:00\",\"breadcrumb\":{\"@id\":\"https:\/\/www.ferpam.com.br\/blog\/outubro-rosa-prevencao-e-cuidado\/#breadcrumb\"},\"inLanguage\":\"pt-BR\",\"potentialAction\":[{\"@type\":\"ReadAction\",\"target\":[\"https:\/\/www.ferpam.com.br\/blog\/outubro-rosa-prevencao-e-cuidado\/\"]}]},{\"@type\":\"BreadcrumbList\",\"@id\":\"https:\/\/www.ferpam.com.br\/blog\/outubro-rosa-prevencao-e-cuidado\/#breadcrumb\",\"itemListElement\":[{\"@type\":\"ListItem\",\"position\":1,\"item\":{\"@type\":\"WebPage\",\"@id\":\"https:\/\/www.ferpam.com.br\/blog\/\",\"url\":\"https:\/\/www.ferpam.com.br\/blog\/\",\"name\":\"In\\u00edcio\"}},{\"@type\":\"ListItem\",\"position\":2,\"item\":{\"@type\":\"WebPage\",\"@id\":\"https:\/\/www.ferpam.com.br\/blog\/outubro-rosa-prevencao-e-cuidado\/\",\"url\":\"https:\/\/www.ferpam.com.br\/blog\/outubro-rosa-prevencao-e-cuidado\/\",\"name\":\"\\u200bOutubro Rosa: Preven\\u00e7\\u00e3o \\u00e9 cuidado\"}}]},{\"@type\":\"Article\",\"@id\":\"https:\/\/www.ferpam.com.br\/blog\/outubro-rosa-prevencao-e-cuidado\/#article\",\"isPartOf\":{\"@id\":\"https:\/\/www.ferpam.com.br\/blog\/outubro-rosa-prevencao-e-cuidado\/#webpage\"},\"author\":{\"@id\":\"https:\/\/www.ferpam.com.br\/blog\/#\/schema\/person\/17c24d0d22dd830e306685f9b94ec5e7\"},\"headline\":\"\\u200bOutubro Rosa: Preven\\u00e7\\u00e3o \\u00e9 cuidado\",\"datePublished\":\"2020-10-07T20:08:06+00:00\",\"dateModified\":\"2021-02-16T20:47:34+00:00\",\"mainEntityOfPage\":{\"@id\":\"https:\/\/www.ferpam.com.br\/blog\/outubro-rosa-prevencao-e-cuidado\/#webpage\"},\"commentCount\":0,\"publisher\":{\"@id\":\"https:\/\/www.ferpam.com.br\/blog\/#organization\"},\"image\":{\"@id\":\"https:\/\/www.ferpam.com.br\/blog\/outubro-rosa-prevencao-e-cuidado\/#primaryimage\"},\"keywords\":\"homemeocancerdemama,outubro rosa,prevencaodocancerdemama\",\"articleSection\":\"Not\\u00edcias Ferpam\",\"inLanguage\":\"pt-BR\",\"potentialAction\":[{\"@type\":\"CommentAction\",\"name\":\"Comment\",\"target\":[\"https:\/\/www.ferpam.com.br\/blog\/outubro-rosa-prevencao-e-cuidado\/#respond\"]}]},{\"@type\":\"Person\",\"@id\":\"https:\/\/www.ferpam.com.br\/blog\/#\/schema\/person\/17c24d0d22dd830e306685f9b94ec5e7\",\"name\":\"Ferpam Blog\",\"image\":{\"@type\":\"ImageObject\",\"@id\":\"https:\/\/www.ferpam.com.br\/blog\/#personlogo\",\"inLanguage\":\"pt-BR\",\"url\":\"https:\/\/secure.gravatar.com\/avatar\/cabb3a541ec0d8bedb85a519259a466229f358a62b34ef4b29cb8d6884944a6c?s=96&d=mm&r=g\",\"caption\":\"Ferpam Blog\"},\"sameAs\":[\"http:\/\/www.ferpam.com.br\"]}]}<\/script>\n<!-- \/ Yoast SEO plugin. -->","_links":{"self":[{"href":"https:\/\/www.ferpam.com.br\/blog\/wp-json\/wp\/v2\/posts\/1211","targetHints":{"allow":["GET"]}}],"collection":[{"href":"https:\/\/www.ferpam.com.br\/blog\/wp-json\/wp\/v2\/posts"}],"about":[{"href":"https:\/\/www.ferpam.com.br\/blog\/wp-json\/wp\/v2\/types\/post"}],"author":[{"embeddable":true,"href":"https:\/\/www.ferpam.com.br\/blog\/wp-json\/wp\/v2\/users\/4"}],"replies":[{"embeddable":true,"href":"https:\/\/www.ferpam.com.br\/blog\/wp-json\/wp\/v2\/comments?post=1211"}],"version-history":[{"count":1,"href":"https:\/\/www.ferpam.com.br\/blog\/wp-json\/wp\/v2\/posts\/1211\/revisions"}],"predecessor-version":[{"id":1213,"href":"https:\/\/www.ferpam.com.br\/blog\/wp-json\/wp\/v2\/posts\/1211\/revisions\/1213"}],"wp:featuredmedia":[{"embeddable":true,"href":"https:\/\/www.ferpam.com.br\/blog\/wp-json\/wp\/v2\/media\/1212"}],"wp:attachment":[{"href":"https:\/\/www.ferpam.com.br\/blog\/wp-json\/wp\/v2\/media?parent=1211"}],"wp:term":[{"taxonomy":"category","embeddable":true,"href":"https:\/\/www.ferpam.com.br\/blog\/wp-json\/wp\/v2\/categories?post=1211"},{"taxonomy":"post_tag","embeddable":true,"href":"https:\/\/www.ferpam.com.br\/blog\/wp-json\/wp\/v2\/tags?post=1211"}],"curies":[{"name":"wp","href":"https:\/\/api.w.org\/{rel}","templated":true}]}}