{"id":1233,"date":"2017-12-21T11:00:04","date_gmt":"2017-12-21T11:00:04","guid":{"rendered":"https:\/\/ferpam.widehomolog.biz\/blog\/?p=1233"},"modified":"2021-02-16T20:56:07","modified_gmt":"2021-02-16T20:56:07","slug":"a-importancia-dos-equipamentos-de-protecao-individual-na-prevencao-de-acidentes","status":"publish","type":"post","link":"https:\/\/www.ferpam.com.br\/blog\/a-importancia-dos-equipamentos-de-protecao-individual-na-prevencao-de-acidentes\/","title":{"rendered":"Equipamentos de prote\u00e7\u00e3o individual na preven\u00e7\u00e3o de acidentes"},"content":{"rendered":"<p>Os Equipamentos de Prote\u00e7\u00e3o Individual (EPIs) s\u00e3o uma diversidade de produtos que visam preservar a sa\u00fade e seguran\u00e7a de pessoas durante a realiza\u00e7\u00e3o de um trabalho, diminuindo assim, o risco de acidente. Por lei eles devem ser utilizados na constru\u00e7\u00e3o civil, assim como nas industrias e empresas, de outros segmentos, para garantir a seguran\u00e7a dos trabalhadores.<\/p>\n<p>O fato \u00e9 que, seja nas empresas ou em servi\u00e7os aut\u00f4nomos os equipamentos de prote\u00e7\u00e3o devem ser usados. N\u00e3o existe uma lista exata do que deve ser usado por um trabalhador, pois cada trabalho exigir\u00e1 um tipo de equipamento espec\u00edfico. Na constru\u00e7\u00e3o civil, por exemplo, os equipamentos b\u00e1sicos dependem da dimens\u00e3o da obra e das orienta\u00e7\u00f5es do T\u00e9cnico ou Engenheiro em Seguran\u00e7a do Trabalho.<\/p>\n<p>Em regra, a empresa dever fornecer um kit de <a href=\"https:\/\/www.ferpam.com.br\/epi-protec-o-individual\" target=\"_blank\" rel=\"noopener\">prote\u00e7\u00e3o individual<\/a> para cada trabalhador, sem custo para o mesmo. Al\u00e9m disso, cada empresa dever\u00e1 treinar seus trabalhadores, sobre a maneira certa de usar os EPIs, pois n\u00e3o basta ter o equipamento, \u00e9 preciso saber a maneira correta de usar.<\/p>\n<h3>Destacaremos aqui os EPI&#8217;s mais comuns:<\/h3>\n<p>1- <a target=\"_blank\" rel=\"noopener\">Capacete:<\/a> Protege a cabe\u00e7a contra impactos, quedas de objetos, fogo e calor.<\/p>\n<p>2- <a href=\"https:\/\/www.ferpam.com.br\/epi-protec-o-individual\/protec-o-auditiva\" target=\"_blank\" rel=\"noopener\">Protetores auditivos:<\/a> Protetores auriculares usados por quem trabalha sob ru\u00eddos intensos, evita les\u00f5es no ouvido.<\/p>\n<p>3- <a href=\"https:\/\/www.ferpam.com.br\/epi-protec-o-individual\/mascaras\" target=\"_blank\" rel=\"noopener\">M\u00e1scaras<\/a>: Protetores para a face, pois preservam o rosto e olhos. S\u00e3o usados para proteger o trabalhador de um contato direto com produtos qu\u00edmicos e soldas, por exemplo.<\/p>\n<p>4- <a href=\"https:\/\/www.ferpam.com.br\/epi-protec-o-individual\/oculos\" target=\"_blank\" rel=\"noopener\">\u00d3culos:<\/a> prote\u00e7\u00e3o espec\u00edfica para os olhos, evita les\u00f5es oculares em trabalhos que exijam.<\/p>\n<p>5- <a href=\"https:\/\/www.ferpam.com.br\/epi-protec-o-individual\/calcados\" target=\"_blank\" rel=\"noopener\">Botas ou botinas<\/a>: visam proteger os p\u00e9s do contato direto com l\u00edquido ou umidade, contra choque e queda de objetos pesados, produtos qu\u00edmicos e objetos cortantes.<\/p>\n<p>6- <a href=\"https:\/\/www.ferpam.com.br\/epi-protec-o-individual\/luvas\" target=\"_blank\" rel=\"noopener\">Luvas:<\/a> item indispens\u00e1vel, existe em v\u00e1rios tipos e modelos, recomendados para fun\u00e7\u00f5es variadas. Cada trabalho exige uma luva diferente, mas todos visam proteger as m\u00e3os e bra\u00e7os de objetos perfurantes, de produtos qu\u00edmicos, de choque el\u00e9trico ou calor.<\/p>\n<p>7- <a href=\"https:\/\/www.ferpam.com.br\/epi-protec-o-individual\/trabalho-em-altura\" target=\"_blank\" rel=\"noopener\">Cordas linha de vida:<\/a> Pra prote\u00e7\u00e3o em altura, evita que trabalhadores caiam de alturas grandes, ao trabalhar por exemplo em pr\u00e9dios e obras de edif\u00edcios.<\/p>\n<p>A ideia de apresentara esses materiais \u00e9 garantir ao trabalhador condi\u00e7\u00f5es mais seguras. Por isso, na hora de montar seu kit de prote\u00e7\u00e3o siga as orienta\u00e7\u00f5es de um profissional da seguran\u00e7a do trabalho e fa\u00e7a suas compras nas lojas Ferpam, na certeza de qualidade e durabilidade.<\/p>\n","protected":false},"excerpt":{"rendered":"<p>Os Equipamentos de Prote\u00e7\u00e3o Individual (EPIs) s\u00e3o uma diversidade de produtos que visam preservar a sa\u00fade e seguran\u00e7a de pessoas durante a realiza\u00e7\u00e3o de um trabalho, diminuindo assim, o risco de acidente. Por lei eles devem ser utilizados na constru\u00e7\u00e3o civil, assim como nas industrias e empresas, de outros segmentos, para garantir a seguran\u00e7a dos &hellip;<\/p>\n","protected":false},"author":4,"featured_media":1236,"comment_status":"open","ping_status":"open","sticky":false,"template":"","format":"standard","meta":{"footnotes":""},"categories":[27],"tags":[773,776,778,646,775,777,787,774,780,779],"class_list":["post-1233","post","type-post","status-publish","format-standard","has-post-thumbnail","hentry","category-dicas-de-ferramentas","tag-botas","tag-capacete","tag-epi","tag-https-www-ferpam-com-br","tag-luva","tag-mascara","tag-obra","tag-oculos","tag-seguranca","tag-trabalho"],"yoast_head":"<!-- This site is optimized with the Yoast SEO plugin v15.8 - https:\/\/yoast.com\/wordpress\/plugins\/seo\/ -->\n<title>Equipamentos de prote\u00e7\u00e3o individual na preven\u00e7\u00e3o de acidentes - Blog Ferpam<\/title>\n<meta name=\"robots\" content=\"index, follow, max-snippet:-1, max-image-preview:large, max-video-preview:-1\" \/>\n<link rel=\"canonical\" href=\"https:\/\/www.ferpam.com.br\/blog\/a-importancia-dos-equipamentos-de-protecao-individual-na-prevencao-de-acidentes\/\" \/>\n<meta property=\"og:locale\" content=\"pt_BR\" \/>\n<meta property=\"og:type\" content=\"article\" \/>\n<meta property=\"og:title\" content=\"Equipamentos de prote\u00e7\u00e3o individual na preven\u00e7\u00e3o de acidentes - Blog Ferpam\" \/>\n<meta property=\"og:description\" content=\"Os Equipamentos de Prote\u00e7\u00e3o Individual (EPIs) s\u00e3o uma diversidade de produtos que visam preservar a sa\u00fade e seguran\u00e7a de pessoas durante a realiza\u00e7\u00e3o de um trabalho, diminuindo assim, o risco de acidente. Por lei eles devem ser utilizados na constru\u00e7\u00e3o civil, assim como nas industrias e empresas, de outros segmentos, para garantir a seguran\u00e7a dos &hellip;\" \/>\n<meta property=\"og:url\" content=\"https:\/\/www.ferpam.com.br\/blog\/a-importancia-dos-equipamentos-de-protecao-individual-na-prevencao-de-acidentes\/\" \/>\n<meta property=\"og:site_name\" content=\"Blog Ferpam\" \/>\n<meta property=\"article:published_time\" content=\"2017-12-21T11:00:04+00:00\" \/>\n<meta property=\"article:modified_time\" content=\"2021-02-16T20:56:07+00:00\" \/>\n<meta property=\"og:image\" content=\"https:\/\/www.ferpam.com.br\/blog\/wp-content\/uploads\/2021\/02\/ee25b10eee7715d374eac4da605043f21.jpg\" \/>\n\t<meta property=\"og:image:width\" content=\"962\" \/>\n\t<meta property=\"og:image:height\" content=\"582\" \/>\n<meta name=\"twitter:card\" content=\"summary_large_image\" \/>\n<meta name=\"twitter:label1\" content=\"Est. reading time\">\n\t<meta name=\"twitter:data1\" content=\"2 minutos\">\n<script type=\"application\/ld+json\" class=\"yoast-schema-graph\">{\"@context\":\"https:\/\/schema.org\",\"@graph\":[{\"@type\":\"Organization\",\"@id\":\"https:\/\/www.ferpam.com.br\/blog\/#organization\",\"name\":\"Ferpam\",\"url\":\"https:\/\/www.ferpam.com.br\/blog\/\",\"sameAs\":[],\"logo\":{\"@type\":\"ImageObject\",\"@id\":\"https:\/\/www.ferpam.com.br\/blog\/#logo\",\"inLanguage\":\"pt-BR\",\"url\":\"https:\/\/www.ferpam.com.br\/blog\/wp-content\/uploads\/2021\/02\/logo-1.png\",\"width\":254,\"height\":89,\"caption\":\"Ferpam\"},\"image\":{\"@id\":\"https:\/\/www.ferpam.com.br\/blog\/#logo\"}},{\"@type\":\"WebSite\",\"@id\":\"https:\/\/www.ferpam.com.br\/blog\/#website\",\"url\":\"https:\/\/www.ferpam.com.br\/blog\/\",\"name\":\"Blog Ferpam\",\"description\":\"Not\\u00edcias da Ferpam\",\"publisher\":{\"@id\":\"https:\/\/www.ferpam.com.br\/blog\/#organization\"},\"potentialAction\":[{\"@type\":\"SearchAction\",\"target\":\"https:\/\/www.ferpam.com.br\/blog\/?s={search_term_string}\",\"query-input\":\"required name=search_term_string\"}],\"inLanguage\":\"pt-BR\"},{\"@type\":\"ImageObject\",\"@id\":\"https:\/\/www.ferpam.com.br\/blog\/a-importancia-dos-equipamentos-de-protecao-individual-na-prevencao-de-acidentes\/#primaryimage\",\"inLanguage\":\"pt-BR\",\"url\":\"https:\/\/www.ferpam.com.br\/blog\/wp-content\/uploads\/2021\/02\/ee25b10eee7715d374eac4da605043f21.jpg\",\"width\":962,\"height\":582},{\"@type\":\"WebPage\",\"@id\":\"https:\/\/www.ferpam.com.br\/blog\/a-importancia-dos-equipamentos-de-protecao-individual-na-prevencao-de-acidentes\/#webpage\",\"url\":\"https:\/\/www.ferpam.com.br\/blog\/a-importancia-dos-equipamentos-de-protecao-individual-na-prevencao-de-acidentes\/\",\"name\":\"Equipamentos de prote\\u00e7\\u00e3o individual na preven\\u00e7\\u00e3o de acidentes - Blog Ferpam\",\"isPartOf\":{\"@id\":\"https:\/\/www.ferpam.com.br\/blog\/#website\"},\"primaryImageOfPage\":{\"@id\":\"https:\/\/www.ferpam.com.br\/blog\/a-importancia-dos-equipamentos-de-protecao-individual-na-prevencao-de-acidentes\/#primaryimage\"},\"datePublished\":\"2017-12-21T11:00:04+00:00\",\"dateModified\":\"2021-02-16T20:56:07+00:00\",\"breadcrumb\":{\"@id\":\"https:\/\/www.ferpam.com.br\/blog\/a-importancia-dos-equipamentos-de-protecao-individual-na-prevencao-de-acidentes\/#breadcrumb\"},\"inLanguage\":\"pt-BR\",\"potentialAction\":[{\"@type\":\"ReadAction\",\"target\":[\"https:\/\/www.ferpam.com.br\/blog\/a-importancia-dos-equipamentos-de-protecao-individual-na-prevencao-de-acidentes\/\"]}]},{\"@type\":\"BreadcrumbList\",\"@id\":\"https:\/\/www.ferpam.com.br\/blog\/a-importancia-dos-equipamentos-de-protecao-individual-na-prevencao-de-acidentes\/#breadcrumb\",\"itemListElement\":[{\"@type\":\"ListItem\",\"position\":1,\"item\":{\"@type\":\"WebPage\",\"@id\":\"https:\/\/www.ferpam.com.br\/blog\/\",\"url\":\"https:\/\/www.ferpam.com.br\/blog\/\",\"name\":\"In\\u00edcio\"}},{\"@type\":\"ListItem\",\"position\":2,\"item\":{\"@type\":\"WebPage\",\"@id\":\"https:\/\/www.ferpam.com.br\/blog\/a-importancia-dos-equipamentos-de-protecao-individual-na-prevencao-de-acidentes\/\",\"url\":\"https:\/\/www.ferpam.com.br\/blog\/a-importancia-dos-equipamentos-de-protecao-individual-na-prevencao-de-acidentes\/\",\"name\":\"Equipamentos de prote\\u00e7\\u00e3o individual na preven\\u00e7\\u00e3o de acidentes\"}}]},{\"@type\":\"Article\",\"@id\":\"https:\/\/www.ferpam.com.br\/blog\/a-importancia-dos-equipamentos-de-protecao-individual-na-prevencao-de-acidentes\/#article\",\"isPartOf\":{\"@id\":\"https:\/\/www.ferpam.com.br\/blog\/a-importancia-dos-equipamentos-de-protecao-individual-na-prevencao-de-acidentes\/#webpage\"},\"author\":{\"@id\":\"https:\/\/www.ferpam.com.br\/blog\/#\/schema\/person\/17c24d0d22dd830e306685f9b94ec5e7\"},\"headline\":\"Equipamentos de prote\\u00e7\\u00e3o individual na preven\\u00e7\\u00e3o de acidentes\",\"datePublished\":\"2017-12-21T11:00:04+00:00\",\"dateModified\":\"2021-02-16T20:56:07+00:00\",\"mainEntityOfPage\":{\"@id\":\"https:\/\/www.ferpam.com.br\/blog\/a-importancia-dos-equipamentos-de-protecao-individual-na-prevencao-de-acidentes\/#webpage\"},\"commentCount\":0,\"publisher\":{\"@id\":\"https:\/\/www.ferpam.com.br\/blog\/#organization\"},\"image\":{\"@id\":\"https:\/\/www.ferpam.com.br\/blog\/a-importancia-dos-equipamentos-de-protecao-individual-na-prevencao-de-acidentes\/#primaryimage\"},\"keywords\":\"botas,capacete,epi,Ferpam,luva,mascara,obra,oculos,seguran\\u00e7a,trabalho\",\"articleSection\":\"Dicas de ferramentas\",\"inLanguage\":\"pt-BR\",\"potentialAction\":[{\"@type\":\"CommentAction\",\"name\":\"Comment\",\"target\":[\"https:\/\/www.ferpam.com.br\/blog\/a-importancia-dos-equipamentos-de-protecao-individual-na-prevencao-de-acidentes\/#respond\"]}]},{\"@type\":\"Person\",\"@id\":\"https:\/\/www.ferpam.com.br\/blog\/#\/schema\/person\/17c24d0d22dd830e306685f9b94ec5e7\",\"name\":\"Ferpam Blog\",\"image\":{\"@type\":\"ImageObject\",\"@id\":\"https:\/\/www.ferpam.com.br\/blog\/#personlogo\",\"inLanguage\":\"pt-BR\",\"url\":\"https:\/\/secure.gravatar.com\/avatar\/cabb3a541ec0d8bedb85a519259a466229f358a62b34ef4b29cb8d6884944a6c?s=96&d=mm&r=g\",\"caption\":\"Ferpam Blog\"},\"sameAs\":[\"http:\/\/www.ferpam.com.br\"]}]}<\/script>\n<!-- \/ Yoast SEO plugin. -->","_links":{"self":[{"href":"https:\/\/www.ferpam.com.br\/blog\/wp-json\/wp\/v2\/posts\/1233","targetHints":{"allow":["GET"]}}],"collection":[{"href":"https:\/\/www.ferpam.com.br\/blog\/wp-json\/wp\/v2\/posts"}],"about":[{"href":"https:\/\/www.ferpam.com.br\/blog\/wp-json\/wp\/v2\/types\/post"}],"author":[{"embeddable":true,"href":"https:\/\/www.ferpam.com.br\/blog\/wp-json\/wp\/v2\/users\/4"}],"replies":[{"embeddable":true,"href":"https:\/\/www.ferpam.com.br\/blog\/wp-json\/wp\/v2\/comments?post=1233"}],"version-history":[{"count":2,"href":"https:\/\/www.ferpam.com.br\/blog\/wp-json\/wp\/v2\/posts\/1233\/revisions"}],"predecessor-version":[{"id":1240,"href":"https:\/\/www.ferpam.com.br\/blog\/wp-json\/wp\/v2\/posts\/1233\/revisions\/1240"}],"wp:featuredmedia":[{"embeddable":true,"href":"https:\/\/www.ferpam.com.br\/blog\/wp-json\/wp\/v2\/media\/1236"}],"wp:attachment":[{"href":"https:\/\/www.ferpam.com.br\/blog\/wp-json\/wp\/v2\/media?parent=1233"}],"wp:term":[{"taxonomy":"category","embeddable":true,"href":"https:\/\/www.ferpam.com.br\/blog\/wp-json\/wp\/v2\/categories?post=1233"},{"taxonomy":"post_tag","embeddable":true,"href":"https:\/\/www.ferpam.com.br\/blog\/wp-json\/wp\/v2\/tags?post=1233"}],"curies":[{"name":"wp","href":"https:\/\/api.w.org\/{rel}","templated":true}]}}