{"id":1261,"date":"2020-11-04T20:37:56","date_gmt":"2020-11-04T20:37:56","guid":{"rendered":"https:\/\/ferpam.widehomolog.biz\/blog\/?p=1261"},"modified":"2021-02-16T20:41:18","modified_gmt":"2021-02-16T20:41:18","slug":"dia-do-inventor-a-invencao-da-furadeira","status":"publish","type":"post","link":"https:\/\/www.ferpam.com.br\/blog\/dia-do-inventor-a-invencao-da-furadeira\/","title":{"rendered":"\u200bDia do Inventor:  a inven\u00e7\u00e3o da furadeira"},"content":{"rendered":"<p style=\"font-weight: 300;\">No dia 04 de novembro se comemora o dia do inventor, e n\u00e3o poder\u00edamos deixar de trazer uma curiosidade relacionada a este dia para voc\u00eas. Por isso, hoje trazemos um pouco sobre uma inven\u00e7\u00e3o muito legal que \u00e9 a furadeira el\u00e9trica port\u00e1til. Quer desvendar esta curiosidade? Ent\u00e3o vem com a gente!<\/p>\n<p style=\"font-weight: 300;\">\u00c9 incr\u00edvel perceber o quanto os inventores fazem parte do no nosso dia a dia, se refletimos bem at\u00e9 mesmo nossa simples colher de sopa \u00e9 uma inven\u00e7\u00e3o muito \u00fatil e tecnol\u00f3gica. Por tanto, \u00e9 bom relembrar o quanto inventar \u00e9 importante.<\/p>\n<p style=\"font-weight: 300;\">N\u00f3s da FERPAM somos uma empresa que trabalha com tecnologia todos os dias, n\u00e3o consideramos que vendemos apenas ferramentas. N\u00f3s possibilitamos o acesso \u00e0s melhores ferramentas tecnol\u00f3gicas da atualidade.<\/p>\n<p style=\"font-weight: 300;\">Arco de pua \u00e9 uma antiga ferramenta manual, utilizada para fazer furos em madeira. \u00c9 a antecessora das atuais furadeiras el\u00e9tricas. Consiste numa arma\u00e7\u00e3o de madeira ou a\u00e7o de formato caracter\u00edstico, com local apropriado para prender a broca (ou pua, do latim puga, haste com ponta agu\u00e7ada).<\/p>\n<p style=\"font-weight: 300;\">A primeira inven\u00e7\u00e3o mais tecnol\u00f3gica no sentido da cria\u00e7\u00e3o de uma furadeira foi o Arco de pua, uma ferramenta antiga, mas utiliz\u00e1vel at\u00e9 os dias de hoje. Sua utiliza\u00e7\u00e3o \u00e9 plenamente manual, onde a for\u00e7a do bra\u00e7o humano girando uma esp\u00e9cie de catraca facilitaria o giro da broca durante os furos. Atualmente ela foi quase totalmente substitu\u00edda pela tecnol\u00f3gica furadeira el\u00e9trica, mas ainda existe, principalmente na zona rural.<\/p>\n<p style=\"font-weight: 300;\">Oficialmente a hist\u00f3ria mostra que a engenharia el\u00e9trica foi uma incr\u00edvel transformadora no ramo industrial. Trazendo inova\u00e7\u00f5es el\u00e9tricas \u00e0s ferramentas antes exclusivamente manuais. E hoje n\u00e3o sabemos mais viver sem a tecnologia da\u00a0<a href=\"https:\/\/www.ferpam.com.br\/martelete-industrial-gbh-2-28-d-bosch-850w.html#&amp;search-term=furadeira\">furadeira manual<\/a>, da furadeira a bateria, da\u00a0<a href=\"https:\/\/www.ferpam.com.br\/martelete-industrial-gbh-2-28-d-bosch-850w.html#&amp;search-term=furadeira%20bancada\">furadeira de bancada\u00a0<\/a>e etc.<\/p>\n<p><img loading=\"lazy\" decoding=\"async\" class=\"alignnone size-medium wp-image-1265\" src=\"https:\/\/ferpam.widehomolog.biz\/blog\/wp-content\/uploads\/2021\/02\/ff74ab0df0a416b0440e3c9420e7ca5f1-300x300.png\" alt=\"\" width=\"300\" height=\"300\" srcset=\"https:\/\/www.ferpam.com.br\/blog\/wp-content\/uploads\/2021\/02\/ff74ab0df0a416b0440e3c9420e7ca5f1-300x300.png 300w, https:\/\/www.ferpam.com.br\/blog\/wp-content\/uploads\/2021\/02\/ff74ab0df0a416b0440e3c9420e7ca5f1-150x150.png 150w, https:\/\/www.ferpam.com.br\/blog\/wp-content\/uploads\/2021\/02\/ff74ab0df0a416b0440e3c9420e7ca5f1-768x768.png 768w, https:\/\/www.ferpam.com.br\/blog\/wp-content\/uploads\/2021\/02\/ff74ab0df0a416b0440e3c9420e7ca5f1.png 800w\" sizes=\"auto, (max-width: 300px) 100vw, 300px\" \/><\/p>\n<p style=\"font-weight: 300;\"><b><strong data-redactor-tag=\"b\">OS INVENTORES ENVOLVIDOS NA INVEN\u00c7\u00c3O E EVOLU\u00c7\u00c3O DA FURADEIRA<\/strong><\/b><\/p>\n<p style=\"font-weight: 300;\">O primeiro Inventor da furadeira que se tem registro no mundo \u00e9 o Engenheiro El\u00e9trico, Arthur James Arnot, que em 20 de agosto de 1889, registrou a cria\u00e7\u00e3o da primeira uma furadeira movida a eletricidade.<\/p>\n<p style=\"font-weight: 300;\">Somente 6 anos depois, em 1894, Wilhelm Emil Fein e Carl Fein, irm\u00e3os, registraram pela primeira vez furadeira el\u00e9trica manual, em Stuttgart, na Alemanha. No entanto, a furadeira dos Fein n\u00e3o se parece em nada com a que tempos hoje em dia.<\/p>\n<p style=\"font-weight: 300;\">Ali\u00e1s, o principio das furadeiras de hoje s\u00f3 foi desenvolvido 23 anos depois, no ano de 1917, na em Baltimore, nos Estados Unidos, Assim, Samuel Duncan Black e Alonzo G. Decker criaram a primeira vers\u00e3o mais parecida com as furadeiras de hoje, por ter um mandril de \u00bc\u201d e um estilo de pistola com gatilho para apertar.<\/p>\n<p style=\"font-weight: 300;\">Desde ent\u00e3o, empresas de tecnologia vem desenvolvendo esta ferramenta de formas variadas. Logo, surgiram diversas marcas de furadeiras el\u00e9tricas, cada vez mais leves, mais port\u00e1teis, mais c\u00f4modas, mais fortes e potentes. A Bosch, por exemplo tamb\u00e9m est\u00e1 dentre as primeiras fabricantes de furadeiras do mundo, iniciando seus primeiros prot\u00f3tipos na d\u00e9cada de 20.<\/p>\n<p><img loading=\"lazy\" decoding=\"async\" class=\"alignnone  wp-image-1268\" src=\"https:\/\/ferpam.widehomolog.biz\/blog\/wp-content\/uploads\/2021\/02\/3e3e8496ecce6fc32673675a3f9ae3491-270x300.jpg\" alt=\"\" width=\"786\" height=\"873\" srcset=\"https:\/\/www.ferpam.com.br\/blog\/wp-content\/uploads\/2021\/02\/3e3e8496ecce6fc32673675a3f9ae3491-270x300.jpg 270w, https:\/\/www.ferpam.com.br\/blog\/wp-content\/uploads\/2021\/02\/3e3e8496ecce6fc32673675a3f9ae3491-922x1024.jpg 922w, https:\/\/www.ferpam.com.br\/blog\/wp-content\/uploads\/2021\/02\/3e3e8496ecce6fc32673675a3f9ae3491-768x853.jpg 768w, https:\/\/www.ferpam.com.br\/blog\/wp-content\/uploads\/2021\/02\/3e3e8496ecce6fc32673675a3f9ae3491.jpg 972w\" sizes=\"auto, (max-width: 786px) 100vw, 786px\" \/><\/p>\n<p style=\"font-weight: 300;\">Todas estas inven\u00e7\u00f5es maravilhosas s\u00f3 foram poss\u00edveis porque antes de tudo, no ano de 1775 James Watt inventou a m\u00e1quina a vapor, a primeira vez em que houve uma subs\u00adtitui\u00e7\u00e3o da for\u00e7a animal e humana para o trabalho e produ\u00e7\u00e3o.<\/p>\n<p style=\"font-weight: 300;\">E antes dele, muitos e muitos inventores incr\u00edveis e inteligentes!<\/p>\n","protected":false},"excerpt":{"rendered":"<p>No dia 04 de novembro se comemora o dia do inventor, e n\u00e3o poder\u00edamos deixar de trazer uma curiosidade relacionada a este dia para voc\u00eas. Por isso, hoje trazemos um pouco sobre uma inven\u00e7\u00e3o muito legal que \u00e9 a furadeira el\u00e9trica port\u00e1til. Quer desvendar esta curiosidade? Ent\u00e3o vem com a gente! \u00c9 incr\u00edvel perceber o &hellip;<\/p>\n","protected":false},"author":4,"featured_media":1263,"comment_status":"open","ping_status":"open","sticky":false,"template":"","format":"standard","meta":{"footnotes":""},"categories":[25],"tags":[112,114,115,113],"class_list":["post-1261","post","type-post","status-publish","format-standard","has-post-thumbnail","hentry","category-curiosidades","tag-ahistoriadafuradeira","tag-ainvencaodafuradeira","tag-diadoinventor","tag-queminventouafuradeira"],"yoast_head":"<!-- This site is optimized with the Yoast SEO plugin v15.8 - https:\/\/yoast.com\/wordpress\/plugins\/seo\/ -->\n<title>\u200bDia do Inventor: a inven\u00e7\u00e3o da furadeira - Blog Ferpam<\/title>\n<meta name=\"robots\" content=\"index, follow, max-snippet:-1, max-image-preview:large, max-video-preview:-1\" \/>\n<link rel=\"canonical\" href=\"https:\/\/www.ferpam.com.br\/blog\/dia-do-inventor-a-invencao-da-furadeira\/\" \/>\n<meta property=\"og:locale\" content=\"pt_BR\" \/>\n<meta property=\"og:type\" content=\"article\" \/>\n<meta property=\"og:title\" content=\"\u200bDia do Inventor: a inven\u00e7\u00e3o da furadeira - Blog Ferpam\" \/>\n<meta property=\"og:description\" content=\"No dia 04 de novembro se comemora o dia do inventor, e n\u00e3o poder\u00edamos deixar de trazer uma curiosidade relacionada a este dia para voc\u00eas. Por isso, hoje trazemos um pouco sobre uma inven\u00e7\u00e3o muito legal que \u00e9 a furadeira el\u00e9trica port\u00e1til. Quer desvendar esta curiosidade? Ent\u00e3o vem com a gente! \u00c9 incr\u00edvel perceber o &hellip;\" \/>\n<meta property=\"og:url\" content=\"https:\/\/www.ferpam.com.br\/blog\/dia-do-inventor-a-invencao-da-furadeira\/\" \/>\n<meta property=\"og:site_name\" content=\"Blog Ferpam\" \/>\n<meta property=\"article:published_time\" content=\"2020-11-04T20:37:56+00:00\" \/>\n<meta property=\"article:modified_time\" content=\"2021-02-16T20:41:18+00:00\" \/>\n<meta property=\"og:image\" content=\"https:\/\/www.ferpam.com.br\/blog\/wp-content\/uploads\/2021\/02\/a65c7742dc33f4b7a6766de2e0d7938d1.png\" \/>\n\t<meta property=\"og:image:width\" content=\"968\" \/>\n\t<meta property=\"og:image:height\" content=\"584\" \/>\n<meta name=\"twitter:card\" content=\"summary_large_image\" \/>\n<meta name=\"twitter:label1\" content=\"Est. reading time\">\n\t<meta name=\"twitter:data1\" content=\"3 minutos\">\n<script type=\"application\/ld+json\" class=\"yoast-schema-graph\">{\"@context\":\"https:\/\/schema.org\",\"@graph\":[{\"@type\":\"Organization\",\"@id\":\"https:\/\/www.ferpam.com.br\/blog\/#organization\",\"name\":\"Ferpam\",\"url\":\"https:\/\/www.ferpam.com.br\/blog\/\",\"sameAs\":[],\"logo\":{\"@type\":\"ImageObject\",\"@id\":\"https:\/\/www.ferpam.com.br\/blog\/#logo\",\"inLanguage\":\"pt-BR\",\"url\":\"https:\/\/www.ferpam.com.br\/blog\/wp-content\/uploads\/2021\/02\/logo-1.png\",\"width\":254,\"height\":89,\"caption\":\"Ferpam\"},\"image\":{\"@id\":\"https:\/\/www.ferpam.com.br\/blog\/#logo\"}},{\"@type\":\"WebSite\",\"@id\":\"https:\/\/www.ferpam.com.br\/blog\/#website\",\"url\":\"https:\/\/www.ferpam.com.br\/blog\/\",\"name\":\"Blog Ferpam\",\"description\":\"Not\\u00edcias da Ferpam\",\"publisher\":{\"@id\":\"https:\/\/www.ferpam.com.br\/blog\/#organization\"},\"potentialAction\":[{\"@type\":\"SearchAction\",\"target\":\"https:\/\/www.ferpam.com.br\/blog\/?s={search_term_string}\",\"query-input\":\"required name=search_term_string\"}],\"inLanguage\":\"pt-BR\"},{\"@type\":\"ImageObject\",\"@id\":\"https:\/\/www.ferpam.com.br\/blog\/dia-do-inventor-a-invencao-da-furadeira\/#primaryimage\",\"inLanguage\":\"pt-BR\",\"url\":\"https:\/\/www.ferpam.com.br\/blog\/wp-content\/uploads\/2021\/02\/a65c7742dc33f4b7a6766de2e0d7938d1.png\",\"width\":968,\"height\":584},{\"@type\":\"WebPage\",\"@id\":\"https:\/\/www.ferpam.com.br\/blog\/dia-do-inventor-a-invencao-da-furadeira\/#webpage\",\"url\":\"https:\/\/www.ferpam.com.br\/blog\/dia-do-inventor-a-invencao-da-furadeira\/\",\"name\":\"\\u200bDia do Inventor: a inven\\u00e7\\u00e3o da furadeira - Blog Ferpam\",\"isPartOf\":{\"@id\":\"https:\/\/www.ferpam.com.br\/blog\/#website\"},\"primaryImageOfPage\":{\"@id\":\"https:\/\/www.ferpam.com.br\/blog\/dia-do-inventor-a-invencao-da-furadeira\/#primaryimage\"},\"datePublished\":\"2020-11-04T20:37:56+00:00\",\"dateModified\":\"2021-02-16T20:41:18+00:00\",\"breadcrumb\":{\"@id\":\"https:\/\/www.ferpam.com.br\/blog\/dia-do-inventor-a-invencao-da-furadeira\/#breadcrumb\"},\"inLanguage\":\"pt-BR\",\"potentialAction\":[{\"@type\":\"ReadAction\",\"target\":[\"https:\/\/www.ferpam.com.br\/blog\/dia-do-inventor-a-invencao-da-furadeira\/\"]}]},{\"@type\":\"BreadcrumbList\",\"@id\":\"https:\/\/www.ferpam.com.br\/blog\/dia-do-inventor-a-invencao-da-furadeira\/#breadcrumb\",\"itemListElement\":[{\"@type\":\"ListItem\",\"position\":1,\"item\":{\"@type\":\"WebPage\",\"@id\":\"https:\/\/www.ferpam.com.br\/blog\/\",\"url\":\"https:\/\/www.ferpam.com.br\/blog\/\",\"name\":\"In\\u00edcio\"}},{\"@type\":\"ListItem\",\"position\":2,\"item\":{\"@type\":\"WebPage\",\"@id\":\"https:\/\/www.ferpam.com.br\/blog\/dia-do-inventor-a-invencao-da-furadeira\/\",\"url\":\"https:\/\/www.ferpam.com.br\/blog\/dia-do-inventor-a-invencao-da-furadeira\/\",\"name\":\"\\u200bDia do Inventor: a inven\\u00e7\\u00e3o da furadeira\"}}]},{\"@type\":\"Article\",\"@id\":\"https:\/\/www.ferpam.com.br\/blog\/dia-do-inventor-a-invencao-da-furadeira\/#article\",\"isPartOf\":{\"@id\":\"https:\/\/www.ferpam.com.br\/blog\/dia-do-inventor-a-invencao-da-furadeira\/#webpage\"},\"author\":{\"@id\":\"https:\/\/www.ferpam.com.br\/blog\/#\/schema\/person\/17c24d0d22dd830e306685f9b94ec5e7\"},\"headline\":\"\\u200bDia do Inventor: a inven\\u00e7\\u00e3o da furadeira\",\"datePublished\":\"2020-11-04T20:37:56+00:00\",\"dateModified\":\"2021-02-16T20:41:18+00:00\",\"mainEntityOfPage\":{\"@id\":\"https:\/\/www.ferpam.com.br\/blog\/dia-do-inventor-a-invencao-da-furadeira\/#webpage\"},\"commentCount\":0,\"publisher\":{\"@id\":\"https:\/\/www.ferpam.com.br\/blog\/#organization\"},\"image\":{\"@id\":\"https:\/\/www.ferpam.com.br\/blog\/dia-do-inventor-a-invencao-da-furadeira\/#primaryimage\"},\"keywords\":\"ahistoriadafuradeira,ainven\\u00e7aodafuradeira,diadoinventor,queminventouafuradeira\",\"articleSection\":\"Curiosidades\",\"inLanguage\":\"pt-BR\",\"potentialAction\":[{\"@type\":\"CommentAction\",\"name\":\"Comment\",\"target\":[\"https:\/\/www.ferpam.com.br\/blog\/dia-do-inventor-a-invencao-da-furadeira\/#respond\"]}]},{\"@type\":\"Person\",\"@id\":\"https:\/\/www.ferpam.com.br\/blog\/#\/schema\/person\/17c24d0d22dd830e306685f9b94ec5e7\",\"name\":\"Ferpam Blog\",\"image\":{\"@type\":\"ImageObject\",\"@id\":\"https:\/\/www.ferpam.com.br\/blog\/#personlogo\",\"inLanguage\":\"pt-BR\",\"url\":\"https:\/\/secure.gravatar.com\/avatar\/cabb3a541ec0d8bedb85a519259a466229f358a62b34ef4b29cb8d6884944a6c?s=96&d=mm&r=g\",\"caption\":\"Ferpam Blog\"},\"sameAs\":[\"http:\/\/www.ferpam.com.br\"]}]}<\/script>\n<!-- \/ Yoast SEO plugin. -->","_links":{"self":[{"href":"https:\/\/www.ferpam.com.br\/blog\/wp-json\/wp\/v2\/posts\/1261","targetHints":{"allow":["GET"]}}],"collection":[{"href":"https:\/\/www.ferpam.com.br\/blog\/wp-json\/wp\/v2\/posts"}],"about":[{"href":"https:\/\/www.ferpam.com.br\/blog\/wp-json\/wp\/v2\/types\/post"}],"author":[{"embeddable":true,"href":"https:\/\/www.ferpam.com.br\/blog\/wp-json\/wp\/v2\/users\/4"}],"replies":[{"embeddable":true,"href":"https:\/\/www.ferpam.com.br\/blog\/wp-json\/wp\/v2\/comments?post=1261"}],"version-history":[{"count":3,"href":"https:\/\/www.ferpam.com.br\/blog\/wp-json\/wp\/v2\/posts\/1261\/revisions"}],"predecessor-version":[{"id":1269,"href":"https:\/\/www.ferpam.com.br\/blog\/wp-json\/wp\/v2\/posts\/1261\/revisions\/1269"}],"wp:featuredmedia":[{"embeddable":true,"href":"https:\/\/www.ferpam.com.br\/blog\/wp-json\/wp\/v2\/media\/1263"}],"wp:attachment":[{"href":"https:\/\/www.ferpam.com.br\/blog\/wp-json\/wp\/v2\/media?parent=1261"}],"wp:term":[{"taxonomy":"category","embeddable":true,"href":"https:\/\/www.ferpam.com.br\/blog\/wp-json\/wp\/v2\/categories?post=1261"},{"taxonomy":"post_tag","embeddable":true,"href":"https:\/\/www.ferpam.com.br\/blog\/wp-json\/wp\/v2\/tags?post=1261"}],"curies":[{"name":"wp","href":"https:\/\/api.w.org\/{rel}","templated":true}]}}