{"id":1282,"date":"2019-01-03T15:16:14","date_gmt":"2019-01-03T15:16:14","guid":{"rendered":"https:\/\/ferpam.widehomolog.biz\/blog\/?p=1282"},"modified":"2021-02-17T11:31:19","modified_gmt":"2021-02-17T11:31:19","slug":"a-cor-do-ano-2019","status":"publish","type":"post","link":"https:\/\/www.ferpam.com.br\/blog\/a-cor-do-ano-2019\/","title":{"rendered":"Cor do ano 2019 e inspira\u00e7\u00f5es de como usar!"},"content":{"rendered":"<p style=\"font-weight: 300;\">Um novo ano cheio de tend\u00eancias, 2019 mal come\u00e7ou e j\u00e1 tem novidades para a \u00e1rea de decora\u00e7\u00e3o, moda, design e vendas. Por isso, a Ferpam decidiu falar da novidade que esquentou os blogs neste come\u00e7o do ano, que foi o lan\u00e7amento da \u201ccor do ano\u201d, divulgada pela Pantone.<\/p>\n<p style=\"font-weight: 300;\">A sua casa tem cor? J\u00e1 abusou? Est\u00e1 querendo renovar? Ent\u00e3o pode come\u00e7ar a planejar uma bela renova\u00e7\u00e3o, afinal as tend\u00eancias de 2019 est\u00e3o cheias de estilo e modernidade.<\/p>\n<p style=\"font-weight: 300;\">A famosa Pantone Color Institute, ag\u00eancia americana de tend\u00eancias em cor, tem o costume de lan\u00e7a a\u00a0<b><strong data-redactor-tag=\"b\">\u201ccor do ano\u201d h\u00e1 20 anos.\u00a0<\/strong><\/b>Tal atitude vem criando sugest\u00f5es positivas para guiar m\u00faltiplos ramos da industrias. Al\u00e9m disso, a cor vem tamb\u00e9m para impactar diretamente profissionais como: estilistas, lojistas de moda, designers de interior e principalmente decoradores.<\/p>\n<p style=\"font-weight: 300;\">E em 2019, a cor escolhida \u00e9 um coral vibrante com o nome\u00a0<b><strong data-redactor-tag=\"b\">\u201cLiving Coral<\/strong><\/b>\u201d. Segundo a ag\u00eancia Pantone, esta cor traz o conceito de acolhimento e conforto. A cor vem do coral marinho, ou seja, da natureza, um ambiente real que vive em constante transforma\u00e7\u00e3o.<\/p>\n<p style=\"font-weight: 300;\">Al\u00e9m disso, a cor \u00e9 considerada um tom soci\u00e1vel e espirituoso e os especialistas da Pantone afirmam que \u201ca natureza envolvente do PANTONE Living Coral 16-1546, nos acolhe e nos encoraja a ter atitudes espont\u00e2neas\u201d.<\/p>\n<h2>5 Aplica\u00e7\u00f5es da cor \u201cLiving Coral\u201d que v\u00e3o ser sucesso em 2019<\/h2>\n<p style=\"font-weight: 300;\">A hora mais esperada chegou e a gente vai dar dicas de como deixar sua casa cheia de estilo, na cor do ano, e isso tudo sem fazer mudan\u00e7as extravagantes. Vem conferir!<\/p>\n<p style=\"font-weight: 300;\"><b><strong data-redactor-tag=\"b\">1- Cortinas<\/strong><\/b><\/p>\n<p style=\"font-weight: 300;\">\u00c9 importante, planejar o uso da cortina, pois ela \u00e9 um item de destaque na sala ou no quarto. Por isso, veja se existe harmonia da cor \u201cLiving Coral 2019\u201d com a sua casa. Esta cor ir\u00e1 combinar com o branco, com madeira r\u00fastica, com o azul e, al\u00e9m do mais, ainda forma uma combina\u00e7\u00e3o delicada com os tons verde \u00e1gua.<b><\/b><\/p>\n<p><img loading=\"lazy\" decoding=\"async\" class=\"alignnone wp-image-1283 size-full\" src=\"https:\/\/ferpam.widehomolog.biz\/blog\/wp-content\/uploads\/2021\/02\/70-1.jpg\" alt=\"\" width=\"965\" height=\"580\" srcset=\"https:\/\/www.ferpam.com.br\/blog\/wp-content\/uploads\/2021\/02\/70-1.jpg 965w, https:\/\/www.ferpam.com.br\/blog\/wp-content\/uploads\/2021\/02\/70-1-300x180.jpg 300w, https:\/\/www.ferpam.com.br\/blog\/wp-content\/uploads\/2021\/02\/70-1-768x462.jpg 768w, https:\/\/www.ferpam.com.br\/blog\/wp-content\/uploads\/2021\/02\/70-1-780x470.jpg 780w\" sizes=\"auto, (max-width: 965px) 100vw, 965px\" \/><\/p>\n<p style=\"font-weight: 300;\"><b><strong data-redactor-tag=\"b\">2-\u00a0<\/strong><\/b><b><strong data-redactor-tag=\"b\">Capas de almofadas<\/strong><\/b><\/p>\n<p style=\"font-weight: 300;\">O sof\u00e1 \u00e9 o rei da sala, chama muita aten\u00e7\u00e3o, mas j\u00e1 que n\u00e3o d\u00e1 para ter um sof\u00e1 na cor \u201cCoral 2019\u201d a gente pode improvisar. Se o sof\u00e1 \u00e9 azul, a combina\u00e7\u00e3o com almofadas coral ser\u00e1 de grande destaque. Se for branco, a sua sala vai ganhar um tom de simplicidade e eleg\u00e2ncia, se for cinza ou preto vai tornar o ambiente chique, se for bege ficar\u00e1 um tom rom\u00e2ntico e fofo. Use abuse de almofadas de diferentes texturas.<b><\/b><\/p>\n<p><img loading=\"lazy\" decoding=\"async\" class=\"alignnone wp-image-1284 size-full\" src=\"https:\/\/ferpam.widehomolog.biz\/blog\/wp-content\/uploads\/2021\/02\/70-2.jpg\" alt=\"\" width=\"965\" height=\"580\" srcset=\"https:\/\/www.ferpam.com.br\/blog\/wp-content\/uploads\/2021\/02\/70-2.jpg 965w, https:\/\/www.ferpam.com.br\/blog\/wp-content\/uploads\/2021\/02\/70-2-300x180.jpg 300w, https:\/\/www.ferpam.com.br\/blog\/wp-content\/uploads\/2021\/02\/70-2-768x462.jpg 768w, https:\/\/www.ferpam.com.br\/blog\/wp-content\/uploads\/2021\/02\/70-2-780x470.jpg 780w\" sizes=\"auto, (max-width: 965px) 100vw, 965px\" \/><\/p>\n<p style=\"font-weight: 300;\"><b><strong data-redactor-tag=\"b\">3-\u00a0<\/strong><\/b><b><strong data-redactor-tag=\"b\">Tapetes\u00a0<\/strong><\/b><\/p>\n<p style=\"font-weight: 300;\">O tapete da sala tamb\u00e9m \u00e9 outro item mestre na decora\u00e7\u00e3o. Vamos combinar, que um tapete feio deixa a casa brega, n\u00e3o \u00e9 mesmo? A escolha do tapete tem que ser cuidadosa, afinal encontrar um tapete 100% cor coral ser\u00e1 complicado. Inicie procurando tapetes com detalhes e texturas na cor coral, assim ser\u00e1 bem mais f\u00e1cil de combinar com o ambiente.<\/p>\n<p><img loading=\"lazy\" decoding=\"async\" class=\"alignnone wp-image-1285 size-full\" src=\"https:\/\/ferpam.widehomolog.biz\/blog\/wp-content\/uploads\/2021\/02\/70-3.jpg\" alt=\"\" width=\"965\" height=\"580\" srcset=\"https:\/\/www.ferpam.com.br\/blog\/wp-content\/uploads\/2021\/02\/70-3.jpg 965w, https:\/\/www.ferpam.com.br\/blog\/wp-content\/uploads\/2021\/02\/70-3-300x180.jpg 300w, https:\/\/www.ferpam.com.br\/blog\/wp-content\/uploads\/2021\/02\/70-3-768x462.jpg 768w, https:\/\/www.ferpam.com.br\/blog\/wp-content\/uploads\/2021\/02\/70-3-780x470.jpg 780w\" sizes=\"auto, (max-width: 965px) 100vw, 965px\" \/><\/p>\n<p style=\"font-weight: 300;\"><b><strong data-redactor-tag=\"b\">4-\u00a0<\/strong><\/b><b><strong data-redactor-tag=\"b\">Objetos de decora\u00e7\u00e3o<\/strong><\/b><\/p>\n<p style=\"font-weight: 300;\">A sua criatividade \u00e9 o seu limite, como costumamos dizer aqui no Blog. Quadros, nichos, esculturas, abajur de mesa, lixeira colorida, moldura de espelhos e muitas outras pe\u00e7as. Ali\u00e1s, com bom gosto a cor do ano trar\u00e1 alegria para a sua casa. Aposte nos objetos de decora\u00e7\u00e3o, sem d\u00favidas!<\/p>\n<p><img loading=\"lazy\" decoding=\"async\" class=\"alignnone wp-image-1286 size-full\" src=\"https:\/\/ferpam.widehomolog.biz\/blog\/wp-content\/uploads\/2021\/02\/70-4.jpg\" alt=\"\" width=\"965\" height=\"580\" srcset=\"https:\/\/www.ferpam.com.br\/blog\/wp-content\/uploads\/2021\/02\/70-4.jpg 965w, https:\/\/www.ferpam.com.br\/blog\/wp-content\/uploads\/2021\/02\/70-4-300x180.jpg 300w, https:\/\/www.ferpam.com.br\/blog\/wp-content\/uploads\/2021\/02\/70-4-768x462.jpg 768w, https:\/\/www.ferpam.com.br\/blog\/wp-content\/uploads\/2021\/02\/70-4-780x470.jpg 780w\" sizes=\"auto, (max-width: 965px) 100vw, 965px\" \/><\/p>\n<p style=\"font-weight: 300;\"><b><strong data-redactor-tag=\"b\">5-\u00a0<\/strong><\/b><b><strong data-redactor-tag=\"b\">Pintar uma parede<\/strong><\/b><\/p>\n<p style=\"font-weight: 300;\">Chegamos \u00e0 nossa quinta e \u00faltima dica, a mais dram\u00e1tica de todas, afinal envolve uma mudan\u00e7a maior e mais permanente. Por\u00e9m se voc\u00ea aplicar no lugar correto o efeito pode ser deslumbrante.<\/p>\n<p style=\"font-weight: 300;\">Se voc\u00ea est\u00e1 afim de mudar a cor de suas paredes, vale a pena cogitar a nova cor 2019, pois ela \u00e9 alegre, chamativa e se bem aplicada \u00e0 composi\u00e7\u00e3o da casa ir\u00e1 tornar seu lar um lugar mais aconchegante.<\/p>\n<p><img loading=\"lazy\" decoding=\"async\" class=\"alignnone wp-image-1287 size-full\" src=\"https:\/\/ferpam.widehomolog.biz\/blog\/wp-content\/uploads\/2021\/02\/70-5.jpg\" alt=\"\" width=\"965\" height=\"580\" srcset=\"https:\/\/www.ferpam.com.br\/blog\/wp-content\/uploads\/2021\/02\/70-5.jpg 965w, https:\/\/www.ferpam.com.br\/blog\/wp-content\/uploads\/2021\/02\/70-5-300x180.jpg 300w, https:\/\/www.ferpam.com.br\/blog\/wp-content\/uploads\/2021\/02\/70-5-768x462.jpg 768w, https:\/\/www.ferpam.com.br\/blog\/wp-content\/uploads\/2021\/02\/70-5-780x470.jpg 780w\" sizes=\"auto, (max-width: 965px) 100vw, 965px\" \/><\/p>\n","protected":false},"excerpt":{"rendered":"<p>Um novo ano cheio de tend\u00eancias, 2019 mal come\u00e7ou e j\u00e1 tem novidades para a \u00e1rea de decora\u00e7\u00e3o, moda, design e vendas. Por isso, a Ferpam decidiu falar da novidade que esquentou os blogs neste come\u00e7o do ano, que foi o lan\u00e7amento da \u201ccor do ano\u201d, divulgada pela Pantone. A sua casa tem cor? J\u00e1 &hellip;<\/p>\n","protected":false},"author":4,"featured_media":1288,"comment_status":"open","ping_status":"open","sticky":false,"template":"","format":"standard","meta":{"footnotes":""},"categories":[25],"tags":[550,549,547,548],"class_list":["post-1282","post","type-post","status-publish","format-standard","has-post-thumbnail","hentry","category-curiosidades","tag-cor-do-ano-2019","tag-coral-living","tag-decore-sua-casa","tag-tendencia"],"yoast_head":"<!-- This site is optimized with the Yoast SEO plugin v15.8 - https:\/\/yoast.com\/wordpress\/plugins\/seo\/ -->\n<title>Cor do ano 2019 e inspira\u00e7\u00f5es de como usar! - Blog Ferpam<\/title>\n<meta name=\"robots\" content=\"index, follow, max-snippet:-1, max-image-preview:large, max-video-preview:-1\" \/>\n<link rel=\"canonical\" href=\"https:\/\/www.ferpam.com.br\/blog\/a-cor-do-ano-2019\/\" \/>\n<meta property=\"og:locale\" content=\"pt_BR\" \/>\n<meta property=\"og:type\" content=\"article\" \/>\n<meta property=\"og:title\" content=\"Cor do ano 2019 e inspira\u00e7\u00f5es de como usar! - Blog Ferpam\" \/>\n<meta property=\"og:description\" content=\"Um novo ano cheio de tend\u00eancias, 2019 mal come\u00e7ou e j\u00e1 tem novidades para a \u00e1rea de decora\u00e7\u00e3o, moda, design e vendas. Por isso, a Ferpam decidiu falar da novidade que esquentou os blogs neste come\u00e7o do ano, que foi o lan\u00e7amento da \u201ccor do ano\u201d, divulgada pela Pantone. A sua casa tem cor? J\u00e1 &hellip;\" \/>\n<meta property=\"og:url\" content=\"https:\/\/www.ferpam.com.br\/blog\/a-cor-do-ano-2019\/\" \/>\n<meta property=\"og:site_name\" content=\"Blog Ferpam\" \/>\n<meta property=\"article:published_time\" content=\"2019-01-03T15:16:14+00:00\" \/>\n<meta property=\"article:modified_time\" content=\"2021-02-17T11:31:19+00:00\" \/>\n<meta property=\"og:image\" content=\"https:\/\/www.ferpam.com.br\/blog\/wp-content\/uploads\/2021\/02\/70-6.png\" \/>\n\t<meta property=\"og:image:width\" content=\"945\" \/>\n\t<meta property=\"og:image:height\" content=\"579\" \/>\n<meta name=\"twitter:card\" content=\"summary_large_image\" \/>\n<meta name=\"twitter:label1\" content=\"Est. reading time\">\n\t<meta name=\"twitter:data1\" content=\"3 minutos\">\n<script type=\"application\/ld+json\" class=\"yoast-schema-graph\">{\"@context\":\"https:\/\/schema.org\",\"@graph\":[{\"@type\":\"Organization\",\"@id\":\"https:\/\/www.ferpam.com.br\/blog\/#organization\",\"name\":\"Ferpam\",\"url\":\"https:\/\/www.ferpam.com.br\/blog\/\",\"sameAs\":[],\"logo\":{\"@type\":\"ImageObject\",\"@id\":\"https:\/\/www.ferpam.com.br\/blog\/#logo\",\"inLanguage\":\"pt-BR\",\"url\":\"https:\/\/www.ferpam.com.br\/blog\/wp-content\/uploads\/2021\/02\/logo-1.png\",\"width\":254,\"height\":89,\"caption\":\"Ferpam\"},\"image\":{\"@id\":\"https:\/\/www.ferpam.com.br\/blog\/#logo\"}},{\"@type\":\"WebSite\",\"@id\":\"https:\/\/www.ferpam.com.br\/blog\/#website\",\"url\":\"https:\/\/www.ferpam.com.br\/blog\/\",\"name\":\"Blog Ferpam\",\"description\":\"Not\\u00edcias da Ferpam\",\"publisher\":{\"@id\":\"https:\/\/www.ferpam.com.br\/blog\/#organization\"},\"potentialAction\":[{\"@type\":\"SearchAction\",\"target\":\"https:\/\/www.ferpam.com.br\/blog\/?s={search_term_string}\",\"query-input\":\"required name=search_term_string\"}],\"inLanguage\":\"pt-BR\"},{\"@type\":\"ImageObject\",\"@id\":\"https:\/\/www.ferpam.com.br\/blog\/a-cor-do-ano-2019\/#primaryimage\",\"inLanguage\":\"pt-BR\",\"url\":\"https:\/\/www.ferpam.com.br\/blog\/wp-content\/uploads\/2021\/02\/70-6.png\",\"width\":945,\"height\":579},{\"@type\":\"WebPage\",\"@id\":\"https:\/\/www.ferpam.com.br\/blog\/a-cor-do-ano-2019\/#webpage\",\"url\":\"https:\/\/www.ferpam.com.br\/blog\/a-cor-do-ano-2019\/\",\"name\":\"Cor do ano 2019 e inspira\\u00e7\\u00f5es de como usar! - Blog Ferpam\",\"isPartOf\":{\"@id\":\"https:\/\/www.ferpam.com.br\/blog\/#website\"},\"primaryImageOfPage\":{\"@id\":\"https:\/\/www.ferpam.com.br\/blog\/a-cor-do-ano-2019\/#primaryimage\"},\"datePublished\":\"2019-01-03T15:16:14+00:00\",\"dateModified\":\"2021-02-17T11:31:19+00:00\",\"breadcrumb\":{\"@id\":\"https:\/\/www.ferpam.com.br\/blog\/a-cor-do-ano-2019\/#breadcrumb\"},\"inLanguage\":\"pt-BR\",\"potentialAction\":[{\"@type\":\"ReadAction\",\"target\":[\"https:\/\/www.ferpam.com.br\/blog\/a-cor-do-ano-2019\/\"]}]},{\"@type\":\"BreadcrumbList\",\"@id\":\"https:\/\/www.ferpam.com.br\/blog\/a-cor-do-ano-2019\/#breadcrumb\",\"itemListElement\":[{\"@type\":\"ListItem\",\"position\":1,\"item\":{\"@type\":\"WebPage\",\"@id\":\"https:\/\/www.ferpam.com.br\/blog\/\",\"url\":\"https:\/\/www.ferpam.com.br\/blog\/\",\"name\":\"In\\u00edcio\"}},{\"@type\":\"ListItem\",\"position\":2,\"item\":{\"@type\":\"WebPage\",\"@id\":\"https:\/\/www.ferpam.com.br\/blog\/a-cor-do-ano-2019\/\",\"url\":\"https:\/\/www.ferpam.com.br\/blog\/a-cor-do-ano-2019\/\",\"name\":\"Cor do ano 2019 e inspira\\u00e7\\u00f5es de como usar!\"}}]},{\"@type\":\"Article\",\"@id\":\"https:\/\/www.ferpam.com.br\/blog\/a-cor-do-ano-2019\/#article\",\"isPartOf\":{\"@id\":\"https:\/\/www.ferpam.com.br\/blog\/a-cor-do-ano-2019\/#webpage\"},\"author\":{\"@id\":\"https:\/\/www.ferpam.com.br\/blog\/#\/schema\/person\/17c24d0d22dd830e306685f9b94ec5e7\"},\"headline\":\"Cor do ano 2019 e inspira\\u00e7\\u00f5es de como usar!\",\"datePublished\":\"2019-01-03T15:16:14+00:00\",\"dateModified\":\"2021-02-17T11:31:19+00:00\",\"mainEntityOfPage\":{\"@id\":\"https:\/\/www.ferpam.com.br\/blog\/a-cor-do-ano-2019\/#webpage\"},\"commentCount\":0,\"publisher\":{\"@id\":\"https:\/\/www.ferpam.com.br\/blog\/#organization\"},\"image\":{\"@id\":\"https:\/\/www.ferpam.com.br\/blog\/a-cor-do-ano-2019\/#primaryimage\"},\"keywords\":\"cor do ano 2019,coral living,decore sua casa,tendencia\",\"articleSection\":\"Curiosidades\",\"inLanguage\":\"pt-BR\",\"potentialAction\":[{\"@type\":\"CommentAction\",\"name\":\"Comment\",\"target\":[\"https:\/\/www.ferpam.com.br\/blog\/a-cor-do-ano-2019\/#respond\"]}]},{\"@type\":\"Person\",\"@id\":\"https:\/\/www.ferpam.com.br\/blog\/#\/schema\/person\/17c24d0d22dd830e306685f9b94ec5e7\",\"name\":\"Ferpam Blog\",\"image\":{\"@type\":\"ImageObject\",\"@id\":\"https:\/\/www.ferpam.com.br\/blog\/#personlogo\",\"inLanguage\":\"pt-BR\",\"url\":\"https:\/\/secure.gravatar.com\/avatar\/cabb3a541ec0d8bedb85a519259a466229f358a62b34ef4b29cb8d6884944a6c?s=96&d=mm&r=g\",\"caption\":\"Ferpam Blog\"},\"sameAs\":[\"http:\/\/www.ferpam.com.br\"]}]}<\/script>\n<!-- \/ Yoast SEO plugin. -->","_links":{"self":[{"href":"https:\/\/www.ferpam.com.br\/blog\/wp-json\/wp\/v2\/posts\/1282","targetHints":{"allow":["GET"]}}],"collection":[{"href":"https:\/\/www.ferpam.com.br\/blog\/wp-json\/wp\/v2\/posts"}],"about":[{"href":"https:\/\/www.ferpam.com.br\/blog\/wp-json\/wp\/v2\/types\/post"}],"author":[{"embeddable":true,"href":"https:\/\/www.ferpam.com.br\/blog\/wp-json\/wp\/v2\/users\/4"}],"replies":[{"embeddable":true,"href":"https:\/\/www.ferpam.com.br\/blog\/wp-json\/wp\/v2\/comments?post=1282"}],"version-history":[{"count":2,"href":"https:\/\/www.ferpam.com.br\/blog\/wp-json\/wp\/v2\/posts\/1282\/revisions"}],"predecessor-version":[{"id":1291,"href":"https:\/\/www.ferpam.com.br\/blog\/wp-json\/wp\/v2\/posts\/1282\/revisions\/1291"}],"wp:featuredmedia":[{"embeddable":true,"href":"https:\/\/www.ferpam.com.br\/blog\/wp-json\/wp\/v2\/media\/1288"}],"wp:attachment":[{"href":"https:\/\/www.ferpam.com.br\/blog\/wp-json\/wp\/v2\/media?parent=1282"}],"wp:term":[{"taxonomy":"category","embeddable":true,"href":"https:\/\/www.ferpam.com.br\/blog\/wp-json\/wp\/v2\/categories?post=1282"},{"taxonomy":"post_tag","embeddable":true,"href":"https:\/\/www.ferpam.com.br\/blog\/wp-json\/wp\/v2\/tags?post=1282"}],"curies":[{"name":"wp","href":"https:\/\/api.w.org\/{rel}","templated":true}]}}