{"id":1300,"date":"2018-03-15T16:01:56","date_gmt":"2018-03-15T16:01:56","guid":{"rendered":"https:\/\/ferpam.widehomolog.biz\/blog\/?p=1300"},"modified":"2021-02-17T11:39:55","modified_gmt":"2021-02-17T11:39:55","slug":"conservar-minhas-portas-e-janelas-de-madeira","status":"publish","type":"post","link":"https:\/\/www.ferpam.com.br\/blog\/conservar-minhas-portas-e-janelas-de-madeira\/","title":{"rendered":"Conservar minhas portas e janelas de madeira"},"content":{"rendered":"<p>Ter portas e janelas de madeira em casa \u00e9 o desejo de muita gente. Mas \u00e9 preciso dobrar a aten\u00e7\u00e3o na hora de conserv\u00e1-las. Com a manuten\u00e7\u00e3o peri\u00f3dica e adequada \u00e9 poss\u00edvel manter a boa apar\u00eancia e durabilidade por muitos anos, ainda que estejam expostos ao sol e \u00e0 chuva. Confira as dicas da Ferpam.<\/p>\n<p>Para evitar ressecamento e rachaduras \u00e9 indispens\u00e1vel que portas e janelas de madeira sejam impermeabilizadas.<\/p>\n<p>Antes da pintura, o produto deve ser lixado por completo. Ap\u00f3s isso, deve-se limpar a superf\u00edcie lixada e aplicar um selador. Em seguida aplique de 3 a 5 m\u00e3os de um impermeabilizante (pode ser verniz ou tinta). O tingidor deve ser aplicado na primeira m\u00e3o, mas \u00e9 opcional.<\/p>\n<p>Pinte em cada 2 anos: A pintura deve ser refeita neste per\u00edodo quando sua porta ou janela tiver pouca exposi\u00e7\u00e3o ao sol e a chuva.<\/p>\n<p>Pinte de 1 em 1 ano: Caso sua porta e janela tenha uma grande exposi\u00e7\u00e3o ao ar livre.<\/p>\n<p>Super Dica: Observe! Acompanhe e tome provid\u00eancias sempre que visualizar que algo mudou.<\/p>\n<p>Para aumentar a durabilidade do produto, procure evitar batidas e rasp\u00f5es nas portas e janelas (em casos de mudan\u00e7a, por exemplo). As pancadas s\u00e3o as principais causadoras de marcas e afundamentos na madeira.<\/p>\n<p>A limpeza deve ser feita com uma flanela e produtos pr\u00f3prios para a madeira, sem uso de abrasivos que danificam o material. O mesmo cuidado vale para as fechaduras e ma\u00e7anetas.<\/p>\n<p>As dobradi\u00e7as e fechaduras s\u00e3o itens importantes nas portas e janelas de madeira, e devem ser lubrificadas periodicamente com grafite em p\u00f3. Os \u00f3leos lubrificantes devem ser usados somente nos rolamentos das roldanas (no caso das portas deslizantes).<\/p>\n<p>Evite poss\u00edveis preju\u00edzos: Busque profissionais de qualidade para realizar o trabalho com seriedade, isso evitar\u00e1 estragos e apar\u00eancia ruim nas portas ou janelas. Este \u00e9 um dos poucos trabalhos que <em data-redactor-tag=\"em\">n\u00e3o indicamos o<\/em> fa\u00e7a voc\u00ea mesmo, se voc\u00ea n\u00e3o tem pr\u00e1tica.<\/p>\n","protected":false},"excerpt":{"rendered":"<p>Ter portas e janelas de madeira em casa \u00e9 o desejo de muita gente. Mas \u00e9 preciso dobrar a aten\u00e7\u00e3o na hora de conserv\u00e1-las. Com a manuten\u00e7\u00e3o peri\u00f3dica e adequada \u00e9 poss\u00edvel manter a boa apar\u00eancia e durabilidade por muitos anos, ainda que estejam expostos ao sol e \u00e0 chuva. Confira as dicas da Ferpam. &hellip;<\/p>\n","protected":false},"author":4,"featured_media":1303,"comment_status":"open","ping_status":"open","sticky":false,"template":"","format":"standard","meta":{"footnotes":""},"categories":[25],"tags":[627,792,664],"class_list":["post-1300","post","type-post","status-publish","format-standard","has-post-thumbnail","hentry","category-curiosidades","tag-cuidados-com-porta-de-madeira","tag-manutencao-de-portas","tag-reformar-portas-de-madeira"],"yoast_head":"<!-- This site is optimized with the Yoast SEO plugin v15.8 - https:\/\/yoast.com\/wordpress\/plugins\/seo\/ -->\n<title>Conservar minhas portas e janelas de madeira - Blog Ferpam<\/title>\n<meta name=\"robots\" content=\"index, follow, max-snippet:-1, max-image-preview:large, max-video-preview:-1\" \/>\n<link rel=\"canonical\" href=\"https:\/\/www.ferpam.com.br\/blog\/conservar-minhas-portas-e-janelas-de-madeira\/\" \/>\n<meta property=\"og:locale\" content=\"pt_BR\" \/>\n<meta property=\"og:type\" content=\"article\" \/>\n<meta property=\"og:title\" content=\"Conservar minhas portas e janelas de madeira - Blog Ferpam\" \/>\n<meta property=\"og:description\" content=\"Ter portas e janelas de madeira em casa \u00e9 o desejo de muita gente. Mas \u00e9 preciso dobrar a aten\u00e7\u00e3o na hora de conserv\u00e1-las. Com a manuten\u00e7\u00e3o peri\u00f3dica e adequada \u00e9 poss\u00edvel manter a boa apar\u00eancia e durabilidade por muitos anos, ainda que estejam expostos ao sol e \u00e0 chuva. Confira as dicas da Ferpam. &hellip;\" \/>\n<meta property=\"og:url\" content=\"https:\/\/www.ferpam.com.br\/blog\/conservar-minhas-portas-e-janelas-de-madeira\/\" \/>\n<meta property=\"og:site_name\" content=\"Blog Ferpam\" \/>\n<meta property=\"article:published_time\" content=\"2018-03-15T16:01:56+00:00\" \/>\n<meta property=\"article:modified_time\" content=\"2021-02-17T11:39:55+00:00\" \/>\n<meta property=\"og:image\" content=\"https:\/\/www.ferpam.com.br\/blog\/wp-content\/uploads\/2021\/02\/0d627b2fab6e7202325f33e03a38d427.jpg\" \/>\n\t<meta property=\"og:image:width\" content=\"960\" \/>\n\t<meta property=\"og:image:height\" content=\"540\" \/>\n<meta name=\"twitter:card\" content=\"summary_large_image\" \/>\n<meta name=\"twitter:label1\" content=\"Est. reading time\">\n\t<meta name=\"twitter:data1\" content=\"2 minutos\">\n<script type=\"application\/ld+json\" class=\"yoast-schema-graph\">{\"@context\":\"https:\/\/schema.org\",\"@graph\":[{\"@type\":\"Organization\",\"@id\":\"https:\/\/www.ferpam.com.br\/blog\/#organization\",\"name\":\"Ferpam\",\"url\":\"https:\/\/www.ferpam.com.br\/blog\/\",\"sameAs\":[],\"logo\":{\"@type\":\"ImageObject\",\"@id\":\"https:\/\/www.ferpam.com.br\/blog\/#logo\",\"inLanguage\":\"pt-BR\",\"url\":\"https:\/\/www.ferpam.com.br\/blog\/wp-content\/uploads\/2021\/02\/logo-1.png\",\"width\":254,\"height\":89,\"caption\":\"Ferpam\"},\"image\":{\"@id\":\"https:\/\/www.ferpam.com.br\/blog\/#logo\"}},{\"@type\":\"WebSite\",\"@id\":\"https:\/\/www.ferpam.com.br\/blog\/#website\",\"url\":\"https:\/\/www.ferpam.com.br\/blog\/\",\"name\":\"Blog Ferpam\",\"description\":\"Not\\u00edcias da Ferpam\",\"publisher\":{\"@id\":\"https:\/\/www.ferpam.com.br\/blog\/#organization\"},\"potentialAction\":[{\"@type\":\"SearchAction\",\"target\":\"https:\/\/www.ferpam.com.br\/blog\/?s={search_term_string}\",\"query-input\":\"required name=search_term_string\"}],\"inLanguage\":\"pt-BR\"},{\"@type\":\"ImageObject\",\"@id\":\"https:\/\/www.ferpam.com.br\/blog\/conservar-minhas-portas-e-janelas-de-madeira\/#primaryimage\",\"inLanguage\":\"pt-BR\",\"url\":\"https:\/\/www.ferpam.com.br\/blog\/wp-content\/uploads\/2021\/02\/0d627b2fab6e7202325f33e03a38d427.jpg\",\"width\":960,\"height\":540},{\"@type\":\"WebPage\",\"@id\":\"https:\/\/www.ferpam.com.br\/blog\/conservar-minhas-portas-e-janelas-de-madeira\/#webpage\",\"url\":\"https:\/\/www.ferpam.com.br\/blog\/conservar-minhas-portas-e-janelas-de-madeira\/\",\"name\":\"Conservar minhas portas e janelas de madeira - Blog Ferpam\",\"isPartOf\":{\"@id\":\"https:\/\/www.ferpam.com.br\/blog\/#website\"},\"primaryImageOfPage\":{\"@id\":\"https:\/\/www.ferpam.com.br\/blog\/conservar-minhas-portas-e-janelas-de-madeira\/#primaryimage\"},\"datePublished\":\"2018-03-15T16:01:56+00:00\",\"dateModified\":\"2021-02-17T11:39:55+00:00\",\"breadcrumb\":{\"@id\":\"https:\/\/www.ferpam.com.br\/blog\/conservar-minhas-portas-e-janelas-de-madeira\/#breadcrumb\"},\"inLanguage\":\"pt-BR\",\"potentialAction\":[{\"@type\":\"ReadAction\",\"target\":[\"https:\/\/www.ferpam.com.br\/blog\/conservar-minhas-portas-e-janelas-de-madeira\/\"]}]},{\"@type\":\"BreadcrumbList\",\"@id\":\"https:\/\/www.ferpam.com.br\/blog\/conservar-minhas-portas-e-janelas-de-madeira\/#breadcrumb\",\"itemListElement\":[{\"@type\":\"ListItem\",\"position\":1,\"item\":{\"@type\":\"WebPage\",\"@id\":\"https:\/\/www.ferpam.com.br\/blog\/\",\"url\":\"https:\/\/www.ferpam.com.br\/blog\/\",\"name\":\"In\\u00edcio\"}},{\"@type\":\"ListItem\",\"position\":2,\"item\":{\"@type\":\"WebPage\",\"@id\":\"https:\/\/www.ferpam.com.br\/blog\/conservar-minhas-portas-e-janelas-de-madeira\/\",\"url\":\"https:\/\/www.ferpam.com.br\/blog\/conservar-minhas-portas-e-janelas-de-madeira\/\",\"name\":\"Conservar minhas portas e janelas de madeira\"}}]},{\"@type\":\"Article\",\"@id\":\"https:\/\/www.ferpam.com.br\/blog\/conservar-minhas-portas-e-janelas-de-madeira\/#article\",\"isPartOf\":{\"@id\":\"https:\/\/www.ferpam.com.br\/blog\/conservar-minhas-portas-e-janelas-de-madeira\/#webpage\"},\"author\":{\"@id\":\"https:\/\/www.ferpam.com.br\/blog\/#\/schema\/person\/17c24d0d22dd830e306685f9b94ec5e7\"},\"headline\":\"Conservar minhas portas e janelas de madeira\",\"datePublished\":\"2018-03-15T16:01:56+00:00\",\"dateModified\":\"2021-02-17T11:39:55+00:00\",\"mainEntityOfPage\":{\"@id\":\"https:\/\/www.ferpam.com.br\/blog\/conservar-minhas-portas-e-janelas-de-madeira\/#webpage\"},\"commentCount\":0,\"publisher\":{\"@id\":\"https:\/\/www.ferpam.com.br\/blog\/#organization\"},\"image\":{\"@id\":\"https:\/\/www.ferpam.com.br\/blog\/conservar-minhas-portas-e-janelas-de-madeira\/#primaryimage\"},\"keywords\":\"cuidados com porta de madeira,manuten\\u00e7\\u00e3o de portas,reformar portas de madeira\",\"articleSection\":\"Curiosidades\",\"inLanguage\":\"pt-BR\",\"potentialAction\":[{\"@type\":\"CommentAction\",\"name\":\"Comment\",\"target\":[\"https:\/\/www.ferpam.com.br\/blog\/conservar-minhas-portas-e-janelas-de-madeira\/#respond\"]}]},{\"@type\":\"Person\",\"@id\":\"https:\/\/www.ferpam.com.br\/blog\/#\/schema\/person\/17c24d0d22dd830e306685f9b94ec5e7\",\"name\":\"Ferpam Blog\",\"image\":{\"@type\":\"ImageObject\",\"@id\":\"https:\/\/www.ferpam.com.br\/blog\/#personlogo\",\"inLanguage\":\"pt-BR\",\"url\":\"https:\/\/secure.gravatar.com\/avatar\/cabb3a541ec0d8bedb85a519259a466229f358a62b34ef4b29cb8d6884944a6c?s=96&d=mm&r=g\",\"caption\":\"Ferpam Blog\"},\"sameAs\":[\"http:\/\/www.ferpam.com.br\"]}]}<\/script>\n<!-- \/ Yoast SEO plugin. -->","_links":{"self":[{"href":"https:\/\/www.ferpam.com.br\/blog\/wp-json\/wp\/v2\/posts\/1300","targetHints":{"allow":["GET"]}}],"collection":[{"href":"https:\/\/www.ferpam.com.br\/blog\/wp-json\/wp\/v2\/posts"}],"about":[{"href":"https:\/\/www.ferpam.com.br\/blog\/wp-json\/wp\/v2\/types\/post"}],"author":[{"embeddable":true,"href":"https:\/\/www.ferpam.com.br\/blog\/wp-json\/wp\/v2\/users\/4"}],"replies":[{"embeddable":true,"href":"https:\/\/www.ferpam.com.br\/blog\/wp-json\/wp\/v2\/comments?post=1300"}],"version-history":[{"count":2,"href":"https:\/\/www.ferpam.com.br\/blog\/wp-json\/wp\/v2\/posts\/1300\/revisions"}],"predecessor-version":[{"id":1306,"href":"https:\/\/www.ferpam.com.br\/blog\/wp-json\/wp\/v2\/posts\/1300\/revisions\/1306"}],"wp:featuredmedia":[{"embeddable":true,"href":"https:\/\/www.ferpam.com.br\/blog\/wp-json\/wp\/v2\/media\/1303"}],"wp:attachment":[{"href":"https:\/\/www.ferpam.com.br\/blog\/wp-json\/wp\/v2\/media?parent=1300"}],"wp:term":[{"taxonomy":"category","embeddable":true,"href":"https:\/\/www.ferpam.com.br\/blog\/wp-json\/wp\/v2\/categories?post=1300"},{"taxonomy":"post_tag","embeddable":true,"href":"https:\/\/www.ferpam.com.br\/blog\/wp-json\/wp\/v2\/tags?post=1300"}],"curies":[{"name":"wp","href":"https:\/\/api.w.org\/{rel}","templated":true}]}}