{"id":1320,"date":"2019-01-29T13:26:48","date_gmt":"2019-01-29T13:26:48","guid":{"rendered":"https:\/\/ferpam.widehomolog.biz\/blog\/?p=1320"},"modified":"2021-02-17T11:55:36","modified_gmt":"2021-02-17T11:55:36","slug":"ferramentas-para-curar-a-saudade","status":"publish","type":"post","link":"https:\/\/www.ferpam.com.br\/blog\/ferramentas-para-curar-a-saudade\/","title":{"rendered":"\u200bFerramentas para curar a saudade"},"content":{"rendered":"<p style=\"font-weight: 300;\">No dia 30 de janeiro se comemora o dia da Saudade e n\u00f3s resolvemos fazer um post sobre este tema. Nosso objetivo \u00e9 ajudar voc\u00ea a lidar com esse sentimento que as vezes d\u00f3i.<\/p>\n<p style=\"font-weight: 300;\">Hoje, n\u00f3s pegamos dicas do mundo da Psicologia e do Desenvolvimento pessoal. Mas, para come\u00e7ar vamos entender o que \u00e9 saudade. Segundo o dicion\u00e1rio a saudade \u00e9 \u201cum sentimento melanc\u00f3lico devido ao\u00a0<b><strong data-redactor-tag=\"b\">afastamento de uma pessoa<\/strong><\/b>, uma\u00a0<b><strong data-redactor-tag=\"b\">coisa ou um lugar<\/strong><\/b>, ou \u00e0\u00a0<b><strong data-redactor-tag=\"b\">aus\u00eancia de experi\u00eancias prazerosas j\u00e1 vividas<\/strong><\/b>\u201d.<\/p>\n<p style=\"font-weight: 300;\">Para muito este sentimento \u00e9 um tema controverso, uns dizem que faz bem outros dizem o contr\u00e1rio. Na verdade, nem a filosofia, nem a poesia e nem a ci\u00eancia explica se \u00e9 bom ou ruim sentir saudade.<\/p>\n<p style=\"font-weight: 300;\">Enfim, o que importa \u00e9 que cada ser humano tem direito de sentir saudade do seu pr\u00f3prio jeito. Por\u00e9m, n\u00e3o podemos negar que em algumas situa\u00e7\u00f5es a saudade pode doer muito, por isso nos atentamos a apresentar dicas pr\u00e1ticas de como ajudar pessoas a lidar melhor com este sentimento.<\/p>\n<h3>Basicamente existem dois grandes tipos de saudade<\/h3>\n<p style=\"font-weight: 300;\">A saudade daqueles que j\u00e1 se foram, a mais dif\u00edcil de superar, e o segundo tipo de saudade que \u00e9 a dos que ainda est\u00e3o nesta terra, por\u00e9m se encontram distantes de n\u00f3s. Existe tamb\u00e9m a saudade de objetos, de experi\u00eancias e de per\u00edodos da vida. Todavia, hoje vamos falar das duas saudades principais.<\/p>\n<h2>Saudade 1: Daqueles que j\u00e1 se foram!<\/h2>\n<p style=\"font-weight: 300;\">A saudade de uma pessoa que j\u00e1 morreu n\u00e3o \u00e9 f\u00e1cil de lidar. Na verdade, ela \u00e9 a que mais d\u00f3i e o buraco no cora\u00e7\u00e3o nunca se fechar\u00e1. \u00c9 isso mesmo! A parte mais complicada sobre falar dessa saudade \u00e9 que ela nunca acaba. Mas, tem um jeito de transform\u00e1-la em algo menos dolorido.<\/p>\n<p style=\"font-weight: 300;\">A t\u00e9cnica mais interessante \u00e9 a da gratid\u00e3o, esta tamb\u00e9m \u00e9 a que gera melhores resultados. Agrade\u00e7a todos os dias pelos anos que viveu ao lado daquela pessoa amada. Agrade\u00e7a ainda, pelas coisas que voc\u00ea aprendeu s\u00f3 com esta maravilhosa pessoa que se foi, mas deixou sua marca por onde passou.<\/p>\n<p style=\"font-weight: 300;\">Outra t\u00e9cnica igualmente valiosa para curar a saudade \u00e9 ocupar sua mente com os vivos. Na maioria das vezes, se voc\u00ea olhar ao redor, conseguir\u00e1 enxergar que ainda existem muitas pessoas maravilhosas ao seu redor.<\/p>\n<p style=\"font-weight: 300;\">Por isso, ocupe-se com eles, fa\u00e7a jantares, crie momentos, fa\u00e7a atividades que normalmente n\u00e3o faria. Al\u00e9m de despertar gratid\u00e3o sobre aqueles que continuam ao seu lado, esta t\u00e9cnica tira sua mente do foco negativo da saudade.<\/p>\n<p style=\"font-weight: 300;\">No final das contas, a gratid\u00e3o vai te fazer olhar para aqueles que est\u00e3o ao seu lado em vida com mais import\u00e2ncia e amor. Ser feliz \u00e9 uma escolha, aproveite as oportunidades de estar com as pessoas que voc\u00ea ama.<\/p>\n<h2>Saudade 2: Dos que est\u00e3o vivos, por\u00e9m a uma longa dist\u00e2ncia<\/h2>\n<p style=\"font-weight: 300;\">Com certeza este tipo de saudade \u00e9 mais f\u00e1cil de lidar, apesar de tamb\u00e9m provocar aquele vazio no peito e algumas l\u00e1grimas. Com esta saudade d\u00e1 para pega mais leve, afinal a solu\u00e7\u00e3o dela \u00e9 uma possibilidade real.<\/p>\n<p style=\"font-weight: 300;\">Para matar esta saudade, uma solu\u00e7\u00e3o simples \u00e9 ir ver a pessoa que voc\u00ea ama de forma especial. As solu\u00e7\u00f5es podem ser tr\u00eas: visitar, se mudar para mais perto ou trazer a pessoa amada para morar mais pr\u00f3ximo de voc\u00ea.<\/p>\n<p style=\"font-weight: 300;\">Planeje-se para visitar esta pessoa querida que mora longe. Se a viagem for para outro pa\u00eds, por exemplo, fa\u00e7a visitas a cada 1 ano e meio. Combine para voc\u00ea ir uma vez e na outra vez a pessoa vem lhe ver. Assim, voc\u00ea vai gastar dinheiro a cada 3 anos e d\u00e1 tempo para juntar o dinheiro necess\u00e1rio e matar a saudade.<\/p>\n<p style=\"font-weight: 300;\">Est\u00e1 sem dinheiro? N\u00e3o tem condi\u00e7\u00f5es de ir ver pessoalmente. Calma que voc\u00ea pode usar a tecnologia a seu favor. As redes sociais est\u00e3o a\u00ed para nos ajudar a viver mais conectados com quem est\u00e1 longe.<\/p>\n<p style=\"font-weight: 300;\">Compartilhe sua vida com a pessoa sempre que puder. Fa\u00e7a liga\u00e7\u00f5es 1x por semana, envie fotos, v\u00eddeos e \u00e1udios. Use tudo isso para se sentir mais perto. Isso ajuda muito!<\/p>\n<p style=\"font-weight: 300;\">A terceira dica, \u00e9 viva sua vida no presente! Fa\u00e7a atividades, conhe\u00e7a amigos, esteja rodeado de pessoas especiais que te fa\u00e7am bem. Isso ajuda a distrair sua mente daqueles que n\u00e3o est\u00e3o perto e ainda te ajuda a viver o presente momento da sua vida mais feliz.<\/p>\n","protected":false},"excerpt":{"rendered":"<p>No dia 30 de janeiro se comemora o dia da Saudade e n\u00f3s resolvemos fazer um post sobre este tema. Nosso objetivo \u00e9 ajudar voc\u00ea a lidar com esse sentimento que as vezes d\u00f3i. Hoje, n\u00f3s pegamos dicas do mundo da Psicologia e do Desenvolvimento pessoal. Mas, para come\u00e7ar vamos entender o que \u00e9 saudade. &hellip;<\/p>\n","protected":false},"author":4,"featured_media":1325,"comment_status":"open","ping_status":"open","sticky":false,"template":"","format":"standard","meta":{"footnotes":""},"categories":[25],"tags":[305,324,532,646,533],"class_list":["post-1320","post","type-post","status-publish","format-standard","has-post-thumbnail","hentry","category-curiosidades","tag-diadasaudade","tag-ferramentas","tag-comolidar","tag-https-www-ferpam-com-br","tag-saudadedoi"],"yoast_head":"<!-- This site is optimized with the Yoast SEO plugin v15.8 - https:\/\/yoast.com\/wordpress\/plugins\/seo\/ -->\n<title>\u200bFerramentas para curar a saudade - Blog Ferpam<\/title>\n<meta name=\"robots\" content=\"index, follow, max-snippet:-1, max-image-preview:large, max-video-preview:-1\" \/>\n<link rel=\"canonical\" href=\"https:\/\/www.ferpam.com.br\/blog\/ferramentas-para-curar-a-saudade\/\" \/>\n<meta property=\"og:locale\" content=\"pt_BR\" \/>\n<meta property=\"og:type\" content=\"article\" \/>\n<meta property=\"og:title\" content=\"\u200bFerramentas para curar a saudade - Blog Ferpam\" \/>\n<meta property=\"og:description\" content=\"No dia 30 de janeiro se comemora o dia da Saudade e n\u00f3s resolvemos fazer um post sobre este tema. Nosso objetivo \u00e9 ajudar voc\u00ea a lidar com esse sentimento que as vezes d\u00f3i. Hoje, n\u00f3s pegamos dicas do mundo da Psicologia e do Desenvolvimento pessoal. Mas, para come\u00e7ar vamos entender o que \u00e9 saudade. &hellip;\" \/>\n<meta property=\"og:url\" content=\"https:\/\/www.ferpam.com.br\/blog\/ferramentas-para-curar-a-saudade\/\" \/>\n<meta property=\"og:site_name\" content=\"Blog Ferpam\" \/>\n<meta property=\"article:published_time\" content=\"2019-01-29T13:26:48+00:00\" \/>\n<meta property=\"article:modified_time\" content=\"2021-02-17T11:55:36+00:00\" \/>\n<meta property=\"og:image\" content=\"https:\/\/www.ferpam.com.br\/blog\/wp-content\/uploads\/2021\/02\/75-1.png\" \/>\n\t<meta property=\"og:image:width\" content=\"966\" \/>\n\t<meta property=\"og:image:height\" content=\"580\" \/>\n<meta name=\"twitter:card\" content=\"summary_large_image\" \/>\n<meta name=\"twitter:label1\" content=\"Est. reading time\">\n\t<meta name=\"twitter:data1\" content=\"4 minutos\">\n<script type=\"application\/ld+json\" class=\"yoast-schema-graph\">{\"@context\":\"https:\/\/schema.org\",\"@graph\":[{\"@type\":\"Organization\",\"@id\":\"https:\/\/www.ferpam.com.br\/blog\/#organization\",\"name\":\"Ferpam\",\"url\":\"https:\/\/www.ferpam.com.br\/blog\/\",\"sameAs\":[],\"logo\":{\"@type\":\"ImageObject\",\"@id\":\"https:\/\/www.ferpam.com.br\/blog\/#logo\",\"inLanguage\":\"pt-BR\",\"url\":\"https:\/\/www.ferpam.com.br\/blog\/wp-content\/uploads\/2021\/02\/logo-1.png\",\"width\":254,\"height\":89,\"caption\":\"Ferpam\"},\"image\":{\"@id\":\"https:\/\/www.ferpam.com.br\/blog\/#logo\"}},{\"@type\":\"WebSite\",\"@id\":\"https:\/\/www.ferpam.com.br\/blog\/#website\",\"url\":\"https:\/\/www.ferpam.com.br\/blog\/\",\"name\":\"Blog Ferpam\",\"description\":\"Not\\u00edcias da Ferpam\",\"publisher\":{\"@id\":\"https:\/\/www.ferpam.com.br\/blog\/#organization\"},\"potentialAction\":[{\"@type\":\"SearchAction\",\"target\":\"https:\/\/www.ferpam.com.br\/blog\/?s={search_term_string}\",\"query-input\":\"required name=search_term_string\"}],\"inLanguage\":\"pt-BR\"},{\"@type\":\"ImageObject\",\"@id\":\"https:\/\/www.ferpam.com.br\/blog\/ferramentas-para-curar-a-saudade\/#primaryimage\",\"inLanguage\":\"pt-BR\",\"url\":\"https:\/\/www.ferpam.com.br\/blog\/wp-content\/uploads\/2021\/02\/75-1.png\",\"width\":966,\"height\":580},{\"@type\":\"WebPage\",\"@id\":\"https:\/\/www.ferpam.com.br\/blog\/ferramentas-para-curar-a-saudade\/#webpage\",\"url\":\"https:\/\/www.ferpam.com.br\/blog\/ferramentas-para-curar-a-saudade\/\",\"name\":\"\\u200bFerramentas para curar a saudade - Blog Ferpam\",\"isPartOf\":{\"@id\":\"https:\/\/www.ferpam.com.br\/blog\/#website\"},\"primaryImageOfPage\":{\"@id\":\"https:\/\/www.ferpam.com.br\/blog\/ferramentas-para-curar-a-saudade\/#primaryimage\"},\"datePublished\":\"2019-01-29T13:26:48+00:00\",\"dateModified\":\"2021-02-17T11:55:36+00:00\",\"breadcrumb\":{\"@id\":\"https:\/\/www.ferpam.com.br\/blog\/ferramentas-para-curar-a-saudade\/#breadcrumb\"},\"inLanguage\":\"pt-BR\",\"potentialAction\":[{\"@type\":\"ReadAction\",\"target\":[\"https:\/\/www.ferpam.com.br\/blog\/ferramentas-para-curar-a-saudade\/\"]}]},{\"@type\":\"BreadcrumbList\",\"@id\":\"https:\/\/www.ferpam.com.br\/blog\/ferramentas-para-curar-a-saudade\/#breadcrumb\",\"itemListElement\":[{\"@type\":\"ListItem\",\"position\":1,\"item\":{\"@type\":\"WebPage\",\"@id\":\"https:\/\/www.ferpam.com.br\/blog\/\",\"url\":\"https:\/\/www.ferpam.com.br\/blog\/\",\"name\":\"In\\u00edcio\"}},{\"@type\":\"ListItem\",\"position\":2,\"item\":{\"@type\":\"WebPage\",\"@id\":\"https:\/\/www.ferpam.com.br\/blog\/ferramentas-para-curar-a-saudade\/\",\"url\":\"https:\/\/www.ferpam.com.br\/blog\/ferramentas-para-curar-a-saudade\/\",\"name\":\"\\u200bFerramentas para curar a saudade\"}}]},{\"@type\":\"Article\",\"@id\":\"https:\/\/www.ferpam.com.br\/blog\/ferramentas-para-curar-a-saudade\/#article\",\"isPartOf\":{\"@id\":\"https:\/\/www.ferpam.com.br\/blog\/ferramentas-para-curar-a-saudade\/#webpage\"},\"author\":{\"@id\":\"https:\/\/www.ferpam.com.br\/blog\/#\/schema\/person\/17c24d0d22dd830e306685f9b94ec5e7\"},\"headline\":\"\\u200bFerramentas para curar a saudade\",\"datePublished\":\"2019-01-29T13:26:48+00:00\",\"dateModified\":\"2021-02-17T11:55:36+00:00\",\"mainEntityOfPage\":{\"@id\":\"https:\/\/www.ferpam.com.br\/blog\/ferramentas-para-curar-a-saudade\/#webpage\"},\"commentCount\":0,\"publisher\":{\"@id\":\"https:\/\/www.ferpam.com.br\/blog\/#organization\"},\"image\":{\"@id\":\"https:\/\/www.ferpam.com.br\/blog\/ferramentas-para-curar-a-saudade\/#primaryimage\"},\"keywords\":\"#diadasaudade,#FERRAMENTAS,comolidar,Ferpam,saudadedoi\",\"articleSection\":\"Curiosidades\",\"inLanguage\":\"pt-BR\",\"potentialAction\":[{\"@type\":\"CommentAction\",\"name\":\"Comment\",\"target\":[\"https:\/\/www.ferpam.com.br\/blog\/ferramentas-para-curar-a-saudade\/#respond\"]}]},{\"@type\":\"Person\",\"@id\":\"https:\/\/www.ferpam.com.br\/blog\/#\/schema\/person\/17c24d0d22dd830e306685f9b94ec5e7\",\"name\":\"Ferpam Blog\",\"image\":{\"@type\":\"ImageObject\",\"@id\":\"https:\/\/www.ferpam.com.br\/blog\/#personlogo\",\"inLanguage\":\"pt-BR\",\"url\":\"https:\/\/secure.gravatar.com\/avatar\/cabb3a541ec0d8bedb85a519259a466229f358a62b34ef4b29cb8d6884944a6c?s=96&d=mm&r=g\",\"caption\":\"Ferpam Blog\"},\"sameAs\":[\"http:\/\/www.ferpam.com.br\"]}]}<\/script>\n<!-- \/ Yoast SEO plugin. -->","_links":{"self":[{"href":"https:\/\/www.ferpam.com.br\/blog\/wp-json\/wp\/v2\/posts\/1320","targetHints":{"allow":["GET"]}}],"collection":[{"href":"https:\/\/www.ferpam.com.br\/blog\/wp-json\/wp\/v2\/posts"}],"about":[{"href":"https:\/\/www.ferpam.com.br\/blog\/wp-json\/wp\/v2\/types\/post"}],"author":[{"embeddable":true,"href":"https:\/\/www.ferpam.com.br\/blog\/wp-json\/wp\/v2\/users\/4"}],"replies":[{"embeddable":true,"href":"https:\/\/www.ferpam.com.br\/blog\/wp-json\/wp\/v2\/comments?post=1320"}],"version-history":[{"count":1,"href":"https:\/\/www.ferpam.com.br\/blog\/wp-json\/wp\/v2\/posts\/1320\/revisions"}],"predecessor-version":[{"id":1327,"href":"https:\/\/www.ferpam.com.br\/blog\/wp-json\/wp\/v2\/posts\/1320\/revisions\/1327"}],"wp:featuredmedia":[{"embeddable":true,"href":"https:\/\/www.ferpam.com.br\/blog\/wp-json\/wp\/v2\/media\/1325"}],"wp:attachment":[{"href":"https:\/\/www.ferpam.com.br\/blog\/wp-json\/wp\/v2\/media?parent=1320"}],"wp:term":[{"taxonomy":"category","embeddable":true,"href":"https:\/\/www.ferpam.com.br\/blog\/wp-json\/wp\/v2\/categories?post=1320"},{"taxonomy":"post_tag","embeddable":true,"href":"https:\/\/www.ferpam.com.br\/blog\/wp-json\/wp\/v2\/tags?post=1320"}],"curies":[{"name":"wp","href":"https:\/\/api.w.org\/{rel}","templated":true}]}}