{"id":1328,"date":"2019-02-01T13:52:30","date_gmt":"2019-02-01T13:52:30","guid":{"rendered":"https:\/\/ferpam.widehomolog.biz\/blog\/?p=1328"},"modified":"2021-02-17T11:58:43","modified_gmt":"2021-02-17T11:58:43","slug":"nao-as-cordas-use-cinta-para-amarracao-de-cargas","status":"publish","type":"post","link":"https:\/\/www.ferpam.com.br\/blog\/nao-as-cordas-use-cinta-para-amarracao-de-cargas\/","title":{"rendered":"\u200bN\u00e3o \u00e0s cordas! Use cinta para amarra\u00e7\u00e3o de cargas."},"content":{"rendered":"<p style=\"font-weight: 300;\">Ap\u00f3s 2 anos do vigor da resolu\u00e7\u00e3o 552\/15 do CONTRAN (conselho nacional de tr\u00e2nsito), ainda acontecem acidentes devido imprud\u00eancia no transporte de cargas indevidamente.<\/p>\n<p style=\"font-weight: 300;\">A resolu\u00e7\u00e3o foi criada para regulamentar o transporte de cargas no Brasil e principalmente para promover mais seguran\u00e7a ao processo de\u00a0<a href=\"https:\/\/www.ferpam.com.br\/catalogsearch\/result\/?q=carga\">amarra\u00e7\u00e3o e acondicionamento de cargas<\/a>.<\/p>\n<p style=\"font-weight: 300;\">Para isso, criou-se a obrigatoriedade de uso de alguns dispositivos de amarra\u00e7\u00e3o. Entre as medidas est\u00e1 a\u00a0<b><strong data-redactor-tag=\"b\">proibi\u00e7\u00e3o do uso de cordas<\/strong><\/b>\u00a0para fixa\u00e7\u00e3o de cargas. Desta forma, a amarra\u00e7\u00e3o passou a ser realizada obrigatoriamente com correntes, cabos de a\u00e7o ou cintas t\u00eaxteis de amarra\u00e7\u00e3o de carga.<\/p>\n<p style=\"font-weight: 300;\"><b><strong data-redactor-tag=\"b\"><em data-redactor-tag=\"i\">Art. 1\u00ba Esta Resolu\u00e7\u00e3o fixa os requisitos m\u00ednimos de seguran\u00e7a para o transporte de cargas em ve\u00edculos de carga.<\/em><\/strong><\/b><b><strong data-redactor-tag=\"b\"><em data-redactor-tag=\"i\"><br \/>\nPar\u00e1grafo \u00fanico. As disposi\u00e7\u00f5es contidas nesta Resolu\u00e7\u00e3o aplicam-se tamb\u00e9m aos ve\u00edculos registrados como especiais ou mistos utilizados no transporte de cargas.<br \/>\nArt. 2\u00ba S\u00f3 poder\u00e3o transitar nas vias terrestres do territ\u00f3rio nacional abertas \u00e0 circula\u00e7\u00e3o, transportando cargas, ve\u00edculos que atendam aos requisitos previstos nesta Resolu\u00e7\u00e3o.\u00a0<\/em><\/strong><\/b><em data-redactor-tag=\"i\">(<\/em>552\/15 do CONTRAN)<\/p>\n<h2>Mas e agora, \u00e9 o fim das cordas no transporte de cargas?<\/h2>\n<p style=\"font-weight: 300;\">Sim e n\u00e3o! As cordas n\u00e3o atendem mais a finalidade de\u00a0<a href=\"https:\/\/www.ferpam.com.br\/catraca-manual-com-cinta-nylon-450kg.html\">fixa\u00e7\u00e3o da carga<\/a>, pois elas n\u00e3o t\u00eam resist\u00eancia ao peso nem \u00e0 for\u00e7a em kg que os itens produzem durante o transporte. A partir de agora, a \u00fanica utiliza\u00e7\u00e3o permitida para as cordas \u00e9 para amarra\u00e7\u00e3o de lonas, para evitar que a mesma voe.<\/p>\n<p style=\"font-weight: 300;\">Desde Janeiro de 2018 o uso das cintas t\u00eaxteis, cabos de a\u00e7o e correntes se tornaram obrigat\u00f3rios para ve\u00edculos de transporte.<\/p>\n<p style=\"font-weight: 300;\">Lembramos ainda, que as cordas n\u00e3o servem para garantir fixa\u00e7\u00e3o da carga, pois t\u00eam pouca resist\u00eancia e acabam se desgastando, se partindo e at\u00e9 se desamarrando com mais facilidade.<\/p>\n<p style=\"font-weight: 300;\">A resolu\u00e7\u00e3o \u00e9 muito mais completa e vem para regulamentar muitas partes importantes do transporte de carga, logo, se voc\u00ea gostou deste post e tem mais d\u00favidas deixe seu coment\u00e1rio que pesquisaremos o assunto que voc\u00ea escolher.<\/p>\n<h2>Curiosidade sobre as carrocerias de Madeira:<\/h2>\n<p style=\"font-weight: 300;\">Outra grande novidade \u00e9 que as carrocerias de madeira, por exemplo, devem ter estrutura de alta densidade e resist\u00eancia. E tamb\u00e9m, que \u00e9 obrigat\u00f3rio uso de adaptador em L ou em U, para fixa\u00e7\u00e3o segura das\u00a0<a href=\"https:\/\/www.ferpam.com.br\/cinta-para-carga-400kg-carbografite-250417.html\">cintas de amarra\u00e7\u00e3o<\/a>, cabos e correntes.<\/p>\n<ul>\n<li style=\"font-weight: 300;\"><em data-redactor-tag=\"i\"><b><strong data-redactor-tag=\"strong\"> 4\u00ba As carro\u00e7arias de madeira dever\u00e3o obedecer aos seguintes requisitos:<\/strong><\/b><\/em><\/li>\n<\/ul>\n<p style=\"font-weight: 300;\"><em data-redactor-tag=\"i\"><b><strong data-redactor-tag=\"strong\">I &#8211; As carro\u00e7arias novas dever\u00e3o ser constru\u00eddas com madeira de alta densidade e alta resist\u00eancia, ter obrigatoriamente fixadores met\u00e1licos de perfil U que comprovadamente resistam \u00e0s for\u00e7as solicitadas, conforme estabelecido no item 3.3 do Anexo desta Resolu\u00e7\u00e3o, n\u00e3o podendo ser considerados pontos de fixa\u00e7\u00e3o as guardas laterais e piso, se estes pontos de amarra\u00e7\u00e3o n\u00e3o estiverem em contato com travessas ou o chassi.<\/strong><\/b><\/em><\/p>\n<p style=\"font-weight: 300;\"><em data-redactor-tag=\"i\"><b><strong data-redactor-tag=\"strong\">II &#8211; Para os ve\u00edculos em circula\u00e7\u00e3o, dever\u00e3o ser adicionados aos dispositivos de amarra\u00e7\u00e3o perfis met\u00e1licos em &#8220;L&#8221; ou &#8220;U&#8221; nos pontos de fixa\u00e7\u00e3o, fixados nas travessas da estrutura por parafusos, de modo a permitir a soldagem do gancho nesse perfil e a garantir a resist\u00eancia necess\u00e1ria.\u00a0<\/strong><\/b><\/em><em data-redactor-tag=\"i\">(<\/em>552\/15 do CONTRAN)<\/p>\n<p style=\"font-weight: 300;\"><b><strong data-redactor-tag=\"b\">Evite acidentes!<\/strong><\/b>\u00a0N\u00e3o use cordas e adeque seu caminh\u00e3o.<\/p>\n","protected":false},"excerpt":{"rendered":"<p>Ap\u00f3s 2 anos do vigor da resolu\u00e7\u00e3o 552\/15 do CONTRAN (conselho nacional de tr\u00e2nsito), ainda acontecem acidentes devido imprud\u00eancia no transporte de cargas indevidamente. A resolu\u00e7\u00e3o foi criada para regulamentar o transporte de cargas no Brasil e principalmente para promover mais seguran\u00e7a ao processo de\u00a0amarra\u00e7\u00e3o e acondicionamento de cargas. Para isso, criou-se a obrigatoriedade de &hellip;<\/p>\n","protected":false},"author":4,"featured_media":1336,"comment_status":"open","ping_status":"open","sticky":false,"template":"","format":"standard","meta":{"footnotes":""},"categories":[25],"tags":[531,530,529],"class_list":["post-1328","post","type-post","status-publish","format-standard","has-post-thumbnail","hentry","category-curiosidades","tag-cintadeamarracao","tag-resolucao552-15","tag-transportedecarga"],"yoast_head":"<!-- This site is optimized with the Yoast SEO plugin v15.8 - https:\/\/yoast.com\/wordpress\/plugins\/seo\/ -->\n<title>\u200bN\u00e3o \u00e0s cordas! Use cinta para amarra\u00e7\u00e3o de cargas. - Blog Ferpam<\/title>\n<meta name=\"robots\" content=\"index, follow, max-snippet:-1, max-image-preview:large, max-video-preview:-1\" \/>\n<link rel=\"canonical\" href=\"https:\/\/www.ferpam.com.br\/blog\/nao-as-cordas-use-cinta-para-amarracao-de-cargas\/\" \/>\n<meta property=\"og:locale\" content=\"pt_BR\" \/>\n<meta property=\"og:type\" content=\"article\" \/>\n<meta property=\"og:title\" content=\"\u200bN\u00e3o \u00e0s cordas! Use cinta para amarra\u00e7\u00e3o de cargas. - Blog Ferpam\" \/>\n<meta property=\"og:description\" content=\"Ap\u00f3s 2 anos do vigor da resolu\u00e7\u00e3o 552\/15 do CONTRAN (conselho nacional de tr\u00e2nsito), ainda acontecem acidentes devido imprud\u00eancia no transporte de cargas indevidamente. A resolu\u00e7\u00e3o foi criada para regulamentar o transporte de cargas no Brasil e principalmente para promover mais seguran\u00e7a ao processo de\u00a0amarra\u00e7\u00e3o e acondicionamento de cargas. Para isso, criou-se a obrigatoriedade de &hellip;\" \/>\n<meta property=\"og:url\" content=\"https:\/\/www.ferpam.com.br\/blog\/nao-as-cordas-use-cinta-para-amarracao-de-cargas\/\" \/>\n<meta property=\"og:site_name\" content=\"Blog Ferpam\" \/>\n<meta property=\"article:published_time\" content=\"2019-02-01T13:52:30+00:00\" \/>\n<meta property=\"article:modified_time\" content=\"2021-02-17T11:58:43+00:00\" \/>\n<meta property=\"og:image\" content=\"https:\/\/www.ferpam.com.br\/blog\/wp-content\/uploads\/2021\/02\/76-1.png\" \/>\n\t<meta property=\"og:image:width\" content=\"966\" \/>\n\t<meta property=\"og:image:height\" content=\"580\" \/>\n<meta name=\"twitter:card\" content=\"summary_large_image\" \/>\n<meta name=\"twitter:label1\" content=\"Est. reading time\">\n\t<meta name=\"twitter:data1\" content=\"3 minutos\">\n<script type=\"application\/ld+json\" class=\"yoast-schema-graph\">{\"@context\":\"https:\/\/schema.org\",\"@graph\":[{\"@type\":\"Organization\",\"@id\":\"https:\/\/www.ferpam.com.br\/blog\/#organization\",\"name\":\"Ferpam\",\"url\":\"https:\/\/www.ferpam.com.br\/blog\/\",\"sameAs\":[],\"logo\":{\"@type\":\"ImageObject\",\"@id\":\"https:\/\/www.ferpam.com.br\/blog\/#logo\",\"inLanguage\":\"pt-BR\",\"url\":\"https:\/\/www.ferpam.com.br\/blog\/wp-content\/uploads\/2021\/02\/logo-1.png\",\"width\":254,\"height\":89,\"caption\":\"Ferpam\"},\"image\":{\"@id\":\"https:\/\/www.ferpam.com.br\/blog\/#logo\"}},{\"@type\":\"WebSite\",\"@id\":\"https:\/\/www.ferpam.com.br\/blog\/#website\",\"url\":\"https:\/\/www.ferpam.com.br\/blog\/\",\"name\":\"Blog Ferpam\",\"description\":\"Not\\u00edcias da Ferpam\",\"publisher\":{\"@id\":\"https:\/\/www.ferpam.com.br\/blog\/#organization\"},\"potentialAction\":[{\"@type\":\"SearchAction\",\"target\":\"https:\/\/www.ferpam.com.br\/blog\/?s={search_term_string}\",\"query-input\":\"required name=search_term_string\"}],\"inLanguage\":\"pt-BR\"},{\"@type\":\"ImageObject\",\"@id\":\"https:\/\/www.ferpam.com.br\/blog\/nao-as-cordas-use-cinta-para-amarracao-de-cargas\/#primaryimage\",\"inLanguage\":\"pt-BR\",\"url\":\"https:\/\/www.ferpam.com.br\/blog\/wp-content\/uploads\/2021\/02\/76-1.png\",\"width\":966,\"height\":580},{\"@type\":\"WebPage\",\"@id\":\"https:\/\/www.ferpam.com.br\/blog\/nao-as-cordas-use-cinta-para-amarracao-de-cargas\/#webpage\",\"url\":\"https:\/\/www.ferpam.com.br\/blog\/nao-as-cordas-use-cinta-para-amarracao-de-cargas\/\",\"name\":\"\\u200bN\\u00e3o \\u00e0s cordas! Use cinta para amarra\\u00e7\\u00e3o de cargas. - Blog Ferpam\",\"isPartOf\":{\"@id\":\"https:\/\/www.ferpam.com.br\/blog\/#website\"},\"primaryImageOfPage\":{\"@id\":\"https:\/\/www.ferpam.com.br\/blog\/nao-as-cordas-use-cinta-para-amarracao-de-cargas\/#primaryimage\"},\"datePublished\":\"2019-02-01T13:52:30+00:00\",\"dateModified\":\"2021-02-17T11:58:43+00:00\",\"breadcrumb\":{\"@id\":\"https:\/\/www.ferpam.com.br\/blog\/nao-as-cordas-use-cinta-para-amarracao-de-cargas\/#breadcrumb\"},\"inLanguage\":\"pt-BR\",\"potentialAction\":[{\"@type\":\"ReadAction\",\"target\":[\"https:\/\/www.ferpam.com.br\/blog\/nao-as-cordas-use-cinta-para-amarracao-de-cargas\/\"]}]},{\"@type\":\"BreadcrumbList\",\"@id\":\"https:\/\/www.ferpam.com.br\/blog\/nao-as-cordas-use-cinta-para-amarracao-de-cargas\/#breadcrumb\",\"itemListElement\":[{\"@type\":\"ListItem\",\"position\":1,\"item\":{\"@type\":\"WebPage\",\"@id\":\"https:\/\/www.ferpam.com.br\/blog\/\",\"url\":\"https:\/\/www.ferpam.com.br\/blog\/\",\"name\":\"In\\u00edcio\"}},{\"@type\":\"ListItem\",\"position\":2,\"item\":{\"@type\":\"WebPage\",\"@id\":\"https:\/\/www.ferpam.com.br\/blog\/nao-as-cordas-use-cinta-para-amarracao-de-cargas\/\",\"url\":\"https:\/\/www.ferpam.com.br\/blog\/nao-as-cordas-use-cinta-para-amarracao-de-cargas\/\",\"name\":\"\\u200bN\\u00e3o \\u00e0s cordas! Use cinta para amarra\\u00e7\\u00e3o de cargas.\"}}]},{\"@type\":\"Article\",\"@id\":\"https:\/\/www.ferpam.com.br\/blog\/nao-as-cordas-use-cinta-para-amarracao-de-cargas\/#article\",\"isPartOf\":{\"@id\":\"https:\/\/www.ferpam.com.br\/blog\/nao-as-cordas-use-cinta-para-amarracao-de-cargas\/#webpage\"},\"author\":{\"@id\":\"https:\/\/www.ferpam.com.br\/blog\/#\/schema\/person\/17c24d0d22dd830e306685f9b94ec5e7\"},\"headline\":\"\\u200bN\\u00e3o \\u00e0s cordas! Use cinta para amarra\\u00e7\\u00e3o de cargas.\",\"datePublished\":\"2019-02-01T13:52:30+00:00\",\"dateModified\":\"2021-02-17T11:58:43+00:00\",\"mainEntityOfPage\":{\"@id\":\"https:\/\/www.ferpam.com.br\/blog\/nao-as-cordas-use-cinta-para-amarracao-de-cargas\/#webpage\"},\"commentCount\":0,\"publisher\":{\"@id\":\"https:\/\/www.ferpam.com.br\/blog\/#organization\"},\"image\":{\"@id\":\"https:\/\/www.ferpam.com.br\/blog\/nao-as-cordas-use-cinta-para-amarracao-de-cargas\/#primaryimage\"},\"keywords\":\"cintadeamarracao,resolucao552\/15,transportedecarga\",\"articleSection\":\"Curiosidades\",\"inLanguage\":\"pt-BR\",\"potentialAction\":[{\"@type\":\"CommentAction\",\"name\":\"Comment\",\"target\":[\"https:\/\/www.ferpam.com.br\/blog\/nao-as-cordas-use-cinta-para-amarracao-de-cargas\/#respond\"]}]},{\"@type\":\"Person\",\"@id\":\"https:\/\/www.ferpam.com.br\/blog\/#\/schema\/person\/17c24d0d22dd830e306685f9b94ec5e7\",\"name\":\"Ferpam Blog\",\"image\":{\"@type\":\"ImageObject\",\"@id\":\"https:\/\/www.ferpam.com.br\/blog\/#personlogo\",\"inLanguage\":\"pt-BR\",\"url\":\"https:\/\/secure.gravatar.com\/avatar\/cabb3a541ec0d8bedb85a519259a466229f358a62b34ef4b29cb8d6884944a6c?s=96&d=mm&r=g\",\"caption\":\"Ferpam Blog\"},\"sameAs\":[\"http:\/\/www.ferpam.com.br\"]}]}<\/script>\n<!-- \/ Yoast SEO plugin. -->","_links":{"self":[{"href":"https:\/\/www.ferpam.com.br\/blog\/wp-json\/wp\/v2\/posts\/1328","targetHints":{"allow":["GET"]}}],"collection":[{"href":"https:\/\/www.ferpam.com.br\/blog\/wp-json\/wp\/v2\/posts"}],"about":[{"href":"https:\/\/www.ferpam.com.br\/blog\/wp-json\/wp\/v2\/types\/post"}],"author":[{"embeddable":true,"href":"https:\/\/www.ferpam.com.br\/blog\/wp-json\/wp\/v2\/users\/4"}],"replies":[{"embeddable":true,"href":"https:\/\/www.ferpam.com.br\/blog\/wp-json\/wp\/v2\/comments?post=1328"}],"version-history":[{"count":1,"href":"https:\/\/www.ferpam.com.br\/blog\/wp-json\/wp\/v2\/posts\/1328\/revisions"}],"predecessor-version":[{"id":1339,"href":"https:\/\/www.ferpam.com.br\/blog\/wp-json\/wp\/v2\/posts\/1328\/revisions\/1339"}],"wp:featuredmedia":[{"embeddable":true,"href":"https:\/\/www.ferpam.com.br\/blog\/wp-json\/wp\/v2\/media\/1336"}],"wp:attachment":[{"href":"https:\/\/www.ferpam.com.br\/blog\/wp-json\/wp\/v2\/media?parent=1328"}],"wp:term":[{"taxonomy":"category","embeddable":true,"href":"https:\/\/www.ferpam.com.br\/blog\/wp-json\/wp\/v2\/categories?post=1328"},{"taxonomy":"post_tag","embeddable":true,"href":"https:\/\/www.ferpam.com.br\/blog\/wp-json\/wp\/v2\/tags?post=1328"}],"curies":[{"name":"wp","href":"https:\/\/api.w.org\/{rel}","templated":true}]}}