{"id":1411,"date":"2019-10-29T00:00:08","date_gmt":"2019-10-29T00:00:08","guid":{"rendered":"https:\/\/ferpam.widehomolog.biz\/blog\/?p=1411"},"modified":"2021-02-17T12:36:32","modified_gmt":"2021-02-17T12:36:32","slug":"soldador-deve-usar-protetor-solar","status":"publish","type":"post","link":"https:\/\/www.ferpam.com.br\/blog\/soldador-deve-usar-protetor-solar\/","title":{"rendered":"\u200bSoldador deve usar protetor solar?"},"content":{"rendered":"<p style=\"font-weight: 300;\">Hoje vamos falar de seguran\u00e7a no servi\u00e7o de soldagem, voc\u00ea sabia que a pele \u00e9 o maior \u00f3rg\u00e3o do corpo humano e que ela pode ser extremamente agredida pela radia\u00e7\u00e3o do arco el\u00e9trico da solda? A Ferpam tem como miss\u00e3o oferecer solu\u00e7\u00f5es \u00fateis e aplic\u00e1veis ao dia a dia. Venha ler mais!<\/p>\n<p style=\"font-weight: 300;\">O processo de soldagem \u00e9 o ganha p\u00e3o de muitas fam\u00edlias, por isso \u00e9 importante cuidar da sa\u00fade para conseguir manter-se produtivo e ativo por mais tempo. Principalmente, porque este processo envolve muitos riscos.<\/p>\n<p style=\"font-weight: 300;\">Os riscos de trabalhar como soldador s\u00e3o f\u00edsicos, qu\u00edmicos e ergon\u00f4micos. Mas, o maior fator de risco \u00e9 o da\u00a0<a href=\"https:\/\/www.ferpam.com.br\/blog\/cuidado-queimaduras-com-a-luz-da-solda.html\">queimadura pela radia\u00e7\u00e3o do arco el\u00e9trico da solda<\/a>, que pode chegar a 3 mil graus c\u00e9lsius. Logo, se a pele \u00e9 o maior \u00f3rg\u00e3o do corpo humano, consequentemente ela tamb\u00e9m \u00e9 o mais afetado pela radia\u00e7\u00e3o. A \u00fanica sa\u00edda \u00e9 se proteger!<\/p>\n<p style=\"font-weight: 300;\">O protetor solar \u00e9 indispens\u00e1vel para o soldador, pois ele\u00a0<a href=\"https:\/\/www.ferpam.com.br\/catalogsearch\/result\/?q=protetor+sol\">protege dos raios UVA\/UVB<\/a>, hidrata, preveni manchas e o envelhecimento precoce. Voc\u00ea j\u00e1 conheceu algum soldador com o rosto todo envelhecido? Por isso, o melhor \u00e9 se previnir!<\/p>\n<p style=\"font-weight: 300;\"><img loading=\"lazy\" decoding=\"async\" class=\"size-medium wp-image-1414 alignleft\" src=\"https:\/\/ferpam.widehomolog.biz\/blog\/wp-content\/uploads\/2021\/02\/3bb7fe2486afe135e49cee8a727a406a1-113x300.jpg\" alt=\"\" width=\"113\" height=\"300\" srcset=\"https:\/\/www.ferpam.com.br\/blog\/wp-content\/uploads\/2021\/02\/3bb7fe2486afe135e49cee8a727a406a1-113x300.jpg 113w, https:\/\/www.ferpam.com.br\/blog\/wp-content\/uploads\/2021\/02\/3bb7fe2486afe135e49cee8a727a406a1.jpg 301w\" sizes=\"auto, (max-width: 113px) 100vw, 113px\" \/>Pois \u00e9 caro leitor, imagine trabalhar diariamente sob uma radia\u00e7\u00e3o muito mais forte que a do sol? Por isso, um produto muito importante para soldadores \u00e9 o\u00a0<a href=\"https:\/\/www.ferpam.com.br\/protetor-solar-fps-60-c-repelente-120ml-luvex.html\">Protetor Solar FPS 60<\/a>! Quanto maior o fator de prote\u00e7\u00e3o, melhor.<\/p>\n<p style=\"font-weight: 300;\">Novamente, a FERPAM alerta! As les\u00f5es causadas pela radia\u00e7\u00e3o do arco el\u00e9trico de solda podem ser graves e acabar afastando o colaborador do posto de trabalho. A falta de EPI \u00e9 uma viola\u00e7\u00e3o da lei de trabalho, e o empres\u00e1rio \u00e9 obrigado a fornecer os equipamentos, para preven\u00e7\u00e3o de acidentes.<\/p>\n<p style=\"font-weight: 300;\">Acidentes com solda s\u00e3o comuns, principalmente queimadura nos olhos e na pele, al\u00e9m destes danos, ainda existe um alto risco da intoxica\u00e7\u00e3o pela fuma\u00e7a que sai do eletrodo. Para minimizar tais danos \u00e0 sa\u00fade do trabalhador, \u00e9 preciso usar todos os equipamentos prote\u00e7\u00e3o e o Protetor Solar.<\/p>\n<h2>EPI&#8217;s para soldador:<\/h2>\n<p style=\"font-weight: 300;\"><a href=\"https:\/\/www.ferpam.com.br\/catalogsearch\/result\/?q=mascara+de+solda\">M\u00e1scara de solda<\/a>\u00a0autom\u00e1tica,<\/p>\n<p style=\"font-weight: 300;\"><a href=\"https:\/\/www.ferpam.com.br\/catalogsearch\/result\/?q=luva+de+raspa\">Luva de raspa<\/a>,<\/p>\n<p style=\"font-weight: 300;\"><a href=\"https:\/\/www.ferpam.com.br\/catalogsearch\/result\/?q=mangote+de+raspa\">Mangote de raspa,<\/a><\/p>\n<p style=\"font-weight: 300;\"><a href=\"https:\/\/www.ferpam.com.br\/perneira-raspa-p-soldador-velcro-zanel.html\">Perneiras de raspa,<\/a><\/p>\n<p style=\"font-weight: 300;\"><a href=\"https:\/\/www.ferpam.com.br\/avental-de-raspa-barbeiro-c-manga-zanel.html\">Avental<\/a>\u00a0de raspa<\/p>\n<p style=\"font-weight: 300;\"><a href=\"https:\/\/www.ferpam.com.br\/catalogsearch\/result\/?q=protetor+solar+nutriex\">Protetor Solar<\/a>\u00a0de 1 litro ou\u00a0<a href=\"https:\/\/www.ferpam.com.br\/protetor-solar-de-2l-fps-30-nutriex.html\">2 litros<\/a>, ideal para empresas que tem muitos colaboradores.<\/p>\n<p style=\"font-weight: 300;\">Aten\u00e7\u00e3o!<\/p>\n<p style=\"font-weight: 300;\">Para evitar queimadura nos olhos e no rosto, a\u00a0<a href=\"https:\/\/www.ferpam.com.br\/catalogsearch\/result\/?q=mascara+de+solda\">m\u00e1scara de solda estilo capacete<\/a>\u00a0\u00e9 a mais indicada. Principalmente se a jornada de trabalho \u00e9 muito grande, pois ela protege completamente os olhos e a face.<\/p>\n","protected":false},"excerpt":{"rendered":"<p>Hoje vamos falar de seguran\u00e7a no servi\u00e7o de soldagem, voc\u00ea sabia que a pele \u00e9 o maior \u00f3rg\u00e3o do corpo humano e que ela pode ser extremamente agredida pela radia\u00e7\u00e3o do arco el\u00e9trico da solda? A Ferpam tem como miss\u00e3o oferecer solu\u00e7\u00f5es \u00fateis e aplic\u00e1veis ao dia a dia. Venha ler mais! O processo de &hellip;<\/p>\n","protected":false},"author":4,"featured_media":1418,"comment_status":"open","ping_status":"open","sticky":false,"template":"","format":"standard","meta":{"footnotes":""},"categories":[28],"tags":[556,609],"class_list":["post-1411","post","type-post","status-publish","format-standard","has-post-thumbnail","hentry","category-clube-da-solda-ferpam","tag-solda","tag-dica-de-seguranca"],"yoast_head":"<!-- This site is optimized with the Yoast SEO plugin v15.8 - https:\/\/yoast.com\/wordpress\/plugins\/seo\/ -->\n<title>\u200bSoldador deve usar protetor solar? - Blog Ferpam<\/title>\n<meta name=\"robots\" content=\"index, follow, max-snippet:-1, max-image-preview:large, max-video-preview:-1\" \/>\n<link rel=\"canonical\" href=\"https:\/\/www.ferpam.com.br\/blog\/soldador-deve-usar-protetor-solar\/\" \/>\n<meta property=\"og:locale\" content=\"pt_BR\" \/>\n<meta property=\"og:type\" content=\"article\" \/>\n<meta property=\"og:title\" content=\"\u200bSoldador deve usar protetor solar? - Blog Ferpam\" \/>\n<meta property=\"og:description\" content=\"Hoje vamos falar de seguran\u00e7a no servi\u00e7o de soldagem, voc\u00ea sabia que a pele \u00e9 o maior \u00f3rg\u00e3o do corpo humano e que ela pode ser extremamente agredida pela radia\u00e7\u00e3o do arco el\u00e9trico da solda? A Ferpam tem como miss\u00e3o oferecer solu\u00e7\u00f5es \u00fateis e aplic\u00e1veis ao dia a dia. Venha ler mais! O processo de &hellip;\" \/>\n<meta property=\"og:url\" content=\"https:\/\/www.ferpam.com.br\/blog\/soldador-deve-usar-protetor-solar\/\" \/>\n<meta property=\"og:site_name\" content=\"Blog Ferpam\" \/>\n<meta property=\"article:published_time\" content=\"2019-10-29T00:00:08+00:00\" \/>\n<meta property=\"article:modified_time\" content=\"2021-02-17T12:36:32+00:00\" \/>\n<meta property=\"og:image\" content=\"https:\/\/www.ferpam.com.br\/blog\/wp-content\/uploads\/2021\/02\/7163e0a90a4c2e0be85eff7d353999b41.jpg\" \/>\n\t<meta property=\"og:image:width\" content=\"974\" \/>\n\t<meta property=\"og:image:height\" content=\"592\" \/>\n<meta name=\"twitter:card\" content=\"summary_large_image\" \/>\n<meta name=\"twitter:label1\" content=\"Est. reading time\">\n\t<meta name=\"twitter:data1\" content=\"2 minutos\">\n<script type=\"application\/ld+json\" class=\"yoast-schema-graph\">{\"@context\":\"https:\/\/schema.org\",\"@graph\":[{\"@type\":\"Organization\",\"@id\":\"https:\/\/www.ferpam.com.br\/blog\/#organization\",\"name\":\"Ferpam\",\"url\":\"https:\/\/www.ferpam.com.br\/blog\/\",\"sameAs\":[],\"logo\":{\"@type\":\"ImageObject\",\"@id\":\"https:\/\/www.ferpam.com.br\/blog\/#logo\",\"inLanguage\":\"pt-BR\",\"url\":\"https:\/\/www.ferpam.com.br\/blog\/wp-content\/uploads\/2021\/02\/logo-1.png\",\"width\":254,\"height\":89,\"caption\":\"Ferpam\"},\"image\":{\"@id\":\"https:\/\/www.ferpam.com.br\/blog\/#logo\"}},{\"@type\":\"WebSite\",\"@id\":\"https:\/\/www.ferpam.com.br\/blog\/#website\",\"url\":\"https:\/\/www.ferpam.com.br\/blog\/\",\"name\":\"Blog Ferpam\",\"description\":\"Not\\u00edcias da Ferpam\",\"publisher\":{\"@id\":\"https:\/\/www.ferpam.com.br\/blog\/#organization\"},\"potentialAction\":[{\"@type\":\"SearchAction\",\"target\":\"https:\/\/www.ferpam.com.br\/blog\/?s={search_term_string}\",\"query-input\":\"required name=search_term_string\"}],\"inLanguage\":\"pt-BR\"},{\"@type\":\"ImageObject\",\"@id\":\"https:\/\/www.ferpam.com.br\/blog\/soldador-deve-usar-protetor-solar\/#primaryimage\",\"inLanguage\":\"pt-BR\",\"url\":\"https:\/\/www.ferpam.com.br\/blog\/wp-content\/uploads\/2021\/02\/7163e0a90a4c2e0be85eff7d353999b41.jpg\",\"width\":974,\"height\":592},{\"@type\":\"WebPage\",\"@id\":\"https:\/\/www.ferpam.com.br\/blog\/soldador-deve-usar-protetor-solar\/#webpage\",\"url\":\"https:\/\/www.ferpam.com.br\/blog\/soldador-deve-usar-protetor-solar\/\",\"name\":\"\\u200bSoldador deve usar protetor solar? - Blog Ferpam\",\"isPartOf\":{\"@id\":\"https:\/\/www.ferpam.com.br\/blog\/#website\"},\"primaryImageOfPage\":{\"@id\":\"https:\/\/www.ferpam.com.br\/blog\/soldador-deve-usar-protetor-solar\/#primaryimage\"},\"datePublished\":\"2019-10-29T00:00:08+00:00\",\"dateModified\":\"2021-02-17T12:36:32+00:00\",\"breadcrumb\":{\"@id\":\"https:\/\/www.ferpam.com.br\/blog\/soldador-deve-usar-protetor-solar\/#breadcrumb\"},\"inLanguage\":\"pt-BR\",\"potentialAction\":[{\"@type\":\"ReadAction\",\"target\":[\"https:\/\/www.ferpam.com.br\/blog\/soldador-deve-usar-protetor-solar\/\"]}]},{\"@type\":\"BreadcrumbList\",\"@id\":\"https:\/\/www.ferpam.com.br\/blog\/soldador-deve-usar-protetor-solar\/#breadcrumb\",\"itemListElement\":[{\"@type\":\"ListItem\",\"position\":1,\"item\":{\"@type\":\"WebPage\",\"@id\":\"https:\/\/www.ferpam.com.br\/blog\/\",\"url\":\"https:\/\/www.ferpam.com.br\/blog\/\",\"name\":\"In\\u00edcio\"}},{\"@type\":\"ListItem\",\"position\":2,\"item\":{\"@type\":\"WebPage\",\"@id\":\"https:\/\/www.ferpam.com.br\/blog\/soldador-deve-usar-protetor-solar\/\",\"url\":\"https:\/\/www.ferpam.com.br\/blog\/soldador-deve-usar-protetor-solar\/\",\"name\":\"\\u200bSoldador deve usar protetor solar?\"}}]},{\"@type\":\"Article\",\"@id\":\"https:\/\/www.ferpam.com.br\/blog\/soldador-deve-usar-protetor-solar\/#article\",\"isPartOf\":{\"@id\":\"https:\/\/www.ferpam.com.br\/blog\/soldador-deve-usar-protetor-solar\/#webpage\"},\"author\":{\"@id\":\"https:\/\/www.ferpam.com.br\/blog\/#\/schema\/person\/17c24d0d22dd830e306685f9b94ec5e7\"},\"headline\":\"\\u200bSoldador deve usar protetor solar?\",\"datePublished\":\"2019-10-29T00:00:08+00:00\",\"dateModified\":\"2021-02-17T12:36:32+00:00\",\"mainEntityOfPage\":{\"@id\":\"https:\/\/www.ferpam.com.br\/blog\/soldador-deve-usar-protetor-solar\/#webpage\"},\"commentCount\":0,\"publisher\":{\"@id\":\"https:\/\/www.ferpam.com.br\/blog\/#organization\"},\"image\":{\"@id\":\"https:\/\/www.ferpam.com.br\/blog\/soldador-deve-usar-protetor-solar\/#primaryimage\"},\"keywords\":\"#solda,dica de seguran\\u00e7a\",\"articleSection\":\"Clube da solda Ferpam\",\"inLanguage\":\"pt-BR\",\"potentialAction\":[{\"@type\":\"CommentAction\",\"name\":\"Comment\",\"target\":[\"https:\/\/www.ferpam.com.br\/blog\/soldador-deve-usar-protetor-solar\/#respond\"]}]},{\"@type\":\"Person\",\"@id\":\"https:\/\/www.ferpam.com.br\/blog\/#\/schema\/person\/17c24d0d22dd830e306685f9b94ec5e7\",\"name\":\"Ferpam Blog\",\"image\":{\"@type\":\"ImageObject\",\"@id\":\"https:\/\/www.ferpam.com.br\/blog\/#personlogo\",\"inLanguage\":\"pt-BR\",\"url\":\"https:\/\/secure.gravatar.com\/avatar\/cabb3a541ec0d8bedb85a519259a466229f358a62b34ef4b29cb8d6884944a6c?s=96&d=mm&r=g\",\"caption\":\"Ferpam Blog\"},\"sameAs\":[\"http:\/\/www.ferpam.com.br\"]}]}<\/script>\n<!-- \/ Yoast SEO plugin. -->","_links":{"self":[{"href":"https:\/\/www.ferpam.com.br\/blog\/wp-json\/wp\/v2\/posts\/1411","targetHints":{"allow":["GET"]}}],"collection":[{"href":"https:\/\/www.ferpam.com.br\/blog\/wp-json\/wp\/v2\/posts"}],"about":[{"href":"https:\/\/www.ferpam.com.br\/blog\/wp-json\/wp\/v2\/types\/post"}],"author":[{"embeddable":true,"href":"https:\/\/www.ferpam.com.br\/blog\/wp-json\/wp\/v2\/users\/4"}],"replies":[{"embeddable":true,"href":"https:\/\/www.ferpam.com.br\/blog\/wp-json\/wp\/v2\/comments?post=1411"}],"version-history":[{"count":1,"href":"https:\/\/www.ferpam.com.br\/blog\/wp-json\/wp\/v2\/posts\/1411\/revisions"}],"predecessor-version":[{"id":1420,"href":"https:\/\/www.ferpam.com.br\/blog\/wp-json\/wp\/v2\/posts\/1411\/revisions\/1420"}],"wp:featuredmedia":[{"embeddable":true,"href":"https:\/\/www.ferpam.com.br\/blog\/wp-json\/wp\/v2\/media\/1418"}],"wp:attachment":[{"href":"https:\/\/www.ferpam.com.br\/blog\/wp-json\/wp\/v2\/media?parent=1411"}],"wp:term":[{"taxonomy":"category","embeddable":true,"href":"https:\/\/www.ferpam.com.br\/blog\/wp-json\/wp\/v2\/categories?post=1411"},{"taxonomy":"post_tag","embeddable":true,"href":"https:\/\/www.ferpam.com.br\/blog\/wp-json\/wp\/v2\/tags?post=1411"}],"curies":[{"name":"wp","href":"https:\/\/api.w.org\/{rel}","templated":true}]}}