{"id":1441,"date":"2020-04-09T08:49:59","date_gmt":"2020-04-09T08:49:59","guid":{"rendered":"https:\/\/ferpam.widehomolog.biz\/blog\/?p=1441"},"modified":"2021-02-17T12:54:41","modified_gmt":"2021-02-17T12:54:41","slug":"ressinificando-a-pascoa-em-epocas-dificeis","status":"publish","type":"post","link":"https:\/\/www.ferpam.com.br\/blog\/ressinificando-a-pascoa-em-epocas-dificeis\/","title":{"rendered":"Ressignificando a P\u00e1scoa em \u00e9pocas dif\u00edceis"},"content":{"rendered":"<p style=\"font-weight: 300;\">A p\u00e1scoas 2020 est\u00e1 sendo a mais diferentes dos \u00faltimos anos, voc\u00ea tem esta impress\u00e3o? Estamos em meio a uma pandemia e muitos nem est\u00e3o se lembrando da P\u00e1scoa. Mas, n\u00f3s, como fam\u00edlia\u00a0<a href=\"https:\/\/www.ferpam.com.br\/\">Ferpam<\/a>, estamos aqui para te ajudar a se lembrar e dar um significado a este momento especial e diferente.<\/p>\n<p style=\"font-weight: 300;\">Esta data, em outros anos j\u00e1 foi alegre e doce, pois \u00e9 na p\u00e1scoa que produtos se tornam extremamente comerciais, onde empresas grandes e pequenas ganhavam muito dinheiro vendendo chocolate, itens de confeitaria e principalmente ovos de chocolate, a crian\u00e7ada ganhava presentes e doces.<\/p>\n<h2>Origem da P\u00e1scoa e o seu significado<\/h2>\n<p style=\"font-weight: 300;\">Antes de mais nada, precisamos resgatar aqui a origem da P\u00e1scoa, como ela come\u00e7ou e o que significava bem no seu in\u00edcio. Tudo come\u00e7ou mil\u00eanios antes de Cristo, quando Deus planejava livrar o povo judeu da escravid\u00e3o no Egito, veja:<\/p>\n<p style=\"font-weight: 300;\"><em data-redactor-tag=\"i\">&#8220;12.Naquela noite, passarei atrav\u00e9s do Egito, e ferirei os primog\u00eanitos no Egito, tanto os dos homens como os dos animais, e exercerei minha justi\u00e7a contra todos os deuses do Egito. Eu sou o Senhor.<\/em><\/p>\n<p style=\"font-weight: 300;\"><em data-redactor-tag=\"i\">13.O sangue sobre as casas em que habitais vos servir\u00e1 de sinal (de prote\u00e7\u00e3o):\u00a0<b><strong data-redactor-tag=\"b\">vendo o sangue, passarei adiante, e n\u00e3o sereis atingidos pelo flagelo destruidor<\/strong><\/b>, quando eu ferir o Egito.<\/em><\/p>\n<p style=\"font-weight: 300;\"><em data-redactor-tag=\"i\">14.<b><strong data-redactor-tag=\"b\">Conservareis a mem\u00f3ria daquele dia<\/strong><\/b>,\u00a0<b><strong data-redactor-tag=\"b\">celebrando-o com uma festa em honra do Senhor<\/strong><\/b>: fareis isso de gera\u00e7\u00e3o em gera\u00e7\u00e3o, pois \u00e9 uma institui\u00ad\u00e7\u00e3o perp\u00e9tua.&#8221;<\/em><\/p>\n<p style=\"font-weight: 300;\">\u00caxodo, 12<\/p>\n<h2>Jesus e o simbolismo da P\u00e1scoa Crist\u00e3<\/h2>\n<p style=\"font-weight: 300;\">Como visto acima, a P\u00e1scoa foi institu\u00edda e comemorada antes de Cristo pelos Judeus, e o s\u00edmbolo era tamb\u00e9m a forma como Deus livrou seu povo, salvado eles de uma praga mortal.<\/p>\n<p style=\"font-weight: 300;\">Mas, quando Jesus veio a este mundo a sua hist\u00f3ria se uniu ao per\u00edodo da P\u00e1scoa, pois foi o esp\u00edrito deste per\u00edodo que foi o preparando para sua morte e ressurrei\u00e7\u00e3o. Ou seja, Ele j\u00e1 sabia que ele seria o cordeiro que havia de morrer para levar a mesma salva\u00e7\u00e3o e livramento do mundo das consequ\u00eancias do pecado.<\/p>\n<p style=\"font-weight: 300;\">O\u00a0<b><strong data-redactor-tag=\"b\">Domingo de Ramos<\/strong><\/b>, por exemplo, relembra a entrada triunfal de Jesus em Jerusal\u00e9m, sendo reconhecido pelo povo como o filho de Deus. A\u00a0<b><strong data-redactor-tag=\"b\">Sexta-feira Santa<\/strong><\/b>, relembra o dia do sacrifico de Jesus na Cruz.\u00a0<b><strong data-redactor-tag=\"b\">O S\u00e1bado Santo<\/strong><\/b>, marca o dia em que Jesus descansa no sepulcro e passa pela morte, j\u00e1 no\u00a0<b><strong data-redactor-tag=\"b\">Domingo de Santo<\/strong><\/b>, enfatizamos a celebra\u00e7\u00e3o da ressurrei\u00e7\u00e3o e vida de Jesus superando a morte e concretizando o plano da Salva\u00e7\u00e3o do Homem.<\/p>\n<h2>Como entender a P\u00e1scoa 2020?<\/h2>\n<p style=\"font-weight: 300;\">Ressinifique a P\u00e1scoa 2020, pois estamos passando por uma crise, estamos em meio a uma pandemia que est\u00e1 tirando a liberdade de muitos. Que possamos todos marcar a nossos lares com o sangue de Jesus e orar pelo livramento do mundo.<\/p>\n<p style=\"font-weight: 300;\">Como Fam\u00edlia de f\u00e9 que somos, a\u00a0<a href=\"https:\/\/www.ferpam.com.br\/\">Ferpam deseja uma P\u00e1scoa Feliz<\/a>\u00a0a todos n\u00f3s. Que possamos viver este momento com esperan\u00e7a no cora\u00e7\u00e3o.<\/p>\n","protected":false},"excerpt":{"rendered":"<p>A p\u00e1scoas 2020 est\u00e1 sendo a mais diferentes dos \u00faltimos anos, voc\u00ea tem esta impress\u00e3o? Estamos em meio a uma pandemia e muitos nem est\u00e3o se lembrando da P\u00e1scoa. Mas, n\u00f3s, como fam\u00edlia\u00a0Ferpam, estamos aqui para te ajudar a se lembrar e dar um significado a este momento especial e diferente. Esta data, em outros &hellip;<\/p>\n","protected":false},"author":4,"featured_media":1470,"comment_status":"open","ping_status":"open","sticky":false,"template":"","format":"standard","meta":{"footnotes":""},"categories":[26],"tags":[330,484,274,273],"class_list":["post-1441","post","type-post","status-publish","format-standard","has-post-thumbnail","hentry","category-noticias-ferpam","tag-ferpam","tag-felizpascoa","tag-origemdapascoa","tag-significadodapascoa"],"yoast_head":"<!-- This site is optimized with the Yoast SEO plugin v15.8 - https:\/\/yoast.com\/wordpress\/plugins\/seo\/ -->\n<title>Ressignificando a P\u00e1scoa em \u00e9pocas dif\u00edceis - Blog Ferpam<\/title>\n<meta name=\"robots\" content=\"index, follow, max-snippet:-1, max-image-preview:large, max-video-preview:-1\" \/>\n<link rel=\"canonical\" href=\"https:\/\/www.ferpam.com.br\/blog\/ressinificando-a-pascoa-em-epocas-dificeis\/\" \/>\n<meta property=\"og:locale\" content=\"pt_BR\" \/>\n<meta property=\"og:type\" content=\"article\" \/>\n<meta property=\"og:title\" content=\"Ressignificando a P\u00e1scoa em \u00e9pocas dif\u00edceis - Blog Ferpam\" \/>\n<meta property=\"og:description\" content=\"A p\u00e1scoas 2020 est\u00e1 sendo a mais diferentes dos \u00faltimos anos, voc\u00ea tem esta impress\u00e3o? Estamos em meio a uma pandemia e muitos nem est\u00e3o se lembrando da P\u00e1scoa. Mas, n\u00f3s, como fam\u00edlia\u00a0Ferpam, estamos aqui para te ajudar a se lembrar e dar um significado a este momento especial e diferente. Esta data, em outros &hellip;\" \/>\n<meta property=\"og:url\" content=\"https:\/\/www.ferpam.com.br\/blog\/ressinificando-a-pascoa-em-epocas-dificeis\/\" \/>\n<meta property=\"og:site_name\" content=\"Blog Ferpam\" \/>\n<meta property=\"article:published_time\" content=\"2020-04-09T08:49:59+00:00\" \/>\n<meta property=\"article:modified_time\" content=\"2021-02-17T12:54:41+00:00\" \/>\n<meta property=\"og:image\" content=\"https:\/\/www.ferpam.com.br\/blog\/wp-content\/uploads\/2021\/02\/2115b45613090c0e7c26c369cf1754301.jpg\" \/>\n\t<meta property=\"og:image:width\" content=\"968\" \/>\n\t<meta property=\"og:image:height\" content=\"584\" \/>\n<meta name=\"twitter:card\" content=\"summary_large_image\" \/>\n<meta name=\"twitter:label1\" content=\"Est. reading time\">\n\t<meta name=\"twitter:data1\" content=\"3 minutos\">\n<script type=\"application\/ld+json\" class=\"yoast-schema-graph\">{\"@context\":\"https:\/\/schema.org\",\"@graph\":[{\"@type\":\"Organization\",\"@id\":\"https:\/\/www.ferpam.com.br\/blog\/#organization\",\"name\":\"Ferpam\",\"url\":\"https:\/\/www.ferpam.com.br\/blog\/\",\"sameAs\":[],\"logo\":{\"@type\":\"ImageObject\",\"@id\":\"https:\/\/www.ferpam.com.br\/blog\/#logo\",\"inLanguage\":\"pt-BR\",\"url\":\"https:\/\/www.ferpam.com.br\/blog\/wp-content\/uploads\/2021\/02\/logo-1.png\",\"width\":254,\"height\":89,\"caption\":\"Ferpam\"},\"image\":{\"@id\":\"https:\/\/www.ferpam.com.br\/blog\/#logo\"}},{\"@type\":\"WebSite\",\"@id\":\"https:\/\/www.ferpam.com.br\/blog\/#website\",\"url\":\"https:\/\/www.ferpam.com.br\/blog\/\",\"name\":\"Blog Ferpam\",\"description\":\"Not\\u00edcias da Ferpam\",\"publisher\":{\"@id\":\"https:\/\/www.ferpam.com.br\/blog\/#organization\"},\"potentialAction\":[{\"@type\":\"SearchAction\",\"target\":\"https:\/\/www.ferpam.com.br\/blog\/?s={search_term_string}\",\"query-input\":\"required name=search_term_string\"}],\"inLanguage\":\"pt-BR\"},{\"@type\":\"ImageObject\",\"@id\":\"https:\/\/www.ferpam.com.br\/blog\/ressinificando-a-pascoa-em-epocas-dificeis\/#primaryimage\",\"inLanguage\":\"pt-BR\",\"url\":\"https:\/\/www.ferpam.com.br\/blog\/wp-content\/uploads\/2021\/02\/2115b45613090c0e7c26c369cf1754301.jpg\",\"width\":968,\"height\":584},{\"@type\":\"WebPage\",\"@id\":\"https:\/\/www.ferpam.com.br\/blog\/ressinificando-a-pascoa-em-epocas-dificeis\/#webpage\",\"url\":\"https:\/\/www.ferpam.com.br\/blog\/ressinificando-a-pascoa-em-epocas-dificeis\/\",\"name\":\"Ressignificando a P\\u00e1scoa em \\u00e9pocas dif\\u00edceis - Blog Ferpam\",\"isPartOf\":{\"@id\":\"https:\/\/www.ferpam.com.br\/blog\/#website\"},\"primaryImageOfPage\":{\"@id\":\"https:\/\/www.ferpam.com.br\/blog\/ressinificando-a-pascoa-em-epocas-dificeis\/#primaryimage\"},\"datePublished\":\"2020-04-09T08:49:59+00:00\",\"dateModified\":\"2021-02-17T12:54:41+00:00\",\"breadcrumb\":{\"@id\":\"https:\/\/www.ferpam.com.br\/blog\/ressinificando-a-pascoa-em-epocas-dificeis\/#breadcrumb\"},\"inLanguage\":\"pt-BR\",\"potentialAction\":[{\"@type\":\"ReadAction\",\"target\":[\"https:\/\/www.ferpam.com.br\/blog\/ressinificando-a-pascoa-em-epocas-dificeis\/\"]}]},{\"@type\":\"BreadcrumbList\",\"@id\":\"https:\/\/www.ferpam.com.br\/blog\/ressinificando-a-pascoa-em-epocas-dificeis\/#breadcrumb\",\"itemListElement\":[{\"@type\":\"ListItem\",\"position\":1,\"item\":{\"@type\":\"WebPage\",\"@id\":\"https:\/\/www.ferpam.com.br\/blog\/\",\"url\":\"https:\/\/www.ferpam.com.br\/blog\/\",\"name\":\"In\\u00edcio\"}},{\"@type\":\"ListItem\",\"position\":2,\"item\":{\"@type\":\"WebPage\",\"@id\":\"https:\/\/www.ferpam.com.br\/blog\/ressinificando-a-pascoa-em-epocas-dificeis\/\",\"url\":\"https:\/\/www.ferpam.com.br\/blog\/ressinificando-a-pascoa-em-epocas-dificeis\/\",\"name\":\"Ressignificando a P\\u00e1scoa em \\u00e9pocas dif\\u00edceis\"}}]},{\"@type\":\"Article\",\"@id\":\"https:\/\/www.ferpam.com.br\/blog\/ressinificando-a-pascoa-em-epocas-dificeis\/#article\",\"isPartOf\":{\"@id\":\"https:\/\/www.ferpam.com.br\/blog\/ressinificando-a-pascoa-em-epocas-dificeis\/#webpage\"},\"author\":{\"@id\":\"https:\/\/www.ferpam.com.br\/blog\/#\/schema\/person\/17c24d0d22dd830e306685f9b94ec5e7\"},\"headline\":\"Ressignificando a P\\u00e1scoa em \\u00e9pocas dif\\u00edceis\",\"datePublished\":\"2020-04-09T08:49:59+00:00\",\"dateModified\":\"2021-02-17T12:54:41+00:00\",\"mainEntityOfPage\":{\"@id\":\"https:\/\/www.ferpam.com.br\/blog\/ressinificando-a-pascoa-em-epocas-dificeis\/#webpage\"},\"commentCount\":0,\"publisher\":{\"@id\":\"https:\/\/www.ferpam.com.br\/blog\/#organization\"},\"image\":{\"@id\":\"https:\/\/www.ferpam.com.br\/blog\/ressinificando-a-pascoa-em-epocas-dificeis\/#primaryimage\"},\"keywords\":\"#Ferpam,felizpascoa,origemdapascoa,significadodapascoa\",\"articleSection\":\"Not\\u00edcias Ferpam\",\"inLanguage\":\"pt-BR\",\"potentialAction\":[{\"@type\":\"CommentAction\",\"name\":\"Comment\",\"target\":[\"https:\/\/www.ferpam.com.br\/blog\/ressinificando-a-pascoa-em-epocas-dificeis\/#respond\"]}]},{\"@type\":\"Person\",\"@id\":\"https:\/\/www.ferpam.com.br\/blog\/#\/schema\/person\/17c24d0d22dd830e306685f9b94ec5e7\",\"name\":\"Ferpam Blog\",\"image\":{\"@type\":\"ImageObject\",\"@id\":\"https:\/\/www.ferpam.com.br\/blog\/#personlogo\",\"inLanguage\":\"pt-BR\",\"url\":\"https:\/\/secure.gravatar.com\/avatar\/cabb3a541ec0d8bedb85a519259a466229f358a62b34ef4b29cb8d6884944a6c?s=96&d=mm&r=g\",\"caption\":\"Ferpam Blog\"},\"sameAs\":[\"http:\/\/www.ferpam.com.br\"]}]}<\/script>\n<!-- \/ Yoast SEO plugin. -->","_links":{"self":[{"href":"https:\/\/www.ferpam.com.br\/blog\/wp-json\/wp\/v2\/posts\/1441","targetHints":{"allow":["GET"]}}],"collection":[{"href":"https:\/\/www.ferpam.com.br\/blog\/wp-json\/wp\/v2\/posts"}],"about":[{"href":"https:\/\/www.ferpam.com.br\/blog\/wp-json\/wp\/v2\/types\/post"}],"author":[{"embeddable":true,"href":"https:\/\/www.ferpam.com.br\/blog\/wp-json\/wp\/v2\/users\/4"}],"replies":[{"embeddable":true,"href":"https:\/\/www.ferpam.com.br\/blog\/wp-json\/wp\/v2\/comments?post=1441"}],"version-history":[{"count":1,"href":"https:\/\/www.ferpam.com.br\/blog\/wp-json\/wp\/v2\/posts\/1441\/revisions"}],"predecessor-version":[{"id":1471,"href":"https:\/\/www.ferpam.com.br\/blog\/wp-json\/wp\/v2\/posts\/1441\/revisions\/1471"}],"wp:featuredmedia":[{"embeddable":true,"href":"https:\/\/www.ferpam.com.br\/blog\/wp-json\/wp\/v2\/media\/1470"}],"wp:attachment":[{"href":"https:\/\/www.ferpam.com.br\/blog\/wp-json\/wp\/v2\/media?parent=1441"}],"wp:term":[{"taxonomy":"category","embeddable":true,"href":"https:\/\/www.ferpam.com.br\/blog\/wp-json\/wp\/v2\/categories?post=1441"},{"taxonomy":"post_tag","embeddable":true,"href":"https:\/\/www.ferpam.com.br\/blog\/wp-json\/wp\/v2\/tags?post=1441"}],"curies":[{"name":"wp","href":"https:\/\/api.w.org\/{rel}","templated":true}]}}