{"id":1487,"date":"2019-11-12T00:00:19","date_gmt":"2019-11-12T00:00:19","guid":{"rendered":"https:\/\/ferpam.widehomolog.biz\/blog\/?p=1487"},"modified":"2021-02-17T13:04:16","modified_gmt":"2021-02-17T13:04:16","slug":"capa-de-chuva-ideal","status":"publish","type":"post","link":"https:\/\/www.ferpam.com.br\/blog\/capa-de-chuva-ideal\/","title":{"rendered":""},"content":{"rendered":"<p><a href=\"https:\/\/www.ferpam.com.br\/blog\/capa-de-chuva-ideal.html\">https:\/\/www.ferpam.com.br\/blog\/capa-de-chuva-ideal.html<\/a><a href=\"https:\/\/www.ferpam.com.br\/blog\/capa-de-chuva-ideal.html\">https:\/\/www.ferpam.com.br\/blog\/capa-de-chuva-ideal.html<\/a><\/p>\n<p>A temporada de chuvas chegou aqui no Tocantins, na sua cidade tamb\u00e9m? Nos conte nos coment\u00e1rios. Hoje vamos falar sobre 3 tipos de capas de chuva e buscar entender qual delas \u00e9 a capa mais indicada para seu caso.<\/p>\n<p>Nada substitui o bom e velho guarda-chuvas, mas tem situa\u00e7\u00f5es que ele n\u00e3o atende, como por exemplo andar de moto. \u00c9 com este t\u00f3pico em mente que come\u00e7aremos a falar sobre a capa de chuva para motociclista ou motoqueiro.<\/p>\n<h4>A capa de chuva para Motociclista:<\/h4>\n<p><img loading=\"lazy\" decoding=\"async\" class=\"size-medium wp-image-1490 alignleft\" src=\"https:\/\/ferpam.widehomolog.biz\/blog\/wp-content\/uploads\/2021\/02\/26bbadebf99cd5981f938f8d756121471-300x300.jpg\" alt=\"\" width=\"300\" height=\"300\" srcset=\"https:\/\/www.ferpam.com.br\/blog\/wp-content\/uploads\/2021\/02\/26bbadebf99cd5981f938f8d756121471-300x300.jpg 300w, https:\/\/www.ferpam.com.br\/blog\/wp-content\/uploads\/2021\/02\/26bbadebf99cd5981f938f8d756121471-150x150.jpg 150w, https:\/\/www.ferpam.com.br\/blog\/wp-content\/uploads\/2021\/02\/26bbadebf99cd5981f938f8d756121471-768x768.jpg 768w, https:\/\/www.ferpam.com.br\/blog\/wp-content\/uploads\/2021\/02\/26bbadebf99cd5981f938f8d756121471.jpg 1000w\" sizes=\"auto, (max-width: 300px) 100vw, 300px\" \/><\/p>\n<p>Este tipo de capa \u00e9 100% imperme\u00e1vel, pois elas s\u00e3o fabricadas em PVC de 0,30 mm. Esta capa \u00e9 composta pela jaqueta e pela cal\u00e7a, itens que permitem ao motociclista chegar ao seu destino sem se molhar.<\/p>\n<p>As Faixas refletivas de seguran\u00e7a s\u00e3o itens obrigat\u00f3rios, servem para identificar o motociclista \u00e0 noite, na neblina ou na chuva.<\/p>\n<p>A\u00a0<a href=\"https:\/\/www.ferpam.com.br\/capa-p-motociclista-pantaneiro.html\">capa de chuva para motociclista da Pantaneir<\/a>o possuem gola mais alta e velcro na abotoadura do pesco\u00e7o, para n\u00e3o permitir a entrada de \u00e1gua da chuva atrav\u00e9s do espa\u00e7o entre o pesco\u00e7o e o capacete.<\/p>\n<p>Al\u00e9m disso, seu bolso frontal imperme\u00e1vel, \u00e9 ideal para voc\u00ea colocar suas chaves ou seu celular e seguir pilotando para seu destino.<\/p>\n<h4>Capa de chuva PVC Amarela com Capuz<\/h4>\n<p><img loading=\"lazy\" decoding=\"async\" class=\"size-medium wp-image-1491 alignleft\" src=\"https:\/\/ferpam.widehomolog.biz\/blog\/wp-content\/uploads\/2021\/02\/b647329a73fc73d4fd1762408541c9e41-300x225.jpg\" alt=\"\" width=\"300\" height=\"225\" srcset=\"https:\/\/www.ferpam.com.br\/blog\/wp-content\/uploads\/2021\/02\/b647329a73fc73d4fd1762408541c9e41-300x225.jpg 300w, https:\/\/www.ferpam.com.br\/blog\/wp-content\/uploads\/2021\/02\/b647329a73fc73d4fd1762408541c9e41-1024x768.jpg 1024w, https:\/\/www.ferpam.com.br\/blog\/wp-content\/uploads\/2021\/02\/b647329a73fc73d4fd1762408541c9e41-768x576.jpg 768w, https:\/\/www.ferpam.com.br\/blog\/wp-content\/uploads\/2021\/02\/b647329a73fc73d4fd1762408541c9e41.jpg 1200w\" sizes=\"auto, (max-width: 300px) 100vw, 300px\" \/><\/p>\n<p>A\u00a0<a href=\"https:\/\/www.ferpam.com.br\/capa-de-chuva-pvc-com-forro.html\">Capa de chuva PVC Amarela com Capuz<\/a>\u00a0\u00e9 bem mais simples, sua utiliza\u00e7\u00e3o \u00e9 totalmente diferenciada, seu foco \u00e9 para quem trabalha ou se locomove a p\u00e9.<\/p>\n<p>Sua composi\u00e7\u00e3o em PVC Laminado e O acabamento com solda eletr\u00f4nica. Promove a impermeabiliza\u00e7\u00e3o perfeita, seu modelo com Capuz oferece mais prote\u00e7\u00e3o \u00e0 cabe\u00e7a. Seu fechamento frontal atrav\u00e9s de bot\u00f5es de press\u00e3o facilita abertura.<\/p>\n<h4>Capa De Chuva Transparente C\/ Capuz Prevemax<\/h4>\n<p><img loading=\"lazy\" decoding=\"async\" class=\"size-medium wp-image-1492 alignleft\" src=\"https:\/\/ferpam.widehomolog.biz\/blog\/wp-content\/uploads\/2021\/02\/53d976a2c569a005029f902207f3619b1-300x289.jpg\" alt=\"\" width=\"300\" height=\"289\" srcset=\"https:\/\/www.ferpam.com.br\/blog\/wp-content\/uploads\/2021\/02\/53d976a2c569a005029f902207f3619b1-300x289.jpg 300w, https:\/\/www.ferpam.com.br\/blog\/wp-content\/uploads\/2021\/02\/53d976a2c569a005029f902207f3619b1-1024x985.jpg 1024w, https:\/\/www.ferpam.com.br\/blog\/wp-content\/uploads\/2021\/02\/53d976a2c569a005029f902207f3619b1-768x739.jpg 768w, https:\/\/www.ferpam.com.br\/blog\/wp-content\/uploads\/2021\/02\/53d976a2c569a005029f902207f3619b1.jpg 1060w\" sizes=\"auto, (max-width: 300px) 100vw, 300px\" \/><\/p>\n<p>Esta capa, pode at\u00e9 ser usada para se prevenir da chuva sim, seja no dia a dia ou em grandes eventos. Por\u00e9m, como elas s\u00e3o mais finas e rasgam facilmente, s\u00e3o consideradas semidescarn\u00e1veis.<\/p>\n<p>Confeccionada em tecido laminado de PVC com costuras atrav\u00e9s de solda eletr\u00f4nica, esta capa oferece prote\u00e7\u00e3o devido sua impermeabiliza\u00e7\u00e3o, al\u00e9m disso suas mangas longas protegem os bra\u00e7os e o capuz a cabe\u00e7a.<\/p>\n<p>No entanto,\u00a0<a href=\"https:\/\/www.ferpam.com.br\/capa-de-chuva-transparente-prevemax.html\">a capa transparente com capuz prevmax<\/a>\u00a0tem real aplica\u00e7\u00e3o para a seguran\u00e7a de trabalhadores. Isso mesmo! Para colaboradores que precisam de prote\u00e7\u00e3o contra res\u00edduos contaminantes, ou no sentido reverso, para que o ambiente seja protegido do contato com o mesmo.<\/p>\n<p><b><strong data-redactor-tag=\"b\"><a href=\"https:\/\/www.ferpam.com.br\/capa-de-chuva-transparente-prevemax.html\">A capa transparente com capuz prevmax<\/a>\u00a0pode ser usada em:<\/strong><\/b><\/p>\n<ul>\n<li>Agricultura<\/li>\n<li>F\u00e1brica ou Industria aliment\u00edcia<\/li>\n<li>Frigorifico ou curtumes<\/li>\n<li>Industria qu\u00edmica<\/li>\n<li>Prestadora de servi\u00e7os<\/li>\n<li>Constru\u00e7\u00e3o civil<\/li>\n<li>Usinas<\/li>\n<\/ul>\n","protected":false},"excerpt":{"rendered":"<p>https:\/\/www.ferpam.com.br\/blog\/capa-de-chuva-ideal.htmlhttps:\/\/www.ferpam.com.br\/blog\/capa-de-chuva-ideal.html A temporada de chuvas chegou aqui no Tocantins, na sua cidade tamb\u00e9m? Nos conte nos coment\u00e1rios. Hoje vamos falar sobre 3 tipos de capas de chuva e buscar entender qual delas \u00e9 a capa mais indicada para seu caso. Nada substitui o bom e velho guarda-chuvas, mas tem situa\u00e7\u00f5es que ele n\u00e3o atende, como &hellip;<\/p>\n","protected":false},"author":4,"featured_media":1496,"comment_status":"open","ping_status":"open","sticky":false,"template":"","format":"standard","meta":{"footnotes":""},"categories":[27],"tags":[337],"class_list":["post-1487","post","type-post","status-publish","format-standard","has-post-thumbnail","hentry","category-dicas-de-ferramentas","tag-capadechuva"],"yoast_head":"<!-- This site is optimized with the Yoast SEO plugin v15.8 - https:\/\/yoast.com\/wordpress\/plugins\/seo\/ -->\n<title>- Blog Ferpam<\/title>\n<meta name=\"robots\" content=\"index, follow, max-snippet:-1, max-image-preview:large, max-video-preview:-1\" \/>\n<link rel=\"canonical\" href=\"https:\/\/www.ferpam.com.br\/blog\/capa-de-chuva-ideal\/\" \/>\n<meta property=\"og:locale\" content=\"pt_BR\" \/>\n<meta property=\"og:type\" content=\"article\" \/>\n<meta property=\"og:title\" content=\"- Blog Ferpam\" \/>\n<meta property=\"og:description\" content=\"https:\/\/www.ferpam.com.br\/blog\/capa-de-chuva-ideal.htmlhttps:\/\/www.ferpam.com.br\/blog\/capa-de-chuva-ideal.html A temporada de chuvas chegou aqui no Tocantins, na sua cidade tamb\u00e9m? Nos conte nos coment\u00e1rios. Hoje vamos falar sobre 3 tipos de capas de chuva e buscar entender qual delas \u00e9 a capa mais indicada para seu caso. Nada substitui o bom e velho guarda-chuvas, mas tem situa\u00e7\u00f5es que ele n\u00e3o atende, como &hellip;\" \/>\n<meta property=\"og:url\" content=\"https:\/\/www.ferpam.com.br\/blog\/capa-de-chuva-ideal\/\" \/>\n<meta property=\"og:site_name\" content=\"Blog Ferpam\" \/>\n<meta property=\"article:published_time\" content=\"2019-11-12T00:00:19+00:00\" \/>\n<meta property=\"article:modified_time\" content=\"2021-02-17T13:04:16+00:00\" \/>\n<meta property=\"og:image\" content=\"https:\/\/www.ferpam.com.br\/blog\/wp-content\/uploads\/2021\/02\/d596af744b807802c02c96cdccf8200a1.jpg\" \/>\n\t<meta property=\"og:image:width\" content=\"968\" \/>\n\t<meta property=\"og:image:height\" content=\"584\" \/>\n<meta name=\"twitter:card\" content=\"summary_large_image\" \/>\n<meta name=\"twitter:label1\" content=\"Est. reading time\">\n\t<meta name=\"twitter:data1\" content=\"2 minutos\">\n<script type=\"application\/ld+json\" class=\"yoast-schema-graph\">{\"@context\":\"https:\/\/schema.org\",\"@graph\":[{\"@type\":\"Organization\",\"@id\":\"https:\/\/www.ferpam.com.br\/blog\/#organization\",\"name\":\"Ferpam\",\"url\":\"https:\/\/www.ferpam.com.br\/blog\/\",\"sameAs\":[],\"logo\":{\"@type\":\"ImageObject\",\"@id\":\"https:\/\/www.ferpam.com.br\/blog\/#logo\",\"inLanguage\":\"pt-BR\",\"url\":\"https:\/\/www.ferpam.com.br\/blog\/wp-content\/uploads\/2021\/02\/logo-1.png\",\"width\":254,\"height\":89,\"caption\":\"Ferpam\"},\"image\":{\"@id\":\"https:\/\/www.ferpam.com.br\/blog\/#logo\"}},{\"@type\":\"WebSite\",\"@id\":\"https:\/\/www.ferpam.com.br\/blog\/#website\",\"url\":\"https:\/\/www.ferpam.com.br\/blog\/\",\"name\":\"Blog Ferpam\",\"description\":\"Not\\u00edcias da Ferpam\",\"publisher\":{\"@id\":\"https:\/\/www.ferpam.com.br\/blog\/#organization\"},\"potentialAction\":[{\"@type\":\"SearchAction\",\"target\":\"https:\/\/www.ferpam.com.br\/blog\/?s={search_term_string}\",\"query-input\":\"required name=search_term_string\"}],\"inLanguage\":\"pt-BR\"},{\"@type\":\"ImageObject\",\"@id\":\"https:\/\/www.ferpam.com.br\/blog\/capa-de-chuva-ideal\/#primaryimage\",\"inLanguage\":\"pt-BR\",\"url\":\"https:\/\/www.ferpam.com.br\/blog\/wp-content\/uploads\/2021\/02\/d596af744b807802c02c96cdccf8200a1.jpg\",\"width\":968,\"height\":584},{\"@type\":\"WebPage\",\"@id\":\"https:\/\/www.ferpam.com.br\/blog\/capa-de-chuva-ideal\/#webpage\",\"url\":\"https:\/\/www.ferpam.com.br\/blog\/capa-de-chuva-ideal\/\",\"name\":\"- Blog Ferpam\",\"isPartOf\":{\"@id\":\"https:\/\/www.ferpam.com.br\/blog\/#website\"},\"primaryImageOfPage\":{\"@id\":\"https:\/\/www.ferpam.com.br\/blog\/capa-de-chuva-ideal\/#primaryimage\"},\"datePublished\":\"2019-11-12T00:00:19+00:00\",\"dateModified\":\"2021-02-17T13:04:16+00:00\",\"breadcrumb\":{\"@id\":\"https:\/\/www.ferpam.com.br\/blog\/capa-de-chuva-ideal\/#breadcrumb\"},\"inLanguage\":\"pt-BR\",\"potentialAction\":[{\"@type\":\"ReadAction\",\"target\":[\"https:\/\/www.ferpam.com.br\/blog\/capa-de-chuva-ideal\/\"]}]},{\"@type\":\"BreadcrumbList\",\"@id\":\"https:\/\/www.ferpam.com.br\/blog\/capa-de-chuva-ideal\/#breadcrumb\",\"itemListElement\":[{\"@type\":\"ListItem\",\"position\":1,\"item\":{\"@type\":\"WebPage\",\"@id\":\"https:\/\/www.ferpam.com.br\/blog\/\",\"url\":\"https:\/\/www.ferpam.com.br\/blog\/\",\"name\":\"In\\u00edcio\"}},{\"@type\":\"ListItem\",\"position\":2,\"item\":{\"@type\":\"WebPage\",\"@id\":\"https:\/\/www.ferpam.com.br\/blog\/capa-de-chuva-ideal\/\",\"url\":\"https:\/\/www.ferpam.com.br\/blog\/capa-de-chuva-ideal\/\",\"name\":\"- Blog Ferpam\"}}]},{\"@type\":\"Article\",\"@id\":\"https:\/\/www.ferpam.com.br\/blog\/capa-de-chuva-ideal\/#article\",\"isPartOf\":{\"@id\":\"https:\/\/www.ferpam.com.br\/blog\/capa-de-chuva-ideal\/#webpage\"},\"author\":{\"@id\":\"https:\/\/www.ferpam.com.br\/blog\/#\/schema\/person\/17c24d0d22dd830e306685f9b94ec5e7\"},\"headline\":\"Sem t\\u00edtulo\",\"datePublished\":\"2019-11-12T00:00:19+00:00\",\"dateModified\":\"2021-02-17T13:04:16+00:00\",\"mainEntityOfPage\":{\"@id\":\"https:\/\/www.ferpam.com.br\/blog\/capa-de-chuva-ideal\/#webpage\"},\"commentCount\":0,\"publisher\":{\"@id\":\"https:\/\/www.ferpam.com.br\/blog\/#organization\"},\"image\":{\"@id\":\"https:\/\/www.ferpam.com.br\/blog\/capa-de-chuva-ideal\/#primaryimage\"},\"keywords\":\"capadechuva\",\"articleSection\":\"Dicas de ferramentas\",\"inLanguage\":\"pt-BR\",\"potentialAction\":[{\"@type\":\"CommentAction\",\"name\":\"Comment\",\"target\":[\"https:\/\/www.ferpam.com.br\/blog\/capa-de-chuva-ideal\/#respond\"]}]},{\"@type\":\"Person\",\"@id\":\"https:\/\/www.ferpam.com.br\/blog\/#\/schema\/person\/17c24d0d22dd830e306685f9b94ec5e7\",\"name\":\"Ferpam Blog\",\"image\":{\"@type\":\"ImageObject\",\"@id\":\"https:\/\/www.ferpam.com.br\/blog\/#personlogo\",\"inLanguage\":\"pt-BR\",\"url\":\"https:\/\/secure.gravatar.com\/avatar\/cabb3a541ec0d8bedb85a519259a466229f358a62b34ef4b29cb8d6884944a6c?s=96&d=mm&r=g\",\"caption\":\"Ferpam Blog\"},\"sameAs\":[\"http:\/\/www.ferpam.com.br\"]}]}<\/script>\n<!-- \/ Yoast SEO plugin. -->","_links":{"self":[{"href":"https:\/\/www.ferpam.com.br\/blog\/wp-json\/wp\/v2\/posts\/1487","targetHints":{"allow":["GET"]}}],"collection":[{"href":"https:\/\/www.ferpam.com.br\/blog\/wp-json\/wp\/v2\/posts"}],"about":[{"href":"https:\/\/www.ferpam.com.br\/blog\/wp-json\/wp\/v2\/types\/post"}],"author":[{"embeddable":true,"href":"https:\/\/www.ferpam.com.br\/blog\/wp-json\/wp\/v2\/users\/4"}],"replies":[{"embeddable":true,"href":"https:\/\/www.ferpam.com.br\/blog\/wp-json\/wp\/v2\/comments?post=1487"}],"version-history":[{"count":1,"href":"https:\/\/www.ferpam.com.br\/blog\/wp-json\/wp\/v2\/posts\/1487\/revisions"}],"predecessor-version":[{"id":1497,"href":"https:\/\/www.ferpam.com.br\/blog\/wp-json\/wp\/v2\/posts\/1487\/revisions\/1497"}],"wp:featuredmedia":[{"embeddable":true,"href":"https:\/\/www.ferpam.com.br\/blog\/wp-json\/wp\/v2\/media\/1496"}],"wp:attachment":[{"href":"https:\/\/www.ferpam.com.br\/blog\/wp-json\/wp\/v2\/media?parent=1487"}],"wp:term":[{"taxonomy":"category","embeddable":true,"href":"https:\/\/www.ferpam.com.br\/blog\/wp-json\/wp\/v2\/categories?post=1487"},{"taxonomy":"post_tag","embeddable":true,"href":"https:\/\/www.ferpam.com.br\/blog\/wp-json\/wp\/v2\/tags?post=1487"}],"curies":[{"name":"wp","href":"https:\/\/api.w.org\/{rel}","templated":true}]}}