{"id":1507,"date":"2019-11-20T00:00:44","date_gmt":"2019-11-20T00:00:44","guid":{"rendered":"https:\/\/ferpam.widehomolog.biz\/blog\/?p=1507"},"modified":"2021-02-17T13:12:49","modified_gmt":"2021-02-17T13:12:49","slug":"sinalizacao-com-cones-escolha-o-seu","status":"publish","type":"post","link":"https:\/\/www.ferpam.com.br\/blog\/sinalizacao-com-cones-escolha-o-seu\/","title":{"rendered":"Sinaliza\u00e7\u00e3o com cones: Escolha o seu!"},"content":{"rendered":"<p style=\"font-weight: 300;\">Voc\u00ea sabia que o cone de sinaliza\u00e7\u00e3o \u00e9 um equipamento de prote\u00e7\u00e3o coletiva? Isso mesmo! No entanto, sua aplica\u00e7\u00e3o \u00e9 diversa, podendo ser utilizado em demarca\u00e7\u00e3o de estacionamento, vias p\u00fablicas, obras e at\u00e9 atividades esportivas.<\/p>\n<p style=\"font-weight: 300;\">Muitos aspectos importam, sejam o material do cone (P.V.C ou Borracha) ou a altura do mesmo (20cm, 50cm ou 75cm), al\u00e9m de outras caracter\u00edsticas, como fotoluminesc\u00eancia e flexibilidade. Por isso, trouxemos este conte\u00fado para facilitar na sua escolha por Cones de Sinaliza\u00e7\u00e3o.<\/p>\n<h3><a style=\"font-weight: 400;\" href=\"https:\/\/www.ferpam.com.br\/cone-sinalizacao-plastcor-75-cm.html\">Cone Laranja com listras brancas \u2013 R\u00edgido<\/a><\/h3>\n<p><img loading=\"lazy\" decoding=\"async\" class=\"size-medium wp-image-1512 alignleft\" src=\"https:\/\/ferpam.widehomolog.biz\/blog\/wp-content\/uploads\/2021\/02\/b41835eaede3759a63a33b2936a00be51-300x225.jpg\" alt=\"\" width=\"300\" height=\"225\" srcset=\"https:\/\/www.ferpam.com.br\/blog\/wp-content\/uploads\/2021\/02\/b41835eaede3759a63a33b2936a00be51-300x225.jpg 300w, https:\/\/www.ferpam.com.br\/blog\/wp-content\/uploads\/2021\/02\/b41835eaede3759a63a33b2936a00be51-1024x768.jpg 1024w, https:\/\/www.ferpam.com.br\/blog\/wp-content\/uploads\/2021\/02\/b41835eaede3759a63a33b2936a00be51-768x576.jpg 768w, https:\/\/www.ferpam.com.br\/blog\/wp-content\/uploads\/2021\/02\/b41835eaede3759a63a33b2936a00be51.jpg 1200w\" sizes=\"auto, (max-width: 300px) 100vw, 300px\" \/><\/p>\n<p style=\"font-weight: 300;\">Este tipo de cone serve para \u00e1reas que precisam ser sinalizadas somente durante o dia.<\/p>\n<p style=\"font-weight: 300;\">-Estacionamentos apenas durante o dia ou local bem iluminado.<\/p>\n<p style=\"font-weight: 300;\">-Sinaliza\u00e7\u00e3o de tr\u00e2nsito de dia<\/p>\n<p style=\"font-weight: 300;\">-Obras<\/p>\n<p style=\"font-weight: 300;\">-Servi\u00e7os em Gerais<\/p>\n<h3><a style=\"font-weight: 400;\" href=\"https:\/\/www.ferpam.com.br\/cone-refletivo-50-cm-carbografite.html\">Cone Laranja com faixa branca reflexiva \u2013 R\u00edgido<\/a><\/h3>\n<p><img loading=\"lazy\" decoding=\"async\" class=\"size-medium wp-image-1513 alignleft\" src=\"https:\/\/ferpam.widehomolog.biz\/blog\/wp-content\/uploads\/2021\/02\/e9092d1ec6ceed1ca628c919afce5f8c1-300x300.jpg\" alt=\"\" width=\"300\" height=\"300\" srcset=\"https:\/\/www.ferpam.com.br\/blog\/wp-content\/uploads\/2021\/02\/e9092d1ec6ceed1ca628c919afce5f8c1-300x300.jpg 300w, https:\/\/www.ferpam.com.br\/blog\/wp-content\/uploads\/2021\/02\/e9092d1ec6ceed1ca628c919afce5f8c1-150x150.jpg 150w, https:\/\/www.ferpam.com.br\/blog\/wp-content\/uploads\/2021\/02\/e9092d1ec6ceed1ca628c919afce5f8c1-768x771.jpg 768w, https:\/\/www.ferpam.com.br\/blog\/wp-content\/uploads\/2021\/02\/e9092d1ec6ceed1ca628c919afce5f8c1.jpg 1000w\" sizes=\"auto, (max-width: 300px) 100vw, 300px\" \/><\/p>\n<p style=\"font-weight: 300;\">Este tipo de cone serve para \u00e1reas que precisam ser sinalizadas somente durante a noite.<\/p>\n<p style=\"font-weight: 300;\">-Estacionamentos<\/p>\n<p style=\"font-weight: 300;\">-Sinaliza\u00e7\u00e3o de tr\u00e2nsito<\/p>\n<p style=\"font-weight: 300;\">-Obras<\/p>\n<p style=\"font-weight: 300;\">-Servi\u00e7os em Gerais<\/p>\n<h3><\/h3>\n<h3><a style=\"font-weight: 400;\" href=\"https:\/\/www.ferpam.com.br\/cone-sinalizac-o-flexivel-laranja-75cm-com-faixa-refletiva.html\">Cone Laranja com faixa branca reflexiva \u2013 Flex\u00edvel<\/a><\/h3>\n<p><img loading=\"lazy\" decoding=\"async\" class=\"size-medium wp-image-1514 alignleft\" src=\"https:\/\/ferpam.widehomolog.biz\/blog\/wp-content\/uploads\/2021\/02\/b6126ba27c7213904c4c68140191e0db1-300x300.jpg\" alt=\"\" width=\"300\" height=\"300\" srcset=\"https:\/\/www.ferpam.com.br\/blog\/wp-content\/uploads\/2021\/02\/b6126ba27c7213904c4c68140191e0db1-300x300.jpg 300w, https:\/\/www.ferpam.com.br\/blog\/wp-content\/uploads\/2021\/02\/b6126ba27c7213904c4c68140191e0db1-150x150.jpg 150w, https:\/\/www.ferpam.com.br\/blog\/wp-content\/uploads\/2021\/02\/b6126ba27c7213904c4c68140191e0db1-768x768.jpg 768w, https:\/\/www.ferpam.com.br\/blog\/wp-content\/uploads\/2021\/02\/b6126ba27c7213904c4c68140191e0db1.jpg 1000w\" sizes=\"auto, (max-width: 300px) 100vw, 300px\" \/><\/p>\n<p style=\"font-weight: 300;\">Trazendo alta resist\u00eancia e durabilidade<\/p>\n<p style=\"font-weight: 300;\">-Estacionamentos<\/p>\n<p style=\"font-weight: 300;\">-Sinaliza\u00e7\u00e3o de tr\u00e2nsito<\/p>\n<p style=\"font-weight: 300;\">-Obras<\/p>\n<p style=\"font-weight: 300;\">-Servi\u00e7os em Gerais<\/p>\n<h3><\/h3>\n<h3><a style=\"font-weight: 400;\" href=\"https:\/\/www.ferpam.com.br\/cone-refletivo-preto-e-amarelo-50-cm-plastcor.html\">Cone Preto com listras amarelas<\/a><\/h3>\n<p><img loading=\"lazy\" decoding=\"async\" class=\"size-medium wp-image-1515 alignleft\" src=\"https:\/\/ferpam.widehomolog.biz\/blog\/wp-content\/uploads\/2021\/02\/bddcaa51022ec8388e97a916e2b255af1-300x252.png\" alt=\"\" width=\"300\" height=\"252\" srcset=\"https:\/\/www.ferpam.com.br\/blog\/wp-content\/uploads\/2021\/02\/bddcaa51022ec8388e97a916e2b255af1-300x252.png 300w, https:\/\/www.ferpam.com.br\/blog\/wp-content\/uploads\/2021\/02\/bddcaa51022ec8388e97a916e2b255af1-768x646.png 768w, https:\/\/www.ferpam.com.br\/blog\/wp-content\/uploads\/2021\/02\/bddcaa51022ec8388e97a916e2b255af1.png 870w\" sizes=\"auto, (max-width: 300px) 100vw, 300px\" \/><\/p>\n<p style=\"font-weight: 300;\">-Sinaliza\u00e7\u00e3o de obras em geral.<\/p>\n<p style=\"font-weight: 300;\">-Sinaliza\u00e7\u00e3o de vias internas ou externas<\/p>\n<p style=\"font-weight: 300;\">&#8211; Muito usado no transito e estacionamentos<\/p>\n<p style=\"font-weight: 300;\">-Sinaliza\u00e7\u00e3o de obras em geral.<\/p>\n<h3><\/h3>\n<h3><a style=\"font-weight: 400;\" href=\"https:\/\/www.ferpam.com.br\/cone-refletivo-20-cm-laranja-plastcor.html\">Cone laranja<\/a><\/h3>\n<p><img loading=\"lazy\" decoding=\"async\" class=\"size-medium wp-image-1516 alignleft\" src=\"https:\/\/ferpam.widehomolog.biz\/blog\/wp-content\/uploads\/2021\/02\/a4cce47f12ba13003ccd747686e659b41-300x255.jpg\" alt=\"\" width=\"300\" height=\"255\" srcset=\"https:\/\/www.ferpam.com.br\/blog\/wp-content\/uploads\/2021\/02\/a4cce47f12ba13003ccd747686e659b41-300x255.jpg 300w, https:\/\/www.ferpam.com.br\/blog\/wp-content\/uploads\/2021\/02\/a4cce47f12ba13003ccd747686e659b41.jpg 728w\" sizes=\"auto, (max-width: 300px) 100vw, 300px\" \/><\/p>\n<p style=\"font-weight: 300;\">-Sinaliza\u00e7\u00e3o de pr\u00e1tica esportiva<\/p>\n<p style=\"font-weight: 300;\">-Servi\u00e7os em gerais<\/p>\n<p style=\"font-weight: 300;\"><b><strong data-redactor-tag=\"b\">Dica importante:<\/strong><\/b><\/p>\n<p style=\"font-weight: 300;\">Tenha sempre dois cones no carro para ajudar na sinaliza\u00e7\u00e3o em situa\u00e7\u00e3o de emerg\u00eancia. Al\u00e9m do tri\u00e2ngulo de perigo, que obrigat\u00f3rio. Quanto mais seguran\u00e7a melhor!<\/p>\n","protected":false},"excerpt":{"rendered":"<p>Voc\u00ea sabia que o cone de sinaliza\u00e7\u00e3o \u00e9 um equipamento de prote\u00e7\u00e3o coletiva? Isso mesmo! No entanto, sua aplica\u00e7\u00e3o \u00e9 diversa, podendo ser utilizado em demarca\u00e7\u00e3o de estacionamento, vias p\u00fablicas, obras e at\u00e9 atividades esportivas. Muitos aspectos importam, sejam o material do cone (P.V.C ou Borracha) ou a altura do mesmo (20cm, 50cm ou 75cm), &hellip;<\/p>\n","protected":false},"author":4,"featured_media":1510,"comment_status":"open","ping_status":"open","sticky":false,"template":"","format":"standard","meta":{"footnotes":""},"categories":[27],"tags":[335],"class_list":["post-1507","post","type-post","status-publish","format-standard","has-post-thumbnail","hentry","category-dicas-de-ferramentas","tag-conedesinalizacao"],"yoast_head":"<!-- This site is optimized with the Yoast SEO plugin v15.8 - https:\/\/yoast.com\/wordpress\/plugins\/seo\/ -->\n<title>Sinaliza\u00e7\u00e3o com cones: Escolha o seu! - Blog Ferpam<\/title>\n<meta name=\"robots\" content=\"index, follow, max-snippet:-1, max-image-preview:large, max-video-preview:-1\" \/>\n<link rel=\"canonical\" href=\"https:\/\/www.ferpam.com.br\/blog\/sinalizacao-com-cones-escolha-o-seu\/\" \/>\n<meta property=\"og:locale\" content=\"pt_BR\" \/>\n<meta property=\"og:type\" content=\"article\" \/>\n<meta property=\"og:title\" content=\"Sinaliza\u00e7\u00e3o com cones: Escolha o seu! - Blog Ferpam\" \/>\n<meta property=\"og:description\" content=\"Voc\u00ea sabia que o cone de sinaliza\u00e7\u00e3o \u00e9 um equipamento de prote\u00e7\u00e3o coletiva? Isso mesmo! No entanto, sua aplica\u00e7\u00e3o \u00e9 diversa, podendo ser utilizado em demarca\u00e7\u00e3o de estacionamento, vias p\u00fablicas, obras e at\u00e9 atividades esportivas. Muitos aspectos importam, sejam o material do cone (P.V.C ou Borracha) ou a altura do mesmo (20cm, 50cm ou 75cm), &hellip;\" \/>\n<meta property=\"og:url\" content=\"https:\/\/www.ferpam.com.br\/blog\/sinalizacao-com-cones-escolha-o-seu\/\" \/>\n<meta property=\"og:site_name\" content=\"Blog Ferpam\" \/>\n<meta property=\"article:published_time\" content=\"2019-11-20T00:00:44+00:00\" \/>\n<meta property=\"article:modified_time\" content=\"2021-02-17T13:12:49+00:00\" \/>\n<meta property=\"og:image\" content=\"https:\/\/www.ferpam.com.br\/blog\/wp-content\/uploads\/2021\/02\/16e47cc28ca00a627aaa8f3b069ecc2a1.jpg\" \/>\n\t<meta property=\"og:image:width\" content=\"968\" \/>\n\t<meta property=\"og:image:height\" content=\"584\" \/>\n<meta name=\"twitter:card\" content=\"summary_large_image\" \/>\n<meta name=\"twitter:label1\" content=\"Est. reading time\">\n\t<meta name=\"twitter:data1\" content=\"1 minuto\">\n<script type=\"application\/ld+json\" class=\"yoast-schema-graph\">{\"@context\":\"https:\/\/schema.org\",\"@graph\":[{\"@type\":\"Organization\",\"@id\":\"https:\/\/www.ferpam.com.br\/blog\/#organization\",\"name\":\"Ferpam\",\"url\":\"https:\/\/www.ferpam.com.br\/blog\/\",\"sameAs\":[],\"logo\":{\"@type\":\"ImageObject\",\"@id\":\"https:\/\/www.ferpam.com.br\/blog\/#logo\",\"inLanguage\":\"pt-BR\",\"url\":\"https:\/\/www.ferpam.com.br\/blog\/wp-content\/uploads\/2021\/02\/logo-1.png\",\"width\":254,\"height\":89,\"caption\":\"Ferpam\"},\"image\":{\"@id\":\"https:\/\/www.ferpam.com.br\/blog\/#logo\"}},{\"@type\":\"WebSite\",\"@id\":\"https:\/\/www.ferpam.com.br\/blog\/#website\",\"url\":\"https:\/\/www.ferpam.com.br\/blog\/\",\"name\":\"Blog Ferpam\",\"description\":\"Not\\u00edcias da Ferpam\",\"publisher\":{\"@id\":\"https:\/\/www.ferpam.com.br\/blog\/#organization\"},\"potentialAction\":[{\"@type\":\"SearchAction\",\"target\":\"https:\/\/www.ferpam.com.br\/blog\/?s={search_term_string}\",\"query-input\":\"required name=search_term_string\"}],\"inLanguage\":\"pt-BR\"},{\"@type\":\"ImageObject\",\"@id\":\"https:\/\/www.ferpam.com.br\/blog\/sinalizacao-com-cones-escolha-o-seu\/#primaryimage\",\"inLanguage\":\"pt-BR\",\"url\":\"https:\/\/www.ferpam.com.br\/blog\/wp-content\/uploads\/2021\/02\/16e47cc28ca00a627aaa8f3b069ecc2a1.jpg\",\"width\":968,\"height\":584},{\"@type\":\"WebPage\",\"@id\":\"https:\/\/www.ferpam.com.br\/blog\/sinalizacao-com-cones-escolha-o-seu\/#webpage\",\"url\":\"https:\/\/www.ferpam.com.br\/blog\/sinalizacao-com-cones-escolha-o-seu\/\",\"name\":\"Sinaliza\\u00e7\\u00e3o com cones: Escolha o seu! - Blog Ferpam\",\"isPartOf\":{\"@id\":\"https:\/\/www.ferpam.com.br\/blog\/#website\"},\"primaryImageOfPage\":{\"@id\":\"https:\/\/www.ferpam.com.br\/blog\/sinalizacao-com-cones-escolha-o-seu\/#primaryimage\"},\"datePublished\":\"2019-11-20T00:00:44+00:00\",\"dateModified\":\"2021-02-17T13:12:49+00:00\",\"breadcrumb\":{\"@id\":\"https:\/\/www.ferpam.com.br\/blog\/sinalizacao-com-cones-escolha-o-seu\/#breadcrumb\"},\"inLanguage\":\"pt-BR\",\"potentialAction\":[{\"@type\":\"ReadAction\",\"target\":[\"https:\/\/www.ferpam.com.br\/blog\/sinalizacao-com-cones-escolha-o-seu\/\"]}]},{\"@type\":\"BreadcrumbList\",\"@id\":\"https:\/\/www.ferpam.com.br\/blog\/sinalizacao-com-cones-escolha-o-seu\/#breadcrumb\",\"itemListElement\":[{\"@type\":\"ListItem\",\"position\":1,\"item\":{\"@type\":\"WebPage\",\"@id\":\"https:\/\/www.ferpam.com.br\/blog\/\",\"url\":\"https:\/\/www.ferpam.com.br\/blog\/\",\"name\":\"In\\u00edcio\"}},{\"@type\":\"ListItem\",\"position\":2,\"item\":{\"@type\":\"WebPage\",\"@id\":\"https:\/\/www.ferpam.com.br\/blog\/sinalizacao-com-cones-escolha-o-seu\/\",\"url\":\"https:\/\/www.ferpam.com.br\/blog\/sinalizacao-com-cones-escolha-o-seu\/\",\"name\":\"Sinaliza\\u00e7\\u00e3o com cones: Escolha o seu!\"}}]},{\"@type\":\"Article\",\"@id\":\"https:\/\/www.ferpam.com.br\/blog\/sinalizacao-com-cones-escolha-o-seu\/#article\",\"isPartOf\":{\"@id\":\"https:\/\/www.ferpam.com.br\/blog\/sinalizacao-com-cones-escolha-o-seu\/#webpage\"},\"author\":{\"@id\":\"https:\/\/www.ferpam.com.br\/blog\/#\/schema\/person\/17c24d0d22dd830e306685f9b94ec5e7\"},\"headline\":\"Sinaliza\\u00e7\\u00e3o com cones: Escolha o seu!\",\"datePublished\":\"2019-11-20T00:00:44+00:00\",\"dateModified\":\"2021-02-17T13:12:49+00:00\",\"mainEntityOfPage\":{\"@id\":\"https:\/\/www.ferpam.com.br\/blog\/sinalizacao-com-cones-escolha-o-seu\/#webpage\"},\"commentCount\":0,\"publisher\":{\"@id\":\"https:\/\/www.ferpam.com.br\/blog\/#organization\"},\"image\":{\"@id\":\"https:\/\/www.ferpam.com.br\/blog\/sinalizacao-com-cones-escolha-o-seu\/#primaryimage\"},\"keywords\":\"conedesinalizacao\",\"articleSection\":\"Dicas de ferramentas\",\"inLanguage\":\"pt-BR\",\"potentialAction\":[{\"@type\":\"CommentAction\",\"name\":\"Comment\",\"target\":[\"https:\/\/www.ferpam.com.br\/blog\/sinalizacao-com-cones-escolha-o-seu\/#respond\"]}]},{\"@type\":\"Person\",\"@id\":\"https:\/\/www.ferpam.com.br\/blog\/#\/schema\/person\/17c24d0d22dd830e306685f9b94ec5e7\",\"name\":\"Ferpam Blog\",\"image\":{\"@type\":\"ImageObject\",\"@id\":\"https:\/\/www.ferpam.com.br\/blog\/#personlogo\",\"inLanguage\":\"pt-BR\",\"url\":\"https:\/\/secure.gravatar.com\/avatar\/cabb3a541ec0d8bedb85a519259a466229f358a62b34ef4b29cb8d6884944a6c?s=96&d=mm&r=g\",\"caption\":\"Ferpam Blog\"},\"sameAs\":[\"http:\/\/www.ferpam.com.br\"]}]}<\/script>\n<!-- \/ Yoast SEO plugin. -->","_links":{"self":[{"href":"https:\/\/www.ferpam.com.br\/blog\/wp-json\/wp\/v2\/posts\/1507","targetHints":{"allow":["GET"]}}],"collection":[{"href":"https:\/\/www.ferpam.com.br\/blog\/wp-json\/wp\/v2\/posts"}],"about":[{"href":"https:\/\/www.ferpam.com.br\/blog\/wp-json\/wp\/v2\/types\/post"}],"author":[{"embeddable":true,"href":"https:\/\/www.ferpam.com.br\/blog\/wp-json\/wp\/v2\/users\/4"}],"replies":[{"embeddable":true,"href":"https:\/\/www.ferpam.com.br\/blog\/wp-json\/wp\/v2\/comments?post=1507"}],"version-history":[{"count":1,"href":"https:\/\/www.ferpam.com.br\/blog\/wp-json\/wp\/v2\/posts\/1507\/revisions"}],"predecessor-version":[{"id":1517,"href":"https:\/\/www.ferpam.com.br\/blog\/wp-json\/wp\/v2\/posts\/1507\/revisions\/1517"}],"wp:featuredmedia":[{"embeddable":true,"href":"https:\/\/www.ferpam.com.br\/blog\/wp-json\/wp\/v2\/media\/1510"}],"wp:attachment":[{"href":"https:\/\/www.ferpam.com.br\/blog\/wp-json\/wp\/v2\/media?parent=1507"}],"wp:term":[{"taxonomy":"category","embeddable":true,"href":"https:\/\/www.ferpam.com.br\/blog\/wp-json\/wp\/v2\/categories?post=1507"},{"taxonomy":"post_tag","embeddable":true,"href":"https:\/\/www.ferpam.com.br\/blog\/wp-json\/wp\/v2\/tags?post=1507"}],"curies":[{"name":"wp","href":"https:\/\/api.w.org\/{rel}","templated":true}]}}