{"id":1582,"date":"2020-01-24T00:00:47","date_gmt":"2020-01-24T00:00:47","guid":{"rendered":"https:\/\/ferpam.widehomolog.biz\/blog\/?p=1582"},"modified":"2021-02-17T14:07:45","modified_gmt":"2021-02-17T14:07:45","slug":"cremes-para-protecao-do-trabalhador","status":"publish","type":"post","link":"https:\/\/www.ferpam.com.br\/blog\/cremes-para-protecao-do-trabalhador\/","title":{"rendered":"\u200bCremes para prote\u00e7\u00e3o do trabalhador"},"content":{"rendered":"<p style=\"font-weight: 300;\">Voc\u00ea tem muitos colaboradores trabalhando expostos ao sol, ou a produtos qu\u00edmicos como tintas, \u00e1cidos, \u00f3leos, vernizes e entre outros? Ent\u00e3o venha conhecer 3 tipos de cremes de prote\u00e7\u00e3o que voc\u00ea pode usar para proteger sua equipe.<\/p>\n<h3>Vamos come\u00e7ar pelo Luva Qu\u00edmica Protetor para pele de Grupo 3 da marca Nutriex.<\/h3>\n<p style=\"font-weight: 300;\">Este item \u00e9 um dos mais completos para proteger m\u00e3os e bra\u00e7os de trabalhadores que manuseiam produtos qu\u00edmicos. Ele \u00e9 dermatologicamente testado para se tornar uma luva de prote\u00e7\u00e3o contra a\u00e7\u00e3o corrosiva de alguns tipos de tintas, \u00e1cidos, vernizes, ceras e pigmenta\u00e7\u00f5es diversas. Os benef\u00edcios s\u00e3o diversos, e o melhor \u00e9 um produto de prote\u00e7\u00e3o certificado com C.A (Certificado de Aprova\u00e7\u00e3o) de N\u00b035339 do MTE (Minist\u00e9rio do Trabalho e emprego).<\/p>\n<p style=\"font-weight: 300;\"><b><strong data-redactor-tag=\"b\">Indicado para a \u00e1rea dos membros superiores como:\u00a0<\/strong><\/b>M\u00e3os, Bra\u00e7os e Rosto<\/p>\n<p><img loading=\"lazy\" decoding=\"async\" class=\" wp-image-1584 alignleft\" src=\"https:\/\/ferpam.widehomolog.biz\/blog\/wp-content\/uploads\/2021\/02\/8c7f7f48a7e04c3cd6f8249bd81b5d701-300x300.jpg\" alt=\"\" width=\"281\" height=\"281\" srcset=\"https:\/\/www.ferpam.com.br\/blog\/wp-content\/uploads\/2021\/02\/8c7f7f48a7e04c3cd6f8249bd81b5d701-300x300.jpg 300w, https:\/\/www.ferpam.com.br\/blog\/wp-content\/uploads\/2021\/02\/8c7f7f48a7e04c3cd6f8249bd81b5d701-150x150.jpg 150w, https:\/\/www.ferpam.com.br\/blog\/wp-content\/uploads\/2021\/02\/8c7f7f48a7e04c3cd6f8249bd81b5d701.jpg 420w\" sizes=\"auto, (max-width: 281px) 100vw, 281px\" \/><\/p>\n<h5><\/h5>\n<h5><\/h5>\n<h5><\/h5>\n<h5><\/h5>\n<h5><\/h5>\n<h5>Especifica\u00e7\u00f5es t\u00e9cnicas do produto:<\/h5>\n<p style=\"font-weight: 300;\">&#8211; Produto hipoalerg\u00eanico<\/p>\n<p style=\"font-weight: 300;\">&#8211; Dermatologicamente testado<\/p>\n<p style=\"font-weight: 300;\">&#8211; Toque Seco<\/p>\n<p style=\"font-weight: 300;\">&#8211; A\u00e7\u00e3o imediata<\/p>\n<p style=\"font-weight: 300;\">&#8211; A luva qu\u00edmica tem uma dura\u00e7\u00e3o aproximada de 4 horas<\/p>\n<p style=\"font-weight: 300;\">&#8211; Biodegrad\u00e1vel, n\u00e3o agride o meio ambiente<\/p>\n<p style=\"font-weight: 300;\">&#8211; Secagem r\u00e1pida, n\u00e3o deixando as m\u00e3os escorregadias<\/p>\n<p style=\"font-weight: 300;\">&#8211; Removida facilmente com \u00e1gua e sab\u00e3o<\/p>\n<p style=\"font-weight: 300;\">&#8211; Promove hidrata\u00e7\u00e3o progressiva<\/p>\n<p style=\"font-weight: 300;\">&#8211; Possui uma fragr\u00e2ncia suave<\/p>\n<h3>Creme Desengraxante Com Esfoliante- Nutriex 200g<\/h3>\n<p style=\"font-weight: 300;\">Os trabalhadores de oficina v\u00e3o amar este produto. Quer desconforto maior que ficar sujo de graxa, \u00f3leos, tintas e at\u00e9 fuligens? Chega de dificuldade para retirar este produto qu\u00edmico das m\u00e3os. Com o desengraxante e esfoliante da Nutriex a rotina de trabalho ser\u00e1 muito mais limpa e sua pele mais saud\u00e1vel.<\/p>\n<p style=\"font-weight: 300;\"><b><strong data-redactor-tag=\"b\">\u00c9 um produto indicado para:<\/strong><\/b>\u00a0Limpeza pesada das m\u00e3os e bra\u00e7os e uso profissional para desengraxar.<\/p>\n<p><img loading=\"lazy\" decoding=\"async\" class=\"size-medium wp-image-1585 alignright\" src=\"https:\/\/ferpam.widehomolog.biz\/blog\/wp-content\/uploads\/2021\/02\/ea86d2bdc412eea6d7fcaaea9ed785e51-300x300.jpg\" alt=\"\" width=\"300\" height=\"300\" srcset=\"https:\/\/www.ferpam.com.br\/blog\/wp-content\/uploads\/2021\/02\/ea86d2bdc412eea6d7fcaaea9ed785e51-300x300.jpg 300w, https:\/\/www.ferpam.com.br\/blog\/wp-content\/uploads\/2021\/02\/ea86d2bdc412eea6d7fcaaea9ed785e51-150x150.jpg 150w, https:\/\/www.ferpam.com.br\/blog\/wp-content\/uploads\/2021\/02\/ea86d2bdc412eea6d7fcaaea9ed785e51.jpg 700w\" sizes=\"auto, (max-width: 300px) 100vw, 300px\" \/><\/p>\n<h5>Especifica\u00e7\u00f5es t\u00e9cnicas:<\/h5>\n<p style=\"font-weight: 300;\">&#8211; Remove facilmente sujeiras pesadas causadas por graxas, \u00f3leos, fuligens, tintas, resinas, cimento, colas, etc.<\/p>\n<p style=\"font-weight: 300;\">&#8211; Creme desengraxante profissional com esfoliante de \u2018Polietileno\u2019<\/p>\n<p style=\"font-weight: 300;\">&#8211; F\u00f3rmula balanceada com pH fisiol\u00f3gico<\/p>\n<p style=\"font-weight: 300;\">&#8211; Isento de abrasivos e solventes<\/p>\n<p style=\"font-weight: 300;\">&#8211; N\u00e3o cont\u00e9m sais c\u00e1usticos<\/p>\n<p style=\"font-weight: 300;\">&#8211; Pode ser usado a seco<\/p>\n<p style=\"font-weight: 300;\">&#8211; Fragr\u00e2ncia suave<\/p>\n<p style=\"font-weight: 300;\">&#8211; Limpa deixando a pele hidratada<\/p>\n<p style=\"font-weight: 300;\">&#8211; Alto rendimento<\/p>\n<h3>Creme Protetor Solar de 2 Litros com FPS 30 &#8211; Nutriex<\/h3>\n<p style=\"font-weight: 300;\">Este j\u00e1 \u00e9 um creme protetor solar indicado para o trabalhador que fica exposto ao sol. Mas, tamb\u00e9m pode ser usado para se proteger dos raios UVA\/UVB em ambientes fechados.<\/p>\n<p style=\"font-weight: 300;\">Todos sabemos que o excesso de exposi\u00e7\u00e3o ao sol diariamente e sem prote\u00e7\u00e3o pode causar danos ao colaborador, como: c\u00e2ncer de pele, envelhecimento precoce, insola\u00e7\u00e3o e at\u00e9 les\u00f5es nos olhos.<\/p>\n<p style=\"font-weight: 300;\">Por tanto, os trabalhadores da constru\u00e7\u00e3o civil, os Garis, os Catadores de produtos recicl\u00e1veis e os agricultores, por exemplo, devem sempre utilizar os equipamentos de prote\u00e7\u00e3o associados ao protetor solar.<\/p>\n<p style=\"font-weight: 300;\">O Protetor Solar de 2 litros com fator de FPS 30 da Nutriex \u00e9 um excelente auxiliador dos empregadores, pois sua emabalagem possui um dosador manual, que permite v\u00e1rios colaboradores utilizarem.<\/p>\n<p style=\"font-weight: 300;\"><b><strong data-redactor-tag=\"b\">Indicado para:<\/strong><\/b>\u00a0uso di\u00e1rio na \u00e1rea do corpo<\/p>\n<p><img loading=\"lazy\" decoding=\"async\" class=\"size-medium wp-image-1586 alignleft\" src=\"https:\/\/ferpam.widehomolog.biz\/blog\/wp-content\/uploads\/2021\/02\/d6a3b245ec5b4e86e6d46f0826fd48581-300x300.png\" alt=\"\" width=\"300\" height=\"300\" srcset=\"https:\/\/www.ferpam.com.br\/blog\/wp-content\/uploads\/2021\/02\/d6a3b245ec5b4e86e6d46f0826fd48581-300x300.png 300w, https:\/\/www.ferpam.com.br\/blog\/wp-content\/uploads\/2021\/02\/d6a3b245ec5b4e86e6d46f0826fd48581-150x150.png 150w, https:\/\/www.ferpam.com.br\/blog\/wp-content\/uploads\/2021\/02\/d6a3b245ec5b4e86e6d46f0826fd48581-768x768.png 768w, https:\/\/www.ferpam.com.br\/blog\/wp-content\/uploads\/2021\/02\/d6a3b245ec5b4e86e6d46f0826fd48581.png 800w\" sizes=\"auto, (max-width: 300px) 100vw, 300px\" \/><\/p>\n<h5><\/h5>\n<h5><\/h5>\n<h5><\/h5>\n<h5><\/h5>\n<h5><\/h5>\n<h5><\/h5>\n<h5><\/h5>\n<h5>Especifica\u00e7\u00f5es t\u00e9cnicas:<\/h5>\n<p style=\"font-weight: 300;\">&#8211; \u00c9 muito resistente \u00e0 \u00e1gua e suor<\/p>\n<p style=\"font-weight: 300;\">&#8211; Hipoalerg\u00eanico<\/p>\n<p style=\"font-weight: 300;\">&#8211; Possui Vitamina E, prevenindo o envelhecimento precoce da pele<\/p>\n<p style=\"font-weight: 300;\">&#8211; Al\u00e9m de espalhar com facilidade e n\u00e3o deixa a pele esbranqui\u00e7ada<\/p>\n<p style=\"font-weight: 300;\">&#8211; Possui r\u00e1pida absor\u00e7\u00e3o com a\u00e7\u00e3o hidratante<\/p>\n<p style=\"font-weight: 300;\">&#8211; Tem tamb\u00e9m fragr\u00e2ncia suave<\/p>\n<p style=\"font-weight: 300;\">&#8211; N\u00e3o comedog\u00eanico (n\u00e3o entope poros)<\/p>\n<p style=\"font-weight: 300;\">&#8211; Prote\u00e7\u00e3o contra raios UVA e UVB<\/p>\n<p style=\"font-weight: 300;\">&#8211; \u00c9 adequado \u00e0 nova Legisla\u00e7\u00e3o<\/p>\n","protected":false},"excerpt":{"rendered":"<p>Voc\u00ea tem muitos colaboradores trabalhando expostos ao sol, ou a produtos qu\u00edmicos como tintas, \u00e1cidos, \u00f3leos, vernizes e entre outros? Ent\u00e3o venha conhecer 3 tipos de cremes de prote\u00e7\u00e3o que voc\u00ea pode usar para proteger sua equipe. Vamos come\u00e7ar pelo Luva Qu\u00edmica Protetor para pele de Grupo 3 da marca Nutriex. Este item \u00e9 um &hellip;<\/p>\n","protected":false},"author":4,"featured_media":1583,"comment_status":"open","ping_status":"open","sticky":false,"template":"","format":"standard","meta":{"footnotes":""},"categories":[25],"tags":[309,306,307,308],"class_list":["post-1582","post","type-post","status-publish","format-standard","has-post-thumbnail","hentry","category-curiosidades","tag-cremeprotetor","tag-desengraxanteprofissional","tag-luvaquimica","tag-protecaosolar"],"yoast_head":"<!-- This site is optimized with the Yoast SEO plugin v15.8 - https:\/\/yoast.com\/wordpress\/plugins\/seo\/ -->\n<title>\u200bCremes para prote\u00e7\u00e3o do trabalhador - Blog Ferpam<\/title>\n<meta name=\"robots\" content=\"index, follow, max-snippet:-1, max-image-preview:large, max-video-preview:-1\" \/>\n<link rel=\"canonical\" href=\"https:\/\/www.ferpam.com.br\/blog\/cremes-para-protecao-do-trabalhador\/\" \/>\n<meta property=\"og:locale\" content=\"pt_BR\" \/>\n<meta property=\"og:type\" content=\"article\" \/>\n<meta property=\"og:title\" content=\"\u200bCremes para prote\u00e7\u00e3o do trabalhador - Blog Ferpam\" \/>\n<meta property=\"og:description\" content=\"Voc\u00ea tem muitos colaboradores trabalhando expostos ao sol, ou a produtos qu\u00edmicos como tintas, \u00e1cidos, \u00f3leos, vernizes e entre outros? Ent\u00e3o venha conhecer 3 tipos de cremes de prote\u00e7\u00e3o que voc\u00ea pode usar para proteger sua equipe. Vamos come\u00e7ar pelo Luva Qu\u00edmica Protetor para pele de Grupo 3 da marca Nutriex. Este item \u00e9 um &hellip;\" \/>\n<meta property=\"og:url\" content=\"https:\/\/www.ferpam.com.br\/blog\/cremes-para-protecao-do-trabalhador\/\" \/>\n<meta property=\"og:site_name\" content=\"Blog Ferpam\" \/>\n<meta property=\"article:published_time\" content=\"2020-01-24T00:00:47+00:00\" \/>\n<meta property=\"article:modified_time\" content=\"2021-02-17T14:07:45+00:00\" \/>\n<meta property=\"og:image\" content=\"https:\/\/www.ferpam.com.br\/blog\/wp-content\/uploads\/2021\/02\/559b5334c6bb3566dcd144f3fcbc53231.jpg\" \/>\n\t<meta property=\"og:image:width\" content=\"974\" \/>\n\t<meta property=\"og:image:height\" content=\"592\" \/>\n<meta name=\"twitter:card\" content=\"summary_large_image\" \/>\n<meta name=\"twitter:label1\" content=\"Est. reading time\">\n\t<meta name=\"twitter:data1\" content=\"3 minutos\">\n<script type=\"application\/ld+json\" class=\"yoast-schema-graph\">{\"@context\":\"https:\/\/schema.org\",\"@graph\":[{\"@type\":\"Organization\",\"@id\":\"https:\/\/www.ferpam.com.br\/blog\/#organization\",\"name\":\"Ferpam\",\"url\":\"https:\/\/www.ferpam.com.br\/blog\/\",\"sameAs\":[],\"logo\":{\"@type\":\"ImageObject\",\"@id\":\"https:\/\/www.ferpam.com.br\/blog\/#logo\",\"inLanguage\":\"pt-BR\",\"url\":\"https:\/\/www.ferpam.com.br\/blog\/wp-content\/uploads\/2021\/02\/logo-1.png\",\"width\":254,\"height\":89,\"caption\":\"Ferpam\"},\"image\":{\"@id\":\"https:\/\/www.ferpam.com.br\/blog\/#logo\"}},{\"@type\":\"WebSite\",\"@id\":\"https:\/\/www.ferpam.com.br\/blog\/#website\",\"url\":\"https:\/\/www.ferpam.com.br\/blog\/\",\"name\":\"Blog Ferpam\",\"description\":\"Not\\u00edcias da Ferpam\",\"publisher\":{\"@id\":\"https:\/\/www.ferpam.com.br\/blog\/#organization\"},\"potentialAction\":[{\"@type\":\"SearchAction\",\"target\":\"https:\/\/www.ferpam.com.br\/blog\/?s={search_term_string}\",\"query-input\":\"required name=search_term_string\"}],\"inLanguage\":\"pt-BR\"},{\"@type\":\"ImageObject\",\"@id\":\"https:\/\/www.ferpam.com.br\/blog\/cremes-para-protecao-do-trabalhador\/#primaryimage\",\"inLanguage\":\"pt-BR\",\"url\":\"https:\/\/www.ferpam.com.br\/blog\/wp-content\/uploads\/2021\/02\/559b5334c6bb3566dcd144f3fcbc53231.jpg\",\"width\":974,\"height\":592},{\"@type\":\"WebPage\",\"@id\":\"https:\/\/www.ferpam.com.br\/blog\/cremes-para-protecao-do-trabalhador\/#webpage\",\"url\":\"https:\/\/www.ferpam.com.br\/blog\/cremes-para-protecao-do-trabalhador\/\",\"name\":\"\\u200bCremes para prote\\u00e7\\u00e3o do trabalhador - Blog Ferpam\",\"isPartOf\":{\"@id\":\"https:\/\/www.ferpam.com.br\/blog\/#website\"},\"primaryImageOfPage\":{\"@id\":\"https:\/\/www.ferpam.com.br\/blog\/cremes-para-protecao-do-trabalhador\/#primaryimage\"},\"datePublished\":\"2020-01-24T00:00:47+00:00\",\"dateModified\":\"2021-02-17T14:07:45+00:00\",\"breadcrumb\":{\"@id\":\"https:\/\/www.ferpam.com.br\/blog\/cremes-para-protecao-do-trabalhador\/#breadcrumb\"},\"inLanguage\":\"pt-BR\",\"potentialAction\":[{\"@type\":\"ReadAction\",\"target\":[\"https:\/\/www.ferpam.com.br\/blog\/cremes-para-protecao-do-trabalhador\/\"]}]},{\"@type\":\"BreadcrumbList\",\"@id\":\"https:\/\/www.ferpam.com.br\/blog\/cremes-para-protecao-do-trabalhador\/#breadcrumb\",\"itemListElement\":[{\"@type\":\"ListItem\",\"position\":1,\"item\":{\"@type\":\"WebPage\",\"@id\":\"https:\/\/www.ferpam.com.br\/blog\/\",\"url\":\"https:\/\/www.ferpam.com.br\/blog\/\",\"name\":\"In\\u00edcio\"}},{\"@type\":\"ListItem\",\"position\":2,\"item\":{\"@type\":\"WebPage\",\"@id\":\"https:\/\/www.ferpam.com.br\/blog\/cremes-para-protecao-do-trabalhador\/\",\"url\":\"https:\/\/www.ferpam.com.br\/blog\/cremes-para-protecao-do-trabalhador\/\",\"name\":\"\\u200bCremes para prote\\u00e7\\u00e3o do trabalhador\"}}]},{\"@type\":\"Article\",\"@id\":\"https:\/\/www.ferpam.com.br\/blog\/cremes-para-protecao-do-trabalhador\/#article\",\"isPartOf\":{\"@id\":\"https:\/\/www.ferpam.com.br\/blog\/cremes-para-protecao-do-trabalhador\/#webpage\"},\"author\":{\"@id\":\"https:\/\/www.ferpam.com.br\/blog\/#\/schema\/person\/17c24d0d22dd830e306685f9b94ec5e7\"},\"headline\":\"\\u200bCremes para prote\\u00e7\\u00e3o do trabalhador\",\"datePublished\":\"2020-01-24T00:00:47+00:00\",\"dateModified\":\"2021-02-17T14:07:45+00:00\",\"mainEntityOfPage\":{\"@id\":\"https:\/\/www.ferpam.com.br\/blog\/cremes-para-protecao-do-trabalhador\/#webpage\"},\"commentCount\":0,\"publisher\":{\"@id\":\"https:\/\/www.ferpam.com.br\/blog\/#organization\"},\"image\":{\"@id\":\"https:\/\/www.ferpam.com.br\/blog\/cremes-para-protecao-do-trabalhador\/#primaryimage\"},\"keywords\":\"cremeprotetor,desengraxanteprofissional,luvaquimica,protecaosolar\",\"articleSection\":\"Curiosidades\",\"inLanguage\":\"pt-BR\",\"potentialAction\":[{\"@type\":\"CommentAction\",\"name\":\"Comment\",\"target\":[\"https:\/\/www.ferpam.com.br\/blog\/cremes-para-protecao-do-trabalhador\/#respond\"]}]},{\"@type\":\"Person\",\"@id\":\"https:\/\/www.ferpam.com.br\/blog\/#\/schema\/person\/17c24d0d22dd830e306685f9b94ec5e7\",\"name\":\"Ferpam Blog\",\"image\":{\"@type\":\"ImageObject\",\"@id\":\"https:\/\/www.ferpam.com.br\/blog\/#personlogo\",\"inLanguage\":\"pt-BR\",\"url\":\"https:\/\/secure.gravatar.com\/avatar\/cabb3a541ec0d8bedb85a519259a466229f358a62b34ef4b29cb8d6884944a6c?s=96&d=mm&r=g\",\"caption\":\"Ferpam Blog\"},\"sameAs\":[\"http:\/\/www.ferpam.com.br\"]}]}<\/script>\n<!-- \/ Yoast SEO plugin. -->","_links":{"self":[{"href":"https:\/\/www.ferpam.com.br\/blog\/wp-json\/wp\/v2\/posts\/1582","targetHints":{"allow":["GET"]}}],"collection":[{"href":"https:\/\/www.ferpam.com.br\/blog\/wp-json\/wp\/v2\/posts"}],"about":[{"href":"https:\/\/www.ferpam.com.br\/blog\/wp-json\/wp\/v2\/types\/post"}],"author":[{"embeddable":true,"href":"https:\/\/www.ferpam.com.br\/blog\/wp-json\/wp\/v2\/users\/4"}],"replies":[{"embeddable":true,"href":"https:\/\/www.ferpam.com.br\/blog\/wp-json\/wp\/v2\/comments?post=1582"}],"version-history":[{"count":2,"href":"https:\/\/www.ferpam.com.br\/blog\/wp-json\/wp\/v2\/posts\/1582\/revisions"}],"predecessor-version":[{"id":1588,"href":"https:\/\/www.ferpam.com.br\/blog\/wp-json\/wp\/v2\/posts\/1582\/revisions\/1588"}],"wp:featuredmedia":[{"embeddable":true,"href":"https:\/\/www.ferpam.com.br\/blog\/wp-json\/wp\/v2\/media\/1583"}],"wp:attachment":[{"href":"https:\/\/www.ferpam.com.br\/blog\/wp-json\/wp\/v2\/media?parent=1582"}],"wp:term":[{"taxonomy":"category","embeddable":true,"href":"https:\/\/www.ferpam.com.br\/blog\/wp-json\/wp\/v2\/categories?post=1582"},{"taxonomy":"post_tag","embeddable":true,"href":"https:\/\/www.ferpam.com.br\/blog\/wp-json\/wp\/v2\/tags?post=1582"}],"curies":[{"name":"wp","href":"https:\/\/api.w.org\/{rel}","templated":true}]}}