{"id":1589,"date":"2020-01-30T14:09:38","date_gmt":"2020-01-30T14:09:38","guid":{"rendered":"https:\/\/ferpam.widehomolog.biz\/blog\/?p=1589"},"modified":"2021-02-17T14:11:53","modified_gmt":"2021-02-17T14:11:53","slug":"vamos-transformar-o-dia-da-saudade","status":"publish","type":"post","link":"https:\/\/www.ferpam.com.br\/blog\/vamos-transformar-o-dia-da-saudade\/","title":{"rendered":"\u200bVamos transformar o Dia da Saudade?"},"content":{"rendered":"<p style=\"font-weight: 300;\">Dia 30 de Janeiro \u00e9 celebrado como o dia de evidenciar o sentimento da Saudade. Logo, no Brasil esta data come\u00e7ou com a conota\u00e7\u00e3o de relembrar dos entes queridos que j\u00e1 se foram e deixaram muita saudade.<\/p>\n<p style=\"font-weight: 300;\">No entanto, a gente sabe que saudade \u00e9 uma coisa cotidiana da nossa vida. N\u00e3o \u00e9 um sentimento s\u00f3 triste, mas um sentimento gostoso tamb\u00e9m. E como \u00e9 bom matar uma saudade, n\u00e3o \u00e9?<\/p>\n<h3>Vamos transformar o dia da Saudade?<\/h3>\n<p><img loading=\"lazy\" decoding=\"async\" class=\"size-medium wp-image-1592 alignleft\" src=\"https:\/\/ferpam.widehomolog.biz\/blog\/wp-content\/uploads\/2020\/01\/6708d499c621a819ea357f98916a87251-300x171.jpg\" alt=\"\" width=\"300\" height=\"171\" srcset=\"https:\/\/www.ferpam.com.br\/blog\/wp-content\/uploads\/2020\/01\/6708d499c621a819ea357f98916a87251-300x171.jpg 300w, https:\/\/www.ferpam.com.br\/blog\/wp-content\/uploads\/2020\/01\/6708d499c621a819ea357f98916a87251-1024x585.jpg 1024w, https:\/\/www.ferpam.com.br\/blog\/wp-content\/uploads\/2020\/01\/6708d499c621a819ea357f98916a87251-768x438.jpg 768w, https:\/\/www.ferpam.com.br\/blog\/wp-content\/uploads\/2020\/01\/6708d499c621a819ea357f98916a87251-1536x877.jpg 1536w, https:\/\/www.ferpam.com.br\/blog\/wp-content\/uploads\/2020\/01\/6708d499c621a819ea357f98916a87251.jpg 2048w\" sizes=\"auto, (max-width: 300px) 100vw, 300px\" \/><\/p>\n<p style=\"font-weight: 300;\">Amamos pessoas que moram longe, certo? Sentimos muita saudade de pais, parentes, irm\u00e3os amigos e tudo mais.<\/p>\n<p style=\"font-weight: 300;\">Eles podem estar em outra cidade, estado ou at\u00e9 outro pa\u00eds. Por isso, criamos uma campanha diferente, mais divertida, para comemorar o dia as Saudade.<\/p>\n<p>&nbsp;<\/p>\n<h3>Recordar \u00e9 viver, Concorda? Ent\u00e3o admita sua saudade em vida.<\/h3>\n<h2><\/h2>\n<p style=\"font-weight: 300;\">Escolha a foto de um amigo, irm\u00e3o ou qualquer pessoa que voc\u00ea ama e que tem muita saudade, poste nos seus stories no\u00a0<b><strong data-redactor-tag=\"b\">Facebook<\/strong><\/b>\u00a0e no\u00a0<b><strong data-redactor-tag=\"b\">Instagram<\/strong><\/b>\u00a0e admita sua saudade. Use as rastags: #diadasaudade e #saudadesferpam<\/p>\n<p><img loading=\"lazy\" decoding=\"async\" class=\"alignnone size-medium wp-image-1593\" src=\"https:\/\/ferpam.widehomolog.biz\/blog\/wp-content\/uploads\/2020\/01\/3173ea7b8f2578077ff0926d7ddae3061-300x153.jpg\" alt=\"\" width=\"300\" height=\"153\" srcset=\"https:\/\/www.ferpam.com.br\/blog\/wp-content\/uploads\/2020\/01\/3173ea7b8f2578077ff0926d7ddae3061-300x153.jpg 300w, https:\/\/www.ferpam.com.br\/blog\/wp-content\/uploads\/2020\/01\/3173ea7b8f2578077ff0926d7ddae3061.jpg 640w\" sizes=\"auto, (max-width: 300px) 100vw, 300px\" \/><\/p>\n","protected":false},"excerpt":{"rendered":"<p>Dia 30 de Janeiro \u00e9 celebrado como o dia de evidenciar o sentimento da Saudade. Logo, no Brasil esta data come\u00e7ou com a conota\u00e7\u00e3o de relembrar dos entes queridos que j\u00e1 se foram e deixaram muita saudade. No entanto, a gente sabe que saudade \u00e9 uma coisa cotidiana da nossa vida. N\u00e3o \u00e9 um sentimento &hellip;<\/p>\n","protected":false},"author":4,"featured_media":1591,"comment_status":"open","ping_status":"open","sticky":false,"template":"","format":"standard","meta":{"footnotes":""},"categories":[25],"tags":[305],"class_list":["post-1589","post","type-post","status-publish","format-standard","has-post-thumbnail","hentry","category-curiosidades","tag-diadasaudade"],"yoast_head":"<!-- This site is optimized with the Yoast SEO plugin v15.8 - https:\/\/yoast.com\/wordpress\/plugins\/seo\/ -->\n<title>\u200bVamos transformar o Dia da Saudade? - Blog Ferpam<\/title>\n<meta name=\"robots\" content=\"index, follow, max-snippet:-1, max-image-preview:large, max-video-preview:-1\" \/>\n<link rel=\"canonical\" href=\"https:\/\/www.ferpam.com.br\/blog\/vamos-transformar-o-dia-da-saudade\/\" \/>\n<meta property=\"og:locale\" content=\"pt_BR\" \/>\n<meta property=\"og:type\" content=\"article\" \/>\n<meta property=\"og:title\" content=\"\u200bVamos transformar o Dia da Saudade? - Blog Ferpam\" \/>\n<meta property=\"og:description\" content=\"Dia 30 de Janeiro \u00e9 celebrado como o dia de evidenciar o sentimento da Saudade. Logo, no Brasil esta data come\u00e7ou com a conota\u00e7\u00e3o de relembrar dos entes queridos que j\u00e1 se foram e deixaram muita saudade. No entanto, a gente sabe que saudade \u00e9 uma coisa cotidiana da nossa vida. N\u00e3o \u00e9 um sentimento &hellip;\" \/>\n<meta property=\"og:url\" content=\"https:\/\/www.ferpam.com.br\/blog\/vamos-transformar-o-dia-da-saudade\/\" \/>\n<meta property=\"og:site_name\" content=\"Blog Ferpam\" \/>\n<meta property=\"article:published_time\" content=\"2020-01-30T14:09:38+00:00\" \/>\n<meta property=\"article:modified_time\" content=\"2021-02-17T14:11:53+00:00\" \/>\n<meta property=\"og:image\" content=\"https:\/\/www.ferpam.com.br\/blog\/wp-content\/uploads\/2020\/01\/2c5756ee0b1f63ea1deb3c6f3dc55cdf1.jpg\" \/>\n\t<meta property=\"og:image:width\" content=\"966\" \/>\n\t<meta property=\"og:image:height\" content=\"580\" \/>\n<meta name=\"twitter:card\" content=\"summary_large_image\" \/>\n<meta name=\"twitter:label1\" content=\"Est. reading time\">\n\t<meta name=\"twitter:data1\" content=\"1 minuto\">\n<script type=\"application\/ld+json\" class=\"yoast-schema-graph\">{\"@context\":\"https:\/\/schema.org\",\"@graph\":[{\"@type\":\"Organization\",\"@id\":\"https:\/\/www.ferpam.com.br\/blog\/#organization\",\"name\":\"Ferpam\",\"url\":\"https:\/\/www.ferpam.com.br\/blog\/\",\"sameAs\":[],\"logo\":{\"@type\":\"ImageObject\",\"@id\":\"https:\/\/www.ferpam.com.br\/blog\/#logo\",\"inLanguage\":\"pt-BR\",\"url\":\"https:\/\/www.ferpam.com.br\/blog\/wp-content\/uploads\/2021\/02\/logo-1.png\",\"width\":254,\"height\":89,\"caption\":\"Ferpam\"},\"image\":{\"@id\":\"https:\/\/www.ferpam.com.br\/blog\/#logo\"}},{\"@type\":\"WebSite\",\"@id\":\"https:\/\/www.ferpam.com.br\/blog\/#website\",\"url\":\"https:\/\/www.ferpam.com.br\/blog\/\",\"name\":\"Blog Ferpam\",\"description\":\"Not\\u00edcias da Ferpam\",\"publisher\":{\"@id\":\"https:\/\/www.ferpam.com.br\/blog\/#organization\"},\"potentialAction\":[{\"@type\":\"SearchAction\",\"target\":\"https:\/\/www.ferpam.com.br\/blog\/?s={search_term_string}\",\"query-input\":\"required name=search_term_string\"}],\"inLanguage\":\"pt-BR\"},{\"@type\":\"ImageObject\",\"@id\":\"https:\/\/www.ferpam.com.br\/blog\/vamos-transformar-o-dia-da-saudade\/#primaryimage\",\"inLanguage\":\"pt-BR\",\"url\":\"https:\/\/www.ferpam.com.br\/blog\/wp-content\/uploads\/2020\/01\/2c5756ee0b1f63ea1deb3c6f3dc55cdf1.jpg\",\"width\":966,\"height\":580},{\"@type\":\"WebPage\",\"@id\":\"https:\/\/www.ferpam.com.br\/blog\/vamos-transformar-o-dia-da-saudade\/#webpage\",\"url\":\"https:\/\/www.ferpam.com.br\/blog\/vamos-transformar-o-dia-da-saudade\/\",\"name\":\"\\u200bVamos transformar o Dia da Saudade? - Blog Ferpam\",\"isPartOf\":{\"@id\":\"https:\/\/www.ferpam.com.br\/blog\/#website\"},\"primaryImageOfPage\":{\"@id\":\"https:\/\/www.ferpam.com.br\/blog\/vamos-transformar-o-dia-da-saudade\/#primaryimage\"},\"datePublished\":\"2020-01-30T14:09:38+00:00\",\"dateModified\":\"2021-02-17T14:11:53+00:00\",\"breadcrumb\":{\"@id\":\"https:\/\/www.ferpam.com.br\/blog\/vamos-transformar-o-dia-da-saudade\/#breadcrumb\"},\"inLanguage\":\"pt-BR\",\"potentialAction\":[{\"@type\":\"ReadAction\",\"target\":[\"https:\/\/www.ferpam.com.br\/blog\/vamos-transformar-o-dia-da-saudade\/\"]}]},{\"@type\":\"BreadcrumbList\",\"@id\":\"https:\/\/www.ferpam.com.br\/blog\/vamos-transformar-o-dia-da-saudade\/#breadcrumb\",\"itemListElement\":[{\"@type\":\"ListItem\",\"position\":1,\"item\":{\"@type\":\"WebPage\",\"@id\":\"https:\/\/www.ferpam.com.br\/blog\/\",\"url\":\"https:\/\/www.ferpam.com.br\/blog\/\",\"name\":\"In\\u00edcio\"}},{\"@type\":\"ListItem\",\"position\":2,\"item\":{\"@type\":\"WebPage\",\"@id\":\"https:\/\/www.ferpam.com.br\/blog\/vamos-transformar-o-dia-da-saudade\/\",\"url\":\"https:\/\/www.ferpam.com.br\/blog\/vamos-transformar-o-dia-da-saudade\/\",\"name\":\"\\u200bVamos transformar o Dia da Saudade?\"}}]},{\"@type\":\"Article\",\"@id\":\"https:\/\/www.ferpam.com.br\/blog\/vamos-transformar-o-dia-da-saudade\/#article\",\"isPartOf\":{\"@id\":\"https:\/\/www.ferpam.com.br\/blog\/vamos-transformar-o-dia-da-saudade\/#webpage\"},\"author\":{\"@id\":\"https:\/\/www.ferpam.com.br\/blog\/#\/schema\/person\/17c24d0d22dd830e306685f9b94ec5e7\"},\"headline\":\"\\u200bVamos transformar o Dia da Saudade?\",\"datePublished\":\"2020-01-30T14:09:38+00:00\",\"dateModified\":\"2021-02-17T14:11:53+00:00\",\"mainEntityOfPage\":{\"@id\":\"https:\/\/www.ferpam.com.br\/blog\/vamos-transformar-o-dia-da-saudade\/#webpage\"},\"commentCount\":0,\"publisher\":{\"@id\":\"https:\/\/www.ferpam.com.br\/blog\/#organization\"},\"image\":{\"@id\":\"https:\/\/www.ferpam.com.br\/blog\/vamos-transformar-o-dia-da-saudade\/#primaryimage\"},\"keywords\":\"#diadasaudade\",\"articleSection\":\"Curiosidades\",\"inLanguage\":\"pt-BR\",\"potentialAction\":[{\"@type\":\"CommentAction\",\"name\":\"Comment\",\"target\":[\"https:\/\/www.ferpam.com.br\/blog\/vamos-transformar-o-dia-da-saudade\/#respond\"]}]},{\"@type\":\"Person\",\"@id\":\"https:\/\/www.ferpam.com.br\/blog\/#\/schema\/person\/17c24d0d22dd830e306685f9b94ec5e7\",\"name\":\"Ferpam Blog\",\"image\":{\"@type\":\"ImageObject\",\"@id\":\"https:\/\/www.ferpam.com.br\/blog\/#personlogo\",\"inLanguage\":\"pt-BR\",\"url\":\"https:\/\/secure.gravatar.com\/avatar\/cabb3a541ec0d8bedb85a519259a466229f358a62b34ef4b29cb8d6884944a6c?s=96&d=mm&r=g\",\"caption\":\"Ferpam Blog\"},\"sameAs\":[\"http:\/\/www.ferpam.com.br\"]}]}<\/script>\n<!-- \/ Yoast SEO plugin. -->","_links":{"self":[{"href":"https:\/\/www.ferpam.com.br\/blog\/wp-json\/wp\/v2\/posts\/1589","targetHints":{"allow":["GET"]}}],"collection":[{"href":"https:\/\/www.ferpam.com.br\/blog\/wp-json\/wp\/v2\/posts"}],"about":[{"href":"https:\/\/www.ferpam.com.br\/blog\/wp-json\/wp\/v2\/types\/post"}],"author":[{"embeddable":true,"href":"https:\/\/www.ferpam.com.br\/blog\/wp-json\/wp\/v2\/users\/4"}],"replies":[{"embeddable":true,"href":"https:\/\/www.ferpam.com.br\/blog\/wp-json\/wp\/v2\/comments?post=1589"}],"version-history":[{"count":2,"href":"https:\/\/www.ferpam.com.br\/blog\/wp-json\/wp\/v2\/posts\/1589\/revisions"}],"predecessor-version":[{"id":1594,"href":"https:\/\/www.ferpam.com.br\/blog\/wp-json\/wp\/v2\/posts\/1589\/revisions\/1594"}],"wp:featuredmedia":[{"embeddable":true,"href":"https:\/\/www.ferpam.com.br\/blog\/wp-json\/wp\/v2\/media\/1591"}],"wp:attachment":[{"href":"https:\/\/www.ferpam.com.br\/blog\/wp-json\/wp\/v2\/media?parent=1589"}],"wp:term":[{"taxonomy":"category","embeddable":true,"href":"https:\/\/www.ferpam.com.br\/blog\/wp-json\/wp\/v2\/categories?post=1589"},{"taxonomy":"post_tag","embeddable":true,"href":"https:\/\/www.ferpam.com.br\/blog\/wp-json\/wp\/v2\/tags?post=1589"}],"curies":[{"name":"wp","href":"https:\/\/api.w.org\/{rel}","templated":true}]}}