{"id":1625,"date":"2020-03-03T14:46:13","date_gmt":"2020-03-03T14:46:13","guid":{"rendered":"https:\/\/ferpam.widehomolog.biz\/blog\/?p=1625"},"modified":"2021-02-17T14:50:27","modified_gmt":"2021-02-17T14:50:27","slug":"cresce-o-numero-de-colaboradoras-na-ferpam","status":"publish","type":"post","link":"https:\/\/www.ferpam.com.br\/blog\/cresce-o-numero-de-colaboradoras-na-ferpam\/","title":{"rendered":"Cresce o n\u00famero de colaboradoras na Ferpam"},"content":{"rendered":"<p>A participa\u00e7\u00e3o das mulheres no mercado de trabalho tem aumentado a cada ano. Na Ferpam, as contrata\u00e7\u00f5es tiveram um aumento significativo desde a sua abertura em 1996. Hoje, 30% dos cargos dentro da empresa, inclusive de lideran\u00e7a, s\u00e3o ocupados por mulheres.<\/p>\n<p>Empresa do ramo ferragista cresce significativamente a contrata\u00e7\u00e3o de mulheres no seu quadro de colaboradores<\/p>\n<p><i data-redactor-tag=\"i\">Ferpam cresce na contrata\u00e7\u00e3o de mulheres a cada ano, principalmente para cargos tipicamente masculino e de ger\u00eancia<\/i><\/p>\n<p>Para a gerente administrativa, Elaine Tranqueira de Queiroz que est\u00e1 na empresa desde a sua abertura, esse crescimento se deu devido ao posicionamento da mulher no mercado de trabalho. \u201cAs mulheres est\u00e3o cada vez mais qualificadas e sempre buscando algo novo, elas desempenham diversos papeis e conseguem fazer isso com maestria\u201d.<\/p>\n<p>Ivan Ricardo, diretor da empresa, disse que esses dados v\u00eam para desmistificar a primeira impress\u00e3o de que a Ferpam \u00e9 uma empresa somente masculina. \u201cHoje temos mais de 20 anos em Palmas e sempre acreditamos na mulher como colaboradora e tamb\u00e9m como nossas clientes em potencial. J\u00e1 era o tempo em que ferramentas e parafusos era assunto somente de homens, hoje as mulheres desempenham esses papeis com muito profissionalismo, por isso temos muitas mulheres no nosso quadro de funcion\u00e1rias que cuidam desde um o atendimento ao cliente at\u00e9 elabora\u00e7\u00e3o estrat\u00e9gica, folha de pagamento, credi\u00e1rio e supervis\u00e3o de oficina, elas est\u00e3o envolvidas em todos os departamentos\u201d, ressaltou Ivan.<\/p>\n<p>Renata Louren\u00e7o \u00e9 gerente da filial da Ferpam em Gurupi e desenvolve um cargo antes gerido por homens e conseguiu sua coloca\u00e7\u00e3o no mercado de trabalho liderando uma equipe tipicamente masculina. \u201cAprendi de tudo um pouco, especifica\u00e7\u00f5es t\u00e9cnicas de m\u00e1quinas, suas funcionalidades e utiliza\u00e7\u00e3o, e amo o que fa\u00e7o. Hoje venho para o trabalho realizada pessoalmente e profissionalmente, \u201cafirma Renata.<\/p>\n<p><img loading=\"lazy\" decoding=\"async\" class=\"alignnone size-medium wp-image-1627\" src=\"https:\/\/ferpam.widehomolog.biz\/blog\/wp-content\/uploads\/2021\/02\/c6258b5d18f4ee146f806e75a826d0111-300x225.jpg\" alt=\"\" width=\"300\" height=\"225\" srcset=\"https:\/\/www.ferpam.com.br\/blog\/wp-content\/uploads\/2021\/02\/c6258b5d18f4ee146f806e75a826d0111-300x225.jpg 300w, https:\/\/www.ferpam.com.br\/blog\/wp-content\/uploads\/2021\/02\/c6258b5d18f4ee146f806e75a826d0111-1024x768.jpg 1024w, https:\/\/www.ferpam.com.br\/blog\/wp-content\/uploads\/2021\/02\/c6258b5d18f4ee146f806e75a826d0111-768x576.jpg 768w, https:\/\/www.ferpam.com.br\/blog\/wp-content\/uploads\/2021\/02\/c6258b5d18f4ee146f806e75a826d0111.jpg 1280w\" sizes=\"auto, (max-width: 300px) 100vw, 300px\" \/><\/p>\n<p>A ger\u00eancia da oficina, que hoje supervisiona a equipe de mec\u00e2nicos tamb\u00e9m \u00e9 gerida por uma mulher. Para Ana Karoline, no in\u00edcio, assumir um cargo de ger\u00eancia para supervisionar uma equipe de homens foi desafiador, pois entraria em um mercado tipicamente masculino e teria que exercer sua autoridade, sem ser intimidada. \u201c No in\u00edcio foi desafiador sim, pois pensava como gerenciaria uma equipe de oficina, todos homens que at\u00e9 ent\u00e3o eram supervisionados por outro homem e eu entrei para quebrar muitos conceitos e mostrar que a mulher tem sua vez no mercado e que tamb\u00e9m pode entender de m\u00e1quinas, processos, e porque n\u00e3o da mec\u00e2nica, acho que consegui quebrar muitos paradigmas e mudar muitos conceitos\u201d, destaca Ana.<\/p>\n<p>&nbsp;<\/p>\n<p>John Kennedy, um dos mec\u00e2nicos da equipe supervisionada por Karoline gosta do trabalho que a mesma desempenha. \u201cN\u00f3s sempre acreditamos que uma mulher nesse espa\u00e7o faria a diferen\u00e7a e a Ana chegou fazendo isso, nossa equipe n\u00e3o teve nenhuma barreira, aceitamos muito bem a autoridade dela exercida e acreditamos na for\u00e7a da mulher e na sua compet\u00eancia\u201d.<\/p>\n<p><img loading=\"lazy\" decoding=\"async\" class=\"alignnone size-medium wp-image-1628\" src=\"https:\/\/ferpam.widehomolog.biz\/blog\/wp-content\/uploads\/2021\/02\/c666e6373a80d6b286b582191cc5a4601-300x225.jpg\" alt=\"\" width=\"300\" height=\"225\" srcset=\"https:\/\/www.ferpam.com.br\/blog\/wp-content\/uploads\/2021\/02\/c666e6373a80d6b286b582191cc5a4601-300x225.jpg 300w, https:\/\/www.ferpam.com.br\/blog\/wp-content\/uploads\/2021\/02\/c666e6373a80d6b286b582191cc5a4601-1024x768.jpg 1024w, https:\/\/www.ferpam.com.br\/blog\/wp-content\/uploads\/2021\/02\/c666e6373a80d6b286b582191cc5a4601-768x576.jpg 768w, https:\/\/www.ferpam.com.br\/blog\/wp-content\/uploads\/2021\/02\/c666e6373a80d6b286b582191cc5a4601.jpg 1280w\" sizes=\"auto, (max-width: 300px) 100vw, 300px\" \/><\/p>\n<p>Para fomentar ainda mais a participa\u00e7\u00e3o da mulher no mercado de trabalho a Ferpam pretende continuar contratando e desenvolvendo ainda mais seu quadro de colaboradoras, realizando a\u00e7\u00f5es e projetos de capacita\u00e7\u00e3o. Hoje a empresa se preocupa com as mulheres e desenvolve projetos que envolvem todas as colaboradoras, \u00e9 o caso do projeto \u201cMulheres Ferpam\u201d que visam a integra\u00e7\u00e3o, valoriza\u00e7\u00e3o pessoal e profissional das mesmas.<\/p>\n","protected":false},"excerpt":{"rendered":"<p>A participa\u00e7\u00e3o das mulheres no mercado de trabalho tem aumentado a cada ano. Na Ferpam, as contrata\u00e7\u00f5es tiveram um aumento significativo desde a sua abertura em 1996. Hoje, 30% dos cargos dentro da empresa, inclusive de lideran\u00e7a, s\u00e3o ocupados por mulheres. Empresa do ramo ferragista cresce significativamente a contrata\u00e7\u00e3o de mulheres no seu quadro de &hellip;<\/p>\n","protected":false},"author":4,"featured_media":1626,"comment_status":"open","ping_status":"open","sticky":false,"template":"","format":"standard","meta":{"footnotes":""},"categories":[1],"tags":[],"class_list":["post-1625","post","type-post","status-publish","format-standard","has-post-thumbnail","hentry","category-sem-categoria"],"yoast_head":"<!-- This site is optimized with the Yoast SEO plugin v15.8 - https:\/\/yoast.com\/wordpress\/plugins\/seo\/ -->\n<title>Cresce o n\u00famero de colaboradoras na Ferpam - Blog Ferpam<\/title>\n<meta name=\"robots\" content=\"index, follow, max-snippet:-1, max-image-preview:large, max-video-preview:-1\" \/>\n<link rel=\"canonical\" href=\"https:\/\/www.ferpam.com.br\/blog\/cresce-o-numero-de-colaboradoras-na-ferpam\/\" \/>\n<meta property=\"og:locale\" content=\"pt_BR\" \/>\n<meta property=\"og:type\" content=\"article\" \/>\n<meta property=\"og:title\" content=\"Cresce o n\u00famero de colaboradoras na Ferpam - Blog Ferpam\" \/>\n<meta property=\"og:description\" content=\"A participa\u00e7\u00e3o das mulheres no mercado de trabalho tem aumentado a cada ano. Na Ferpam, as contrata\u00e7\u00f5es tiveram um aumento significativo desde a sua abertura em 1996. Hoje, 30% dos cargos dentro da empresa, inclusive de lideran\u00e7a, s\u00e3o ocupados por mulheres. Empresa do ramo ferragista cresce significativamente a contrata\u00e7\u00e3o de mulheres no seu quadro de &hellip;\" \/>\n<meta property=\"og:url\" content=\"https:\/\/www.ferpam.com.br\/blog\/cresce-o-numero-de-colaboradoras-na-ferpam\/\" \/>\n<meta property=\"og:site_name\" content=\"Blog Ferpam\" \/>\n<meta property=\"article:published_time\" content=\"2020-03-03T14:46:13+00:00\" \/>\n<meta property=\"article:modified_time\" content=\"2021-02-17T14:50:27+00:00\" \/>\n<meta property=\"og:image\" content=\"https:\/\/www.ferpam.com.br\/blog\/wp-content\/uploads\/2021\/02\/425ea05c6f4d84e1bf4e7095e52e92681.jpg\" \/>\n\t<meta property=\"og:image:width\" content=\"968\" \/>\n\t<meta property=\"og:image:height\" content=\"584\" \/>\n<meta name=\"twitter:card\" content=\"summary_large_image\" \/>\n<meta name=\"twitter:label1\" content=\"Est. reading time\">\n\t<meta name=\"twitter:data1\" content=\"3 minutos\">\n<script type=\"application\/ld+json\" class=\"yoast-schema-graph\">{\"@context\":\"https:\/\/schema.org\",\"@graph\":[{\"@type\":\"Organization\",\"@id\":\"https:\/\/www.ferpam.com.br\/blog\/#organization\",\"name\":\"Ferpam\",\"url\":\"https:\/\/www.ferpam.com.br\/blog\/\",\"sameAs\":[],\"logo\":{\"@type\":\"ImageObject\",\"@id\":\"https:\/\/www.ferpam.com.br\/blog\/#logo\",\"inLanguage\":\"pt-BR\",\"url\":\"https:\/\/www.ferpam.com.br\/blog\/wp-content\/uploads\/2021\/02\/logo-1.png\",\"width\":254,\"height\":89,\"caption\":\"Ferpam\"},\"image\":{\"@id\":\"https:\/\/www.ferpam.com.br\/blog\/#logo\"}},{\"@type\":\"WebSite\",\"@id\":\"https:\/\/www.ferpam.com.br\/blog\/#website\",\"url\":\"https:\/\/www.ferpam.com.br\/blog\/\",\"name\":\"Blog Ferpam\",\"description\":\"Not\\u00edcias da Ferpam\",\"publisher\":{\"@id\":\"https:\/\/www.ferpam.com.br\/blog\/#organization\"},\"potentialAction\":[{\"@type\":\"SearchAction\",\"target\":\"https:\/\/www.ferpam.com.br\/blog\/?s={search_term_string}\",\"query-input\":\"required name=search_term_string\"}],\"inLanguage\":\"pt-BR\"},{\"@type\":\"ImageObject\",\"@id\":\"https:\/\/www.ferpam.com.br\/blog\/cresce-o-numero-de-colaboradoras-na-ferpam\/#primaryimage\",\"inLanguage\":\"pt-BR\",\"url\":\"https:\/\/www.ferpam.com.br\/blog\/wp-content\/uploads\/2021\/02\/425ea05c6f4d84e1bf4e7095e52e92681.jpg\",\"width\":968,\"height\":584},{\"@type\":\"WebPage\",\"@id\":\"https:\/\/www.ferpam.com.br\/blog\/cresce-o-numero-de-colaboradoras-na-ferpam\/#webpage\",\"url\":\"https:\/\/www.ferpam.com.br\/blog\/cresce-o-numero-de-colaboradoras-na-ferpam\/\",\"name\":\"Cresce o n\\u00famero de colaboradoras na Ferpam - Blog Ferpam\",\"isPartOf\":{\"@id\":\"https:\/\/www.ferpam.com.br\/blog\/#website\"},\"primaryImageOfPage\":{\"@id\":\"https:\/\/www.ferpam.com.br\/blog\/cresce-o-numero-de-colaboradoras-na-ferpam\/#primaryimage\"},\"datePublished\":\"2020-03-03T14:46:13+00:00\",\"dateModified\":\"2021-02-17T14:50:27+00:00\",\"breadcrumb\":{\"@id\":\"https:\/\/www.ferpam.com.br\/blog\/cresce-o-numero-de-colaboradoras-na-ferpam\/#breadcrumb\"},\"inLanguage\":\"pt-BR\",\"potentialAction\":[{\"@type\":\"ReadAction\",\"target\":[\"https:\/\/www.ferpam.com.br\/blog\/cresce-o-numero-de-colaboradoras-na-ferpam\/\"]}]},{\"@type\":\"BreadcrumbList\",\"@id\":\"https:\/\/www.ferpam.com.br\/blog\/cresce-o-numero-de-colaboradoras-na-ferpam\/#breadcrumb\",\"itemListElement\":[{\"@type\":\"ListItem\",\"position\":1,\"item\":{\"@type\":\"WebPage\",\"@id\":\"https:\/\/www.ferpam.com.br\/blog\/\",\"url\":\"https:\/\/www.ferpam.com.br\/blog\/\",\"name\":\"In\\u00edcio\"}},{\"@type\":\"ListItem\",\"position\":2,\"item\":{\"@type\":\"WebPage\",\"@id\":\"https:\/\/www.ferpam.com.br\/blog\/cresce-o-numero-de-colaboradoras-na-ferpam\/\",\"url\":\"https:\/\/www.ferpam.com.br\/blog\/cresce-o-numero-de-colaboradoras-na-ferpam\/\",\"name\":\"Cresce o n\\u00famero de colaboradoras na Ferpam\"}}]},{\"@type\":\"Article\",\"@id\":\"https:\/\/www.ferpam.com.br\/blog\/cresce-o-numero-de-colaboradoras-na-ferpam\/#article\",\"isPartOf\":{\"@id\":\"https:\/\/www.ferpam.com.br\/blog\/cresce-o-numero-de-colaboradoras-na-ferpam\/#webpage\"},\"author\":{\"@id\":\"https:\/\/www.ferpam.com.br\/blog\/#\/schema\/person\/17c24d0d22dd830e306685f9b94ec5e7\"},\"headline\":\"Cresce o n\\u00famero de colaboradoras na Ferpam\",\"datePublished\":\"2020-03-03T14:46:13+00:00\",\"dateModified\":\"2021-02-17T14:50:27+00:00\",\"mainEntityOfPage\":{\"@id\":\"https:\/\/www.ferpam.com.br\/blog\/cresce-o-numero-de-colaboradoras-na-ferpam\/#webpage\"},\"commentCount\":0,\"publisher\":{\"@id\":\"https:\/\/www.ferpam.com.br\/blog\/#organization\"},\"image\":{\"@id\":\"https:\/\/www.ferpam.com.br\/blog\/cresce-o-numero-de-colaboradoras-na-ferpam\/#primaryimage\"},\"inLanguage\":\"pt-BR\",\"potentialAction\":[{\"@type\":\"CommentAction\",\"name\":\"Comment\",\"target\":[\"https:\/\/www.ferpam.com.br\/blog\/cresce-o-numero-de-colaboradoras-na-ferpam\/#respond\"]}]},{\"@type\":\"Person\",\"@id\":\"https:\/\/www.ferpam.com.br\/blog\/#\/schema\/person\/17c24d0d22dd830e306685f9b94ec5e7\",\"name\":\"Ferpam Blog\",\"image\":{\"@type\":\"ImageObject\",\"@id\":\"https:\/\/www.ferpam.com.br\/blog\/#personlogo\",\"inLanguage\":\"pt-BR\",\"url\":\"https:\/\/secure.gravatar.com\/avatar\/cabb3a541ec0d8bedb85a519259a466229f358a62b34ef4b29cb8d6884944a6c?s=96&d=mm&r=g\",\"caption\":\"Ferpam Blog\"},\"sameAs\":[\"http:\/\/www.ferpam.com.br\"]}]}<\/script>\n<!-- \/ Yoast SEO plugin. -->","_links":{"self":[{"href":"https:\/\/www.ferpam.com.br\/blog\/wp-json\/wp\/v2\/posts\/1625","targetHints":{"allow":["GET"]}}],"collection":[{"href":"https:\/\/www.ferpam.com.br\/blog\/wp-json\/wp\/v2\/posts"}],"about":[{"href":"https:\/\/www.ferpam.com.br\/blog\/wp-json\/wp\/v2\/types\/post"}],"author":[{"embeddable":true,"href":"https:\/\/www.ferpam.com.br\/blog\/wp-json\/wp\/v2\/users\/4"}],"replies":[{"embeddable":true,"href":"https:\/\/www.ferpam.com.br\/blog\/wp-json\/wp\/v2\/comments?post=1625"}],"version-history":[{"count":1,"href":"https:\/\/www.ferpam.com.br\/blog\/wp-json\/wp\/v2\/posts\/1625\/revisions"}],"predecessor-version":[{"id":1629,"href":"https:\/\/www.ferpam.com.br\/blog\/wp-json\/wp\/v2\/posts\/1625\/revisions\/1629"}],"wp:featuredmedia":[{"embeddable":true,"href":"https:\/\/www.ferpam.com.br\/blog\/wp-json\/wp\/v2\/media\/1626"}],"wp:attachment":[{"href":"https:\/\/www.ferpam.com.br\/blog\/wp-json\/wp\/v2\/media?parent=1625"}],"wp:term":[{"taxonomy":"category","embeddable":true,"href":"https:\/\/www.ferpam.com.br\/blog\/wp-json\/wp\/v2\/categories?post=1625"},{"taxonomy":"post_tag","embeddable":true,"href":"https:\/\/www.ferpam.com.br\/blog\/wp-json\/wp\/v2\/tags?post=1625"}],"curies":[{"name":"wp","href":"https:\/\/api.w.org\/{rel}","templated":true}]}}