{"id":1641,"date":"2020-11-04T14:36:59","date_gmt":"2020-11-04T14:36:59","guid":{"rendered":"https:\/\/ferpam.widehomolog.biz\/blog\/?p=1641"},"modified":"2021-02-17T15:42:41","modified_gmt":"2021-02-17T15:42:41","slug":"aproveite-os-ultimos-dias-da-quinzena-do-mecanico-na-ferpam","status":"publish","type":"post","link":"https:\/\/www.ferpam.com.br\/blog\/aproveite-os-ultimos-dias-da-quinzena-do-mecanico-na-ferpam\/","title":{"rendered":"Aproveite os \u00faltimos dias da Quinzena do mec\u00e2nico na FERPAM"},"content":{"rendered":"<p>Ol\u00e1 amigos seguidores e leitores do Blog Ferpam, voc\u00ea sabia que est\u00e1 rolando uma grande promo\u00e7\u00e3o de produtos diversos para profissionais que atuam em oficina mec\u00e2nica? Conhe\u00e7a agora a quinzena do Mec\u00e2nico. A promo\u00e7\u00e3o come\u00e7ou dia 26\/10 e vai s\u00f3 at\u00e9 09 de novembro. Ent\u00e3o se voc\u00ea trabalha como mec\u00e2nico, aproveite para renovar as ferramentas seu arsenal.<\/p>\n<p>A Quinzena do Mec\u00e2nico s\u00e3o 15 dias de pre\u00e7os especiais para os apaixonados por ferramentas da \u00e1rea de Oficina Mec\u00e2nica na loja f\u00edsica e online da Ferpam. Os produtos selecionados s\u00e3o diversos, como: Jogos de Chaves, Caixas de ferramentas, Compressor de ar, Morsas, Motoesmeril e etc.<\/p>\n<p>Se voc\u00ea \u00e9 um profissional em oficina mec\u00e2nica em Palmas, no Tocantins ou em qualquer lugar do Brasil, pensando em voc\u00ea que a FERPAM selecionou um carrossel de ferramentas incr\u00edveis, de primeira qualidade para sua oficina mec\u00e2nica.<\/p>\n<p>Veja abaixo algumas das estrelas desta promo\u00e7\u00e3o e confira, lembramos que nas compras acima de R$ 500,00, com peso do envio de at\u00e9 30kg, o frete sai gr\u00e1tis para qualquer lugar do Brasil.<\/p>\n<h3>Clique para conferir as ofertas!<\/h3>\n<p>&nbsp;<\/p>\n<p><img loading=\"lazy\" decoding=\"async\" class=\"alignnone size-medium wp-image-1643\" src=\"https:\/\/ferpam.widehomolog.biz\/blog\/wp-content\/uploads\/2021\/02\/8705db4183a969f6e88284bdd4d8879f-300x271.jpg\" alt=\"\" width=\"300\" height=\"271\" srcset=\"https:\/\/www.ferpam.com.br\/blog\/wp-content\/uploads\/2021\/02\/8705db4183a969f6e88284bdd4d8879f-300x271.jpg 300w, https:\/\/www.ferpam.com.br\/blog\/wp-content\/uploads\/2021\/02\/8705db4183a969f6e88284bdd4d8879f-1024x926.jpg 1024w, https:\/\/www.ferpam.com.br\/blog\/wp-content\/uploads\/2021\/02\/8705db4183a969f6e88284bdd4d8879f-768x694.jpg 768w, https:\/\/www.ferpam.com.br\/blog\/wp-content\/uploads\/2021\/02\/8705db4183a969f6e88284bdd4d8879f.jpg 1274w\" sizes=\"auto, (max-width: 300px) 100vw, 300px\" \/><\/p>\n<p><a href=\"https:\/\/www.ferpam.com.br\/jogo-ferramentas-sata-150-pecas-ref-st09510sj.html\">Jogo Ferramentas Sata 150 Pe\u00e7as Ref: ST09510SJ<\/a><\/p>\n<p>Um conjunto de ferramentas ideal para o mec\u00e2nico raiz, que trabalha dia e noite e precisa de um conjunto completo de chaves soquetes, chave catraca, chave combinadas, bits torx e muito mais. O a\u00e7o mais resistente do mundo com garantia vital\u00edcia das suas ferramentas. A Sata \u00e9 a marca mais bem conceituada de ferramentas do mundo e incorporou recentemente a marca Belzer, ou seja unindo a TRADI\u00c7\u00c3O com a OUSADIA, garantindo a voc\u00ea cliente os produtos mais inovadores com a melhor DURABILIDADE.<\/p>\n<p><img loading=\"lazy\" decoding=\"async\" class=\"alignnone size-medium wp-image-1644\" src=\"https:\/\/ferpam.widehomolog.biz\/blog\/wp-content\/uploads\/2021\/02\/55f5b9c2aae05443689da873f43af244-300x284.png\" alt=\"\" width=\"300\" height=\"284\" srcset=\"https:\/\/www.ferpam.com.br\/blog\/wp-content\/uploads\/2021\/02\/55f5b9c2aae05443689da873f43af244-300x284.png 300w, https:\/\/www.ferpam.com.br\/blog\/wp-content\/uploads\/2021\/02\/55f5b9c2aae05443689da873f43af244.png 768w\" sizes=\"auto, (max-width: 300px) 100vw, 300px\" \/><\/p>\n<p><a href=\"https:\/\/www.ferpam.com.br\/moto-esmeril-de-bancada-6-360w-me-6-bivolt-ferrari.html\">Moto Esmeril de Bancada 6&#8243; 360W ME 6 Bivolt Ferrari<\/a><\/p>\n<p>A bancada da sua oficina n\u00e3o ser\u00e1 a mesma, com esta belezura de Moto Esmeril voc\u00ea far\u00e1 os melhores servi\u00e7os do dia a dia. Os benef\u00edcios desta ferramenta incr\u00edvel da Ferrai s\u00e3o ter um estator fixo com 2 pontos, Aletas de arrefecimento no induzido, aterramento no cabo el\u00e9trico (plugue 3 pinos), maior \u00e0rea de prote\u00e7\u00e3o (cavacos) e realizar um excelente desbaste e afia\u00e7\u00e3o.<\/p>\n<p><img loading=\"lazy\" decoding=\"async\" class=\"alignnone size-medium wp-image-1645\" src=\"https:\/\/ferpam.widehomolog.biz\/blog\/wp-content\/uploads\/2021\/02\/3-262x300.png\" alt=\"\" width=\"262\" height=\"300\" srcset=\"https:\/\/www.ferpam.com.br\/blog\/wp-content\/uploads\/2021\/02\/3-262x300.png 262w, https:\/\/www.ferpam.com.br\/blog\/wp-content\/uploads\/2021\/02\/3-893x1024.png 893w, https:\/\/www.ferpam.com.br\/blog\/wp-content\/uploads\/2021\/02\/3-768x881.png 768w, https:\/\/www.ferpam.com.br\/blog\/wp-content\/uploads\/2021\/02\/3.png 992w\" sizes=\"auto, (max-width: 262px) 100vw, 262px\" \/><\/p>\n<p><a href=\"https:\/\/www.ferpam.com.br\/caixa-para-ferramentas-com-7-gavetas-marcon-507f.html\">Caixa para Ferramentas com 7 Gavetas &#8211; Marcon 507F<\/a><br \/>\nEst\u00e1 cansado de rasgar suas bolsas de ferramenta por causa do peso enorme que carrega, ent\u00e3o chegou o seu momento de ter uma caixa de ferramentas de a\u00e7o. Al\u00e9m de serem muito mais resistentes, elas suportam muito mais peso, a Caixa para Ferramentas com 7 Gavetas da Marcon 507F, por exemplo suporta at\u00e9 25kg. Ou seja, esta \u00e9 a maneira mais pr\u00e1tica para transportar e garantir excelente armazenamento das suas ferramentas pesadas!<\/p>\n","protected":false},"excerpt":{"rendered":"<p>Ol\u00e1 amigos seguidores e leitores do Blog Ferpam, voc\u00ea sabia que est\u00e1 rolando uma grande promo\u00e7\u00e3o de produtos diversos para profissionais que atuam em oficina mec\u00e2nica? Conhe\u00e7a agora a quinzena do Mec\u00e2nico. A promo\u00e7\u00e3o come\u00e7ou dia 26\/10 e vai s\u00f3 at\u00e9 09 de novembro. Ent\u00e3o se voc\u00ea trabalha como mec\u00e2nico, aproveite para renovar as ferramentas &hellip;<\/p>\n","protected":false},"author":4,"featured_media":1646,"comment_status":"open","ping_status":"open","sticky":false,"template":"","format":"standard","meta":{"footnotes":""},"categories":[1],"tags":[108,109,110,111],"class_list":["post-1641","post","type-post","status-publish","format-standard","has-post-thumbnail","hentry","category-sem-categoria","tag-ferpameferremanetas","tag-ferramentasparamecanico","tag-ferramentasparaoficina","tag-quinzenadomecanico"],"yoast_head":"<!-- This site is optimized with the Yoast SEO plugin v15.8 - https:\/\/yoast.com\/wordpress\/plugins\/seo\/ -->\n<title>Aproveite os \u00faltimos dias da Quinzena do mec\u00e2nico na FERPAM - Blog Ferpam<\/title>\n<meta name=\"robots\" content=\"index, follow, max-snippet:-1, max-image-preview:large, max-video-preview:-1\" \/>\n<link rel=\"canonical\" href=\"https:\/\/www.ferpam.com.br\/blog\/aproveite-os-ultimos-dias-da-quinzena-do-mecanico-na-ferpam\/\" \/>\n<meta property=\"og:locale\" content=\"pt_BR\" \/>\n<meta property=\"og:type\" content=\"article\" \/>\n<meta property=\"og:title\" content=\"Aproveite os \u00faltimos dias da Quinzena do mec\u00e2nico na FERPAM - Blog Ferpam\" \/>\n<meta property=\"og:description\" content=\"Ol\u00e1 amigos seguidores e leitores do Blog Ferpam, voc\u00ea sabia que est\u00e1 rolando uma grande promo\u00e7\u00e3o de produtos diversos para profissionais que atuam em oficina mec\u00e2nica? Conhe\u00e7a agora a quinzena do Mec\u00e2nico. A promo\u00e7\u00e3o come\u00e7ou dia 26\/10 e vai s\u00f3 at\u00e9 09 de novembro. Ent\u00e3o se voc\u00ea trabalha como mec\u00e2nico, aproveite para renovar as ferramentas &hellip;\" \/>\n<meta property=\"og:url\" content=\"https:\/\/www.ferpam.com.br\/blog\/aproveite-os-ultimos-dias-da-quinzena-do-mecanico-na-ferpam\/\" \/>\n<meta property=\"og:site_name\" content=\"Blog Ferpam\" \/>\n<meta property=\"article:published_time\" content=\"2020-11-04T14:36:59+00:00\" \/>\n<meta property=\"article:modified_time\" content=\"2021-02-17T15:42:41+00:00\" \/>\n<meta property=\"og:image\" content=\"https:\/\/www.ferpam.com.br\/blog\/wp-content\/uploads\/2021\/02\/4.png\" \/>\n\t<meta property=\"og:image:width\" content=\"968\" \/>\n\t<meta property=\"og:image:height\" content=\"584\" \/>\n<meta name=\"twitter:card\" content=\"summary_large_image\" \/>\n<meta name=\"twitter:label1\" content=\"Est. reading time\">\n\t<meta name=\"twitter:data1\" content=\"2 minutos\">\n<script type=\"application\/ld+json\" class=\"yoast-schema-graph\">{\"@context\":\"https:\/\/schema.org\",\"@graph\":[{\"@type\":\"Organization\",\"@id\":\"https:\/\/www.ferpam.com.br\/blog\/#organization\",\"name\":\"Ferpam\",\"url\":\"https:\/\/www.ferpam.com.br\/blog\/\",\"sameAs\":[],\"logo\":{\"@type\":\"ImageObject\",\"@id\":\"https:\/\/www.ferpam.com.br\/blog\/#logo\",\"inLanguage\":\"pt-BR\",\"url\":\"https:\/\/www.ferpam.com.br\/blog\/wp-content\/uploads\/2021\/02\/logo-1.png\",\"width\":254,\"height\":89,\"caption\":\"Ferpam\"},\"image\":{\"@id\":\"https:\/\/www.ferpam.com.br\/blog\/#logo\"}},{\"@type\":\"WebSite\",\"@id\":\"https:\/\/www.ferpam.com.br\/blog\/#website\",\"url\":\"https:\/\/www.ferpam.com.br\/blog\/\",\"name\":\"Blog Ferpam\",\"description\":\"Not\\u00edcias da Ferpam\",\"publisher\":{\"@id\":\"https:\/\/www.ferpam.com.br\/blog\/#organization\"},\"potentialAction\":[{\"@type\":\"SearchAction\",\"target\":\"https:\/\/www.ferpam.com.br\/blog\/?s={search_term_string}\",\"query-input\":\"required name=search_term_string\"}],\"inLanguage\":\"pt-BR\"},{\"@type\":\"ImageObject\",\"@id\":\"https:\/\/www.ferpam.com.br\/blog\/aproveite-os-ultimos-dias-da-quinzena-do-mecanico-na-ferpam\/#primaryimage\",\"inLanguage\":\"pt-BR\",\"url\":\"https:\/\/www.ferpam.com.br\/blog\/wp-content\/uploads\/2021\/02\/4.png\",\"width\":968,\"height\":584},{\"@type\":\"WebPage\",\"@id\":\"https:\/\/www.ferpam.com.br\/blog\/aproveite-os-ultimos-dias-da-quinzena-do-mecanico-na-ferpam\/#webpage\",\"url\":\"https:\/\/www.ferpam.com.br\/blog\/aproveite-os-ultimos-dias-da-quinzena-do-mecanico-na-ferpam\/\",\"name\":\"Aproveite os \\u00faltimos dias da Quinzena do mec\\u00e2nico na FERPAM - Blog Ferpam\",\"isPartOf\":{\"@id\":\"https:\/\/www.ferpam.com.br\/blog\/#website\"},\"primaryImageOfPage\":{\"@id\":\"https:\/\/www.ferpam.com.br\/blog\/aproveite-os-ultimos-dias-da-quinzena-do-mecanico-na-ferpam\/#primaryimage\"},\"datePublished\":\"2020-11-04T14:36:59+00:00\",\"dateModified\":\"2021-02-17T15:42:41+00:00\",\"breadcrumb\":{\"@id\":\"https:\/\/www.ferpam.com.br\/blog\/aproveite-os-ultimos-dias-da-quinzena-do-mecanico-na-ferpam\/#breadcrumb\"},\"inLanguage\":\"pt-BR\",\"potentialAction\":[{\"@type\":\"ReadAction\",\"target\":[\"https:\/\/www.ferpam.com.br\/blog\/aproveite-os-ultimos-dias-da-quinzena-do-mecanico-na-ferpam\/\"]}]},{\"@type\":\"BreadcrumbList\",\"@id\":\"https:\/\/www.ferpam.com.br\/blog\/aproveite-os-ultimos-dias-da-quinzena-do-mecanico-na-ferpam\/#breadcrumb\",\"itemListElement\":[{\"@type\":\"ListItem\",\"position\":1,\"item\":{\"@type\":\"WebPage\",\"@id\":\"https:\/\/www.ferpam.com.br\/blog\/\",\"url\":\"https:\/\/www.ferpam.com.br\/blog\/\",\"name\":\"In\\u00edcio\"}},{\"@type\":\"ListItem\",\"position\":2,\"item\":{\"@type\":\"WebPage\",\"@id\":\"https:\/\/www.ferpam.com.br\/blog\/aproveite-os-ultimos-dias-da-quinzena-do-mecanico-na-ferpam\/\",\"url\":\"https:\/\/www.ferpam.com.br\/blog\/aproveite-os-ultimos-dias-da-quinzena-do-mecanico-na-ferpam\/\",\"name\":\"Aproveite os \\u00faltimos dias da Quinzena do mec\\u00e2nico na FERPAM\"}}]},{\"@type\":\"Article\",\"@id\":\"https:\/\/www.ferpam.com.br\/blog\/aproveite-os-ultimos-dias-da-quinzena-do-mecanico-na-ferpam\/#article\",\"isPartOf\":{\"@id\":\"https:\/\/www.ferpam.com.br\/blog\/aproveite-os-ultimos-dias-da-quinzena-do-mecanico-na-ferpam\/#webpage\"},\"author\":{\"@id\":\"https:\/\/www.ferpam.com.br\/blog\/#\/schema\/person\/17c24d0d22dd830e306685f9b94ec5e7\"},\"headline\":\"Aproveite os \\u00faltimos dias da Quinzena do mec\\u00e2nico na FERPAM\",\"datePublished\":\"2020-11-04T14:36:59+00:00\",\"dateModified\":\"2021-02-17T15:42:41+00:00\",\"mainEntityOfPage\":{\"@id\":\"https:\/\/www.ferpam.com.br\/blog\/aproveite-os-ultimos-dias-da-quinzena-do-mecanico-na-ferpam\/#webpage\"},\"commentCount\":0,\"publisher\":{\"@id\":\"https:\/\/www.ferpam.com.br\/blog\/#organization\"},\"image\":{\"@id\":\"https:\/\/www.ferpam.com.br\/blog\/aproveite-os-ultimos-dias-da-quinzena-do-mecanico-na-ferpam\/#primaryimage\"},\"keywords\":\"ferpameferremanetas,ferramentasparamecanico,ferramentasparaoficina,quinzenadomecanico\",\"inLanguage\":\"pt-BR\",\"potentialAction\":[{\"@type\":\"CommentAction\",\"name\":\"Comment\",\"target\":[\"https:\/\/www.ferpam.com.br\/blog\/aproveite-os-ultimos-dias-da-quinzena-do-mecanico-na-ferpam\/#respond\"]}]},{\"@type\":\"Person\",\"@id\":\"https:\/\/www.ferpam.com.br\/blog\/#\/schema\/person\/17c24d0d22dd830e306685f9b94ec5e7\",\"name\":\"Ferpam Blog\",\"image\":{\"@type\":\"ImageObject\",\"@id\":\"https:\/\/www.ferpam.com.br\/blog\/#personlogo\",\"inLanguage\":\"pt-BR\",\"url\":\"https:\/\/secure.gravatar.com\/avatar\/cabb3a541ec0d8bedb85a519259a466229f358a62b34ef4b29cb8d6884944a6c?s=96&d=mm&r=g\",\"caption\":\"Ferpam Blog\"},\"sameAs\":[\"http:\/\/www.ferpam.com.br\"]}]}<\/script>\n<!-- \/ Yoast SEO plugin. -->","_links":{"self":[{"href":"https:\/\/www.ferpam.com.br\/blog\/wp-json\/wp\/v2\/posts\/1641","targetHints":{"allow":["GET"]}}],"collection":[{"href":"https:\/\/www.ferpam.com.br\/blog\/wp-json\/wp\/v2\/posts"}],"about":[{"href":"https:\/\/www.ferpam.com.br\/blog\/wp-json\/wp\/v2\/types\/post"}],"author":[{"embeddable":true,"href":"https:\/\/www.ferpam.com.br\/blog\/wp-json\/wp\/v2\/users\/4"}],"replies":[{"embeddable":true,"href":"https:\/\/www.ferpam.com.br\/blog\/wp-json\/wp\/v2\/comments?post=1641"}],"version-history":[{"count":1,"href":"https:\/\/www.ferpam.com.br\/blog\/wp-json\/wp\/v2\/posts\/1641\/revisions"}],"predecessor-version":[{"id":1647,"href":"https:\/\/www.ferpam.com.br\/blog\/wp-json\/wp\/v2\/posts\/1641\/revisions\/1647"}],"wp:featuredmedia":[{"embeddable":true,"href":"https:\/\/www.ferpam.com.br\/blog\/wp-json\/wp\/v2\/media\/1646"}],"wp:attachment":[{"href":"https:\/\/www.ferpam.com.br\/blog\/wp-json\/wp\/v2\/media?parent=1641"}],"wp:term":[{"taxonomy":"category","embeddable":true,"href":"https:\/\/www.ferpam.com.br\/blog\/wp-json\/wp\/v2\/categories?post=1641"},{"taxonomy":"post_tag","embeddable":true,"href":"https:\/\/www.ferpam.com.br\/blog\/wp-json\/wp\/v2\/tags?post=1641"}],"curies":[{"name":"wp","href":"https:\/\/api.w.org\/{rel}","templated":true}]}}