{"id":1796,"date":"2019-03-15T12:21:37","date_gmt":"2019-03-15T12:21:37","guid":{"rendered":"https:\/\/ferpam.widehomolog.biz\/blog\/?p=1796"},"modified":"2021-02-18T11:37:38","modified_gmt":"2021-02-18T11:37:38","slug":"o-dia-do-marceneiro-e-do-carpinteiro","status":"publish","type":"post","link":"https:\/\/www.ferpam.com.br\/blog\/o-dia-do-marceneiro-e-do-carpinteiro\/","title":{"rendered":"\u200bO Dia do Marceneiro e do carpinteiro"},"content":{"rendered":"<p>Dia 19 de mar\u00e7o \u00e9 um dia especial, o dia do Marceneiro e do Carpinteiro. E n\u00f3s da Ferpam parabenizamos estes profissionais pelas suas habilidades incr\u00edveis de criar m\u00f3veis a partir da madeira usando sua criatividade.<\/p>\n<p>A marcenaria e a carpintaria mudaram, hoje vivemos uma nova era, mas os profissionais artes\u00e3os ainda s\u00e3o muito melhores, pois tem a capacidade de criar do zero uma pe\u00e7a rara e \u00fanica, a partir de um tronco bruto de \u00e1rvore.<\/p>\n<p>Mas, o profissional da tecnologia n\u00e3o perdeu seus m\u00e9ritos, os avan\u00e7os deram asas maiores ainda para a imagina\u00e7\u00e3o de carpinteiros e marceneiros, tornando o trabalho mais r\u00e1pido e mais pr\u00e1tico.<\/p>\n<p>Todo mundo usa m\u00f3veis em casa, e sabe que quem os fabrica \u00e9 um importante profissional que projeta, que corta, que d\u00e1 o acabamento ou simplesmente que cuida da linha de produ\u00e7\u00e3o.<\/p>\n<h2>Para comemorar vamos de dicas para come\u00e7ar da Marcenaria<\/h2>\n<p>N\u00f3s j\u00e1 escrevemos uma postagem com o tema de como iniciar na marcenaria, na verdade no post a gente fala sobre\u00a0<a href=\"https:\/\/www.ferpam.com.br\/blog\/7-ferramentas-para-iniciar-na-marcenaria.html\">7 produtos essenciais para quem deseja iniciar no mundo da marcenaria<\/a>. D\u00ea uma conferida e aprenda mais sobre como se tornar um destes profissionais especiais.<\/p>\n<p>E para os compradores da semana do marceneiro a Ferpam separou em pequeno brinde, que \u00e9 uma esponja abrasiva da Bosch, uma excelente ferramenta essencial para lixar partes mais irregulares de pe\u00e7as delicadas.<\/p>\n<p>Al\u00e9m disso servem para remover oxida\u00e7\u00e3o leve em pequenos materiais ferrosos (como alicates), limpar churrasqueiras, limpar panelas muito sujas e etc.<\/p>\n<h2>Veja a aplica\u00e7\u00e3o de algumas esponjas abrasiva:<\/h2>\n<p><iframe loading=\"lazy\" src=\"https:\/\/www.youtube.com\/embed\/KH0xbwbbiqA\" width=\"500\" height=\"281\" frameborder=\"0\" allowfullscreen=\"allowfullscreen\"><\/iframe><\/p>\n","protected":false},"excerpt":{"rendered":"<p>Dia 19 de mar\u00e7o \u00e9 um dia especial, o dia do Marceneiro e do Carpinteiro. E n\u00f3s da Ferpam parabenizamos estes profissionais pelas suas habilidades incr\u00edveis de criar m\u00f3veis a partir da madeira usando sua criatividade. A marcenaria e a carpintaria mudaram, hoje vivemos uma nova era, mas os profissionais artes\u00e3os ainda s\u00e3o muito melhores, &hellip;<\/p>\n","protected":false},"author":4,"featured_media":1797,"comment_status":"open","ping_status":"open","sticky":false,"template":"","format":"standard","meta":{"footnotes":""},"categories":[25],"tags":[509,506,507,505],"class_list":["post-1796","post","type-post","status-publish","format-standard","has-post-thumbnail","hentry","category-curiosidades","tag-blogferpam","tag-diadocarpinteiro","tag-diadomarceneiro","tag-promocao"],"yoast_head":"<!-- This site is optimized with the Yoast SEO plugin v15.8 - https:\/\/yoast.com\/wordpress\/plugins\/seo\/ -->\n<title>\u200bO Dia do Marceneiro e do carpinteiro - Blog Ferpam<\/title>\n<meta name=\"robots\" content=\"index, follow, max-snippet:-1, max-image-preview:large, max-video-preview:-1\" \/>\n<link rel=\"canonical\" href=\"https:\/\/www.ferpam.com.br\/blog\/o-dia-do-marceneiro-e-do-carpinteiro\/\" \/>\n<meta property=\"og:locale\" content=\"pt_BR\" \/>\n<meta property=\"og:type\" content=\"article\" \/>\n<meta property=\"og:title\" content=\"\u200bO Dia do Marceneiro e do carpinteiro - Blog Ferpam\" \/>\n<meta property=\"og:description\" content=\"Dia 19 de mar\u00e7o \u00e9 um dia especial, o dia do Marceneiro e do Carpinteiro. E n\u00f3s da Ferpam parabenizamos estes profissionais pelas suas habilidades incr\u00edveis de criar m\u00f3veis a partir da madeira usando sua criatividade. A marcenaria e a carpintaria mudaram, hoje vivemos uma nova era, mas os profissionais artes\u00e3os ainda s\u00e3o muito melhores, &hellip;\" \/>\n<meta property=\"og:url\" content=\"https:\/\/www.ferpam.com.br\/blog\/o-dia-do-marceneiro-e-do-carpinteiro\/\" \/>\n<meta property=\"og:site_name\" content=\"Blog Ferpam\" \/>\n<meta property=\"article:published_time\" content=\"2019-03-15T12:21:37+00:00\" \/>\n<meta property=\"article:modified_time\" content=\"2021-02-18T11:37:38+00:00\" \/>\n<meta property=\"og:image\" content=\"https:\/\/www.ferpam.com.br\/blog\/wp-content\/uploads\/2021\/02\/84-1.png\" \/>\n\t<meta property=\"og:image:width\" content=\"966\" \/>\n\t<meta property=\"og:image:height\" content=\"580\" \/>\n<meta name=\"twitter:card\" content=\"summary_large_image\" \/>\n<meta name=\"twitter:label1\" content=\"Est. reading time\">\n\t<meta name=\"twitter:data1\" content=\"1 minuto\">\n<script type=\"application\/ld+json\" class=\"yoast-schema-graph\">{\"@context\":\"https:\/\/schema.org\",\"@graph\":[{\"@type\":\"Organization\",\"@id\":\"https:\/\/www.ferpam.com.br\/blog\/#organization\",\"name\":\"Ferpam\",\"url\":\"https:\/\/www.ferpam.com.br\/blog\/\",\"sameAs\":[],\"logo\":{\"@type\":\"ImageObject\",\"@id\":\"https:\/\/www.ferpam.com.br\/blog\/#logo\",\"inLanguage\":\"pt-BR\",\"url\":\"https:\/\/www.ferpam.com.br\/blog\/wp-content\/uploads\/2021\/02\/logo-1.png\",\"width\":254,\"height\":89,\"caption\":\"Ferpam\"},\"image\":{\"@id\":\"https:\/\/www.ferpam.com.br\/blog\/#logo\"}},{\"@type\":\"WebSite\",\"@id\":\"https:\/\/www.ferpam.com.br\/blog\/#website\",\"url\":\"https:\/\/www.ferpam.com.br\/blog\/\",\"name\":\"Blog Ferpam\",\"description\":\"Not\\u00edcias da Ferpam\",\"publisher\":{\"@id\":\"https:\/\/www.ferpam.com.br\/blog\/#organization\"},\"potentialAction\":[{\"@type\":\"SearchAction\",\"target\":\"https:\/\/www.ferpam.com.br\/blog\/?s={search_term_string}\",\"query-input\":\"required name=search_term_string\"}],\"inLanguage\":\"pt-BR\"},{\"@type\":\"ImageObject\",\"@id\":\"https:\/\/www.ferpam.com.br\/blog\/o-dia-do-marceneiro-e-do-carpinteiro\/#primaryimage\",\"inLanguage\":\"pt-BR\",\"url\":\"https:\/\/www.ferpam.com.br\/blog\/wp-content\/uploads\/2021\/02\/84-1.png\",\"width\":966,\"height\":580},{\"@type\":\"WebPage\",\"@id\":\"https:\/\/www.ferpam.com.br\/blog\/o-dia-do-marceneiro-e-do-carpinteiro\/#webpage\",\"url\":\"https:\/\/www.ferpam.com.br\/blog\/o-dia-do-marceneiro-e-do-carpinteiro\/\",\"name\":\"\\u200bO Dia do Marceneiro e do carpinteiro - Blog Ferpam\",\"isPartOf\":{\"@id\":\"https:\/\/www.ferpam.com.br\/blog\/#website\"},\"primaryImageOfPage\":{\"@id\":\"https:\/\/www.ferpam.com.br\/blog\/o-dia-do-marceneiro-e-do-carpinteiro\/#primaryimage\"},\"datePublished\":\"2019-03-15T12:21:37+00:00\",\"dateModified\":\"2021-02-18T11:37:38+00:00\",\"breadcrumb\":{\"@id\":\"https:\/\/www.ferpam.com.br\/blog\/o-dia-do-marceneiro-e-do-carpinteiro\/#breadcrumb\"},\"inLanguage\":\"pt-BR\",\"potentialAction\":[{\"@type\":\"ReadAction\",\"target\":[\"https:\/\/www.ferpam.com.br\/blog\/o-dia-do-marceneiro-e-do-carpinteiro\/\"]}]},{\"@type\":\"BreadcrumbList\",\"@id\":\"https:\/\/www.ferpam.com.br\/blog\/o-dia-do-marceneiro-e-do-carpinteiro\/#breadcrumb\",\"itemListElement\":[{\"@type\":\"ListItem\",\"position\":1,\"item\":{\"@type\":\"WebPage\",\"@id\":\"https:\/\/www.ferpam.com.br\/blog\/\",\"url\":\"https:\/\/www.ferpam.com.br\/blog\/\",\"name\":\"In\\u00edcio\"}},{\"@type\":\"ListItem\",\"position\":2,\"item\":{\"@type\":\"WebPage\",\"@id\":\"https:\/\/www.ferpam.com.br\/blog\/o-dia-do-marceneiro-e-do-carpinteiro\/\",\"url\":\"https:\/\/www.ferpam.com.br\/blog\/o-dia-do-marceneiro-e-do-carpinteiro\/\",\"name\":\"\\u200bO Dia do Marceneiro e do carpinteiro\"}}]},{\"@type\":\"Article\",\"@id\":\"https:\/\/www.ferpam.com.br\/blog\/o-dia-do-marceneiro-e-do-carpinteiro\/#article\",\"isPartOf\":{\"@id\":\"https:\/\/www.ferpam.com.br\/blog\/o-dia-do-marceneiro-e-do-carpinteiro\/#webpage\"},\"author\":{\"@id\":\"https:\/\/www.ferpam.com.br\/blog\/#\/schema\/person\/17c24d0d22dd830e306685f9b94ec5e7\"},\"headline\":\"\\u200bO Dia do Marceneiro e do carpinteiro\",\"datePublished\":\"2019-03-15T12:21:37+00:00\",\"dateModified\":\"2021-02-18T11:37:38+00:00\",\"mainEntityOfPage\":{\"@id\":\"https:\/\/www.ferpam.com.br\/blog\/o-dia-do-marceneiro-e-do-carpinteiro\/#webpage\"},\"commentCount\":0,\"publisher\":{\"@id\":\"https:\/\/www.ferpam.com.br\/blog\/#organization\"},\"image\":{\"@id\":\"https:\/\/www.ferpam.com.br\/blog\/o-dia-do-marceneiro-e-do-carpinteiro\/#primaryimage\"},\"keywords\":\"blogferpam,diadocarpinteiro,diadomarceneiro,promocao\",\"articleSection\":\"Curiosidades\",\"inLanguage\":\"pt-BR\",\"potentialAction\":[{\"@type\":\"CommentAction\",\"name\":\"Comment\",\"target\":[\"https:\/\/www.ferpam.com.br\/blog\/o-dia-do-marceneiro-e-do-carpinteiro\/#respond\"]}]},{\"@type\":\"Person\",\"@id\":\"https:\/\/www.ferpam.com.br\/blog\/#\/schema\/person\/17c24d0d22dd830e306685f9b94ec5e7\",\"name\":\"Ferpam Blog\",\"image\":{\"@type\":\"ImageObject\",\"@id\":\"https:\/\/www.ferpam.com.br\/blog\/#personlogo\",\"inLanguage\":\"pt-BR\",\"url\":\"https:\/\/secure.gravatar.com\/avatar\/cabb3a541ec0d8bedb85a519259a466229f358a62b34ef4b29cb8d6884944a6c?s=96&d=mm&r=g\",\"caption\":\"Ferpam Blog\"},\"sameAs\":[\"http:\/\/www.ferpam.com.br\"]}]}<\/script>\n<!-- \/ Yoast SEO plugin. -->","_links":{"self":[{"href":"https:\/\/www.ferpam.com.br\/blog\/wp-json\/wp\/v2\/posts\/1796","targetHints":{"allow":["GET"]}}],"collection":[{"href":"https:\/\/www.ferpam.com.br\/blog\/wp-json\/wp\/v2\/posts"}],"about":[{"href":"https:\/\/www.ferpam.com.br\/blog\/wp-json\/wp\/v2\/types\/post"}],"author":[{"embeddable":true,"href":"https:\/\/www.ferpam.com.br\/blog\/wp-json\/wp\/v2\/users\/4"}],"replies":[{"embeddable":true,"href":"https:\/\/www.ferpam.com.br\/blog\/wp-json\/wp\/v2\/comments?post=1796"}],"version-history":[{"count":1,"href":"https:\/\/www.ferpam.com.br\/blog\/wp-json\/wp\/v2\/posts\/1796\/revisions"}],"predecessor-version":[{"id":1798,"href":"https:\/\/www.ferpam.com.br\/blog\/wp-json\/wp\/v2\/posts\/1796\/revisions\/1798"}],"wp:featuredmedia":[{"embeddable":true,"href":"https:\/\/www.ferpam.com.br\/blog\/wp-json\/wp\/v2\/media\/1797"}],"wp:attachment":[{"href":"https:\/\/www.ferpam.com.br\/blog\/wp-json\/wp\/v2\/media?parent=1796"}],"wp:term":[{"taxonomy":"category","embeddable":true,"href":"https:\/\/www.ferpam.com.br\/blog\/wp-json\/wp\/v2\/categories?post=1796"},{"taxonomy":"post_tag","embeddable":true,"href":"https:\/\/www.ferpam.com.br\/blog\/wp-json\/wp\/v2\/tags?post=1796"}],"curies":[{"name":"wp","href":"https:\/\/api.w.org\/{rel}","templated":true}]}}