{"id":1905,"date":"2018-03-06T15:30:09","date_gmt":"2018-03-06T15:30:09","guid":{"rendered":"https:\/\/ferpam.widehomolog.biz\/blog\/?p=1905"},"modified":"2021-02-18T12:32:53","modified_gmt":"2021-02-18T12:32:53","slug":"ferpam-inaugura-projeto-de-energia-solar","status":"publish","type":"post","link":"https:\/\/www.ferpam.com.br\/blog\/ferpam-inaugura-projeto-de-energia-solar\/","title":{"rendered":"FERPAM Inaugura projeto de energia solar"},"content":{"rendered":"<p>Nesta segunda-feira (05), inaugura em Palmas a <a href=\"https:\/\/www.google.com.br\/search?q=ferpam+solar&amp;rlz=1C1ASRM_pt-BRBR738BR738&amp;oq=ferpam+&amp;aqs=chrome.0.69i59j69i60l5.4935j0j7&amp;sourceid=chrome&amp;ie=UTF-8\">Ferpam Energia Solar<\/a>, empresa do ramo de energia fotovoltaica que conta com investimento de mais de 350 mil nas pr\u00f3prias instala\u00e7\u00f5es solares. A Ferpam j\u00e1 est\u00e1 em Palmas h\u00e1 mais de 20 anos e agora expande para um novo segmento que tem se mostrado cada vez mais crescente.<\/p>\n<p>A instala\u00e7\u00e3o \u00e9 um dos maiores projetos de sistema fotovoltaico do estado do Tocantins, al\u00e9m de possuir o Selo Solar que \u00e9 concedido pela Prefeitura de Palmas, que oferece uma s\u00e9rie de incentivos para quem adotar o projeto.<\/p>\n<p>\u201cEstava \u00e0 procura de fazer com que minha empresa se tornasse mais sustent\u00e1vel, que gerasse uma energia limpa, renov\u00e1vel e de baixo custo e acabei encontrando no sistema solar que foi o primeiro passo para isso\u201d, afirma o Diretor geral da Ferpam, Ivan Ricardo.<\/p>\n<p>Ivan afirma que com as instala\u00e7\u00f5es, a empresa apresentou significativas redu\u00e7\u00f5es de custos com energia, al\u00e9m de uma redu\u00e7\u00e3o do IPTU em 80%, motivando ainda mais a produ\u00e7\u00e3o de<br \/>\nenergia pr\u00f3pria.<\/p>\n<p>Hoje, a Ferpam conta com a instala\u00e7\u00e3o de duzentos e quarenta placas solares na primeira etapa, o que corresponde a uma gera\u00e7\u00e3o de 7800 kWh por m\u00eas. Na segunda etapa, ser\u00e1 instalado na sua filial mais de 70 placas solares com estacionamento solar.<\/p>\n<p>\u201cAcreditamos fortemente no potencial solar do nosso estado e que o Tocantins pode se tornar um l\u00edder na produ\u00e7\u00e3o de energia solar\u201d, afirma o Engenheiro Eletrecista e Respons\u00e1vel T\u00e9cnico da Ferpam Energia Solar, Danilo Dutra de Resende.<\/p>\n<p>Danilo tamb\u00e9m ressalta que a instala\u00e7\u00e3o fotovoltaica precisa ser encarada como investimento, pois o retorno \u00e9 certo e \u00e9 gerado instantaneamente ap\u00f3s entrar em produ\u00e7\u00e3o, com redu\u00e7\u00e3o de at\u00e9 95% na conta de energia al\u00e9m de uma valoriza\u00e7\u00e3o consider\u00e1vel do im\u00f3vel.<\/p>\n<p>A empresa tamb\u00e9m contou com grandes parceiros da realiza\u00e7\u00e3o desse projeto, como o Banco da Amaz\u00f4nia, SEBRAE, entre outros.<\/p>\n<p>A inaugura\u00e7\u00e3o tem in\u00edcio marcado para as 7h30 e estar\u00e3o presentes na Inaugura\u00e7\u00e3o o Prefeito de Palmas, Carlos Amastha, o Superintende do Basa no Tocantins, Carlos Henrique Garcia Marques, O secret\u00e1rio extraordin\u00e1rio de Projetos, Capta\u00e7\u00e3o de Recursos e Energias Sustent\u00e1veis, F\u00e1bio Frantz, o Diretor Superintendente do SEBRAE, Omar Henman, o Gerente Geral da ag\u00eancia do Basa em Palmas, Eudes Alves de Lima, al\u00e9m de colaboradores e clientes que contemplam o projeto.<\/p>\n","protected":false},"excerpt":{"rendered":"<p>Nesta segunda-feira (05), inaugura em Palmas a Ferpam Energia Solar, empresa do ramo de energia fotovoltaica que conta com investimento de mais de 350 mil nas pr\u00f3prias instala\u00e7\u00f5es solares. A Ferpam j\u00e1 est\u00e1 em Palmas h\u00e1 mais de 20 anos e agora expande para um novo segmento que tem se mostrado cada vez mais crescente. &hellip;<\/p>\n","protected":false},"author":4,"featured_media":1909,"comment_status":"open","ping_status":"open","sticky":false,"template":"","format":"standard","meta":{"footnotes":""},"categories":[26],"tags":[727,692,690,725,689],"class_list":["post-1905","post","type-post","status-publish","format-standard","has-post-thumbnail","hentry","category-noticias-ferpam","tag-energia-solar","tag-ferpam-solar","tag-norte-do-brasil","tag-tocantins","tag-vendo-sistema-de-energia-solar"],"yoast_head":"<!-- This site is optimized with the Yoast SEO plugin v15.8 - https:\/\/yoast.com\/wordpress\/plugins\/seo\/ -->\n<title>FERPAM Inaugura projeto de energia solar - Blog Ferpam<\/title>\n<meta name=\"robots\" content=\"index, follow, max-snippet:-1, max-image-preview:large, max-video-preview:-1\" \/>\n<link rel=\"canonical\" href=\"https:\/\/www.ferpam.com.br\/blog\/ferpam-inaugura-projeto-de-energia-solar\/\" \/>\n<meta property=\"og:locale\" content=\"pt_BR\" \/>\n<meta property=\"og:type\" content=\"article\" \/>\n<meta property=\"og:title\" content=\"FERPAM Inaugura projeto de energia solar - Blog Ferpam\" \/>\n<meta property=\"og:description\" content=\"Nesta segunda-feira (05), inaugura em Palmas a Ferpam Energia Solar, empresa do ramo de energia fotovoltaica que conta com investimento de mais de 350 mil nas pr\u00f3prias instala\u00e7\u00f5es solares. A Ferpam j\u00e1 est\u00e1 em Palmas h\u00e1 mais de 20 anos e agora expande para um novo segmento que tem se mostrado cada vez mais crescente. &hellip;\" \/>\n<meta property=\"og:url\" content=\"https:\/\/www.ferpam.com.br\/blog\/ferpam-inaugura-projeto-de-energia-solar\/\" \/>\n<meta property=\"og:site_name\" content=\"Blog Ferpam\" \/>\n<meta property=\"article:published_time\" content=\"2018-03-06T15:30:09+00:00\" \/>\n<meta property=\"article:modified_time\" content=\"2021-02-18T12:32:53+00:00\" \/>\n<meta property=\"og:image\" content=\"https:\/\/www.ferpam.com.br\/blog\/wp-content\/uploads\/2021\/02\/89b2907141cb5ebd10a3b2f3c63ef28a1.jpeg\" \/>\n\t<meta property=\"og:image:width\" content=\"770\" \/>\n\t<meta property=\"og:image:height\" content=\"450\" \/>\n<meta name=\"twitter:card\" content=\"summary_large_image\" \/>\n<meta name=\"twitter:label1\" content=\"Est. reading time\">\n\t<meta name=\"twitter:data1\" content=\"2 minutos\">\n<script type=\"application\/ld+json\" class=\"yoast-schema-graph\">{\"@context\":\"https:\/\/schema.org\",\"@graph\":[{\"@type\":\"Organization\",\"@id\":\"https:\/\/www.ferpam.com.br\/blog\/#organization\",\"name\":\"Ferpam\",\"url\":\"https:\/\/www.ferpam.com.br\/blog\/\",\"sameAs\":[],\"logo\":{\"@type\":\"ImageObject\",\"@id\":\"https:\/\/www.ferpam.com.br\/blog\/#logo\",\"inLanguage\":\"pt-BR\",\"url\":\"https:\/\/www.ferpam.com.br\/blog\/wp-content\/uploads\/2021\/02\/logo-1.png\",\"width\":254,\"height\":89,\"caption\":\"Ferpam\"},\"image\":{\"@id\":\"https:\/\/www.ferpam.com.br\/blog\/#logo\"}},{\"@type\":\"WebSite\",\"@id\":\"https:\/\/www.ferpam.com.br\/blog\/#website\",\"url\":\"https:\/\/www.ferpam.com.br\/blog\/\",\"name\":\"Blog Ferpam\",\"description\":\"Not\\u00edcias da Ferpam\",\"publisher\":{\"@id\":\"https:\/\/www.ferpam.com.br\/blog\/#organization\"},\"potentialAction\":[{\"@type\":\"SearchAction\",\"target\":\"https:\/\/www.ferpam.com.br\/blog\/?s={search_term_string}\",\"query-input\":\"required name=search_term_string\"}],\"inLanguage\":\"pt-BR\"},{\"@type\":\"ImageObject\",\"@id\":\"https:\/\/www.ferpam.com.br\/blog\/ferpam-inaugura-projeto-de-energia-solar\/#primaryimage\",\"inLanguage\":\"pt-BR\",\"url\":\"https:\/\/www.ferpam.com.br\/blog\/wp-content\/uploads\/2021\/02\/89b2907141cb5ebd10a3b2f3c63ef28a1.jpeg\",\"width\":770,\"height\":450},{\"@type\":\"WebPage\",\"@id\":\"https:\/\/www.ferpam.com.br\/blog\/ferpam-inaugura-projeto-de-energia-solar\/#webpage\",\"url\":\"https:\/\/www.ferpam.com.br\/blog\/ferpam-inaugura-projeto-de-energia-solar\/\",\"name\":\"FERPAM Inaugura projeto de energia solar - Blog Ferpam\",\"isPartOf\":{\"@id\":\"https:\/\/www.ferpam.com.br\/blog\/#website\"},\"primaryImageOfPage\":{\"@id\":\"https:\/\/www.ferpam.com.br\/blog\/ferpam-inaugura-projeto-de-energia-solar\/#primaryimage\"},\"datePublished\":\"2018-03-06T15:30:09+00:00\",\"dateModified\":\"2021-02-18T12:32:53+00:00\",\"breadcrumb\":{\"@id\":\"https:\/\/www.ferpam.com.br\/blog\/ferpam-inaugura-projeto-de-energia-solar\/#breadcrumb\"},\"inLanguage\":\"pt-BR\",\"potentialAction\":[{\"@type\":\"ReadAction\",\"target\":[\"https:\/\/www.ferpam.com.br\/blog\/ferpam-inaugura-projeto-de-energia-solar\/\"]}]},{\"@type\":\"BreadcrumbList\",\"@id\":\"https:\/\/www.ferpam.com.br\/blog\/ferpam-inaugura-projeto-de-energia-solar\/#breadcrumb\",\"itemListElement\":[{\"@type\":\"ListItem\",\"position\":1,\"item\":{\"@type\":\"WebPage\",\"@id\":\"https:\/\/www.ferpam.com.br\/blog\/\",\"url\":\"https:\/\/www.ferpam.com.br\/blog\/\",\"name\":\"In\\u00edcio\"}},{\"@type\":\"ListItem\",\"position\":2,\"item\":{\"@type\":\"WebPage\",\"@id\":\"https:\/\/www.ferpam.com.br\/blog\/ferpam-inaugura-projeto-de-energia-solar\/\",\"url\":\"https:\/\/www.ferpam.com.br\/blog\/ferpam-inaugura-projeto-de-energia-solar\/\",\"name\":\"FERPAM Inaugura projeto de energia solar\"}}]},{\"@type\":\"Article\",\"@id\":\"https:\/\/www.ferpam.com.br\/blog\/ferpam-inaugura-projeto-de-energia-solar\/#article\",\"isPartOf\":{\"@id\":\"https:\/\/www.ferpam.com.br\/blog\/ferpam-inaugura-projeto-de-energia-solar\/#webpage\"},\"author\":{\"@id\":\"https:\/\/www.ferpam.com.br\/blog\/#\/schema\/person\/17c24d0d22dd830e306685f9b94ec5e7\"},\"headline\":\"FERPAM Inaugura projeto de energia solar\",\"datePublished\":\"2018-03-06T15:30:09+00:00\",\"dateModified\":\"2021-02-18T12:32:53+00:00\",\"mainEntityOfPage\":{\"@id\":\"https:\/\/www.ferpam.com.br\/blog\/ferpam-inaugura-projeto-de-energia-solar\/#webpage\"},\"commentCount\":0,\"publisher\":{\"@id\":\"https:\/\/www.ferpam.com.br\/blog\/#organization\"},\"image\":{\"@id\":\"https:\/\/www.ferpam.com.br\/blog\/ferpam-inaugura-projeto-de-energia-solar\/#primaryimage\"},\"keywords\":\"energia solar,ferpam solar,norte do brasil,tocantins,vendo sistema de energia solar\",\"articleSection\":\"Not\\u00edcias Ferpam\",\"inLanguage\":\"pt-BR\",\"potentialAction\":[{\"@type\":\"CommentAction\",\"name\":\"Comment\",\"target\":[\"https:\/\/www.ferpam.com.br\/blog\/ferpam-inaugura-projeto-de-energia-solar\/#respond\"]}]},{\"@type\":\"Person\",\"@id\":\"https:\/\/www.ferpam.com.br\/blog\/#\/schema\/person\/17c24d0d22dd830e306685f9b94ec5e7\",\"name\":\"Ferpam Blog\",\"image\":{\"@type\":\"ImageObject\",\"@id\":\"https:\/\/www.ferpam.com.br\/blog\/#personlogo\",\"inLanguage\":\"pt-BR\",\"url\":\"https:\/\/secure.gravatar.com\/avatar\/cabb3a541ec0d8bedb85a519259a466229f358a62b34ef4b29cb8d6884944a6c?s=96&d=mm&r=g\",\"caption\":\"Ferpam Blog\"},\"sameAs\":[\"http:\/\/www.ferpam.com.br\"]}]}<\/script>\n<!-- \/ Yoast SEO plugin. -->","_links":{"self":[{"href":"https:\/\/www.ferpam.com.br\/blog\/wp-json\/wp\/v2\/posts\/1905","targetHints":{"allow":["GET"]}}],"collection":[{"href":"https:\/\/www.ferpam.com.br\/blog\/wp-json\/wp\/v2\/posts"}],"about":[{"href":"https:\/\/www.ferpam.com.br\/blog\/wp-json\/wp\/v2\/types\/post"}],"author":[{"embeddable":true,"href":"https:\/\/www.ferpam.com.br\/blog\/wp-json\/wp\/v2\/users\/4"}],"replies":[{"embeddable":true,"href":"https:\/\/www.ferpam.com.br\/blog\/wp-json\/wp\/v2\/comments?post=1905"}],"version-history":[{"count":1,"href":"https:\/\/www.ferpam.com.br\/blog\/wp-json\/wp\/v2\/posts\/1905\/revisions"}],"predecessor-version":[{"id":1912,"href":"https:\/\/www.ferpam.com.br\/blog\/wp-json\/wp\/v2\/posts\/1905\/revisions\/1912"}],"wp:featuredmedia":[{"embeddable":true,"href":"https:\/\/www.ferpam.com.br\/blog\/wp-json\/wp\/v2\/media\/1909"}],"wp:attachment":[{"href":"https:\/\/www.ferpam.com.br\/blog\/wp-json\/wp\/v2\/media?parent=1905"}],"wp:term":[{"taxonomy":"category","embeddable":true,"href":"https:\/\/www.ferpam.com.br\/blog\/wp-json\/wp\/v2\/categories?post=1905"},{"taxonomy":"post_tag","embeddable":true,"href":"https:\/\/www.ferpam.com.br\/blog\/wp-json\/wp\/v2\/tags?post=1905"}],"curies":[{"name":"wp","href":"https:\/\/api.w.org\/{rel}","templated":true}]}}