{"id":1925,"date":"2020-05-28T12:12:18","date_gmt":"2020-05-28T12:12:18","guid":{"rendered":"https:\/\/ferpam.widehomolog.biz\/blog\/?p=1925"},"modified":"2021-02-18T16:45:09","modified_gmt":"2021-02-18T16:45:09","slug":"3-profissionais-que-trabalham-com-vidro","status":"publish","type":"post","link":"https:\/\/www.ferpam.com.br\/blog\/3-profissionais-que-trabalham-com-vidro\/","title":{"rendered":"\u200b3 Profissionais que trabalham com vidro!"},"content":{"rendered":"<p>18 de Maio \u00e9 dia do Vidreiro, todos os profissionais que trabalham com o vidro. Este \u00e9 um material vers\u00e1til e que tem grande potencial de aplica\u00e7\u00e3o profissional, atendendo desde projetos residenciais, decorativos, industriais at\u00e9 a constru\u00e7\u00e3o civil. Venha coma Ferpam aprender sobre 3 profissionais que ganham dinheiro com vidro.<\/p>\n<p>Como dissemos, o vidro \u00e9 um material vers\u00e1til que atende a necessidade de milhares de projetos. Por isso, viemos falar de alguns profissionais que ganha a vida a partir desta mat\u00e9ria prima incr\u00edvel que possui mais de 6 mil anos de hist\u00f3ria e tem sido aperfei\u00e7oada ao longo dos s\u00e9culos.<\/p>\n<h3>O Fabricante do Vidro:<\/h3>\n<p>Este ramo \u00e9 o mais industrial \u00e9 de onde nasce o vidro, eles trabalham com compra e extra\u00e7\u00e3o de mat\u00e9ria prima, com a fabrica\u00e7\u00e3o de vidro e com a transforma\u00e7\u00e3o de vidro em diversos formatos, desde vidros planos, a vidros automotivos, a vidro para m\u00f3veis e utens\u00edlios dom\u00e9sticos como potes, copos e ta\u00e7as. Este profissional merece reconhecimento, feliz dia do Vidreiro!<\/p>\n<h3>O Empres\u00e1rio revendedor:<\/h3>\n<p>ele compra o vidro das grandes ind\u00fastrias e tralhada a revenda do material conforme seu setor de trabalho. Pode revender diversos tipos de vidros ou trabalhar espec\u00edfico em apenas um nicho. Para se tornar este profissional \u00e9 precisa conhecer todos os tipos de vidros do mercado e suas aplica\u00e7\u00f5es espec\u00edficas.<\/p>\n<p>N\u00e3o precisa ser s\u00f3 o dono de uma vidra\u00e7aria comum, ele pode se tornar uma revenda especialista em determinado campo de atua\u00e7\u00e3o, como por exemplo: vidros para portas e janelas, vidros laminados e temperados, vidros de seguran\u00e7a, automotivos, para projetos arquitet\u00f4nicos planejados etc. Este profissional pode ser apenas um fornecedor e n\u00e3o o instalador do material.<\/p>\n<h3>O Instalador de vidros:<\/h3>\n<p>Este profissional \u00e9 quem coloca a m\u00e3o na massa, al\u00e9m de avaliar os projetos, fazer or\u00e7amentos, ele instala os vidros, seja qual for o projeto de decora\u00e7\u00e3o, de espelhos, de movelaria, ele \u00e9 capacitado para manusear, utilizar os produtos corretos para fixar os vidros e entregar tudo perfeito para o cliente.<\/p>\n<p>O empres\u00e1rio revendedor de vidro pode ser instalador, mas na maioria das vezes ele tem tantos afazeres como propriet\u00e1rio que terceiriza a instala\u00e7\u00e3o a colaboradores. Mas, \u00e9 sempre o instalador que realiza leitura de projetos para corte, medi\u00e7\u00e3o, montagem e instala\u00e7\u00e3o de vidros temperados.<\/p>\n<h5>Curiosidade Hist\u00f3rica sobre um fornecedor nosso mundialmente famoso!<\/h5>\n<p>Gostar\u00edamos aqui de destacar uma curiosidade hist\u00f3rica de uma empresa que admiramos. A Saint-Gobain \u00e9 detentora das maiores marcas industriais do mundo, por exemplo, da Norton Discos abrasivos e a TEKBOND adesivos e selantes, empresas propriedade Saint-Gobain que s\u00e3o nossas fornecedoras.<\/p>\n<p>Voc\u00ea sabia que a Saint-Gobain \u00e9 uma companhia multinacional francesa, fundada em 1665 pelo pol\u00edtico franc\u00eas Jean-Baptiste Colbert para produzir os famosos espelhos do Pal\u00e1cio de Versailles. Naquela \u00e9poca a empresa tinha outro nome, mas hoje \u00e9 de capital privado e se possui mais de 350 anos de hist\u00f3ria.<\/p>\n<h3>Quanto ganha um Vidreiro em m\u00e9dia?<\/h3>\n<p>Segundo dados da ANAVIDRO (Associa\u00e7\u00e3o Nacional do Vidra\u00e7arias) O faturamento m\u00e9dio mensal do pequeno ou m\u00e9dio empreendedor de vidra\u00e7aria, pode ser de 10 a 20 mil reais. Ou seja, trabalhar com vidro \u00e9 um bom neg\u00f3cio, mas lembre-se, al\u00e9m da boa t\u00e9cnica \u00e9 preciso ser um bom gestor de neg\u00f3cios para fazer seu neg\u00f3cio faturar muito e crescer.<\/p>\n<p>O sal\u00e1rio de um instalador de vidros varia entre R$ 1500,00 a $2.000,00 reais, a depender do tipo de servi\u00e7o e da sua expertise e especialidade no servi\u00e7o, podendo ser a t\u00e9 mais.<\/p>\n","protected":false},"excerpt":{"rendered":"<p>18 de Maio \u00e9 dia do Vidreiro, todos os profissionais que trabalham com o vidro. Este \u00e9 um material vers\u00e1til e que tem grande potencial de aplica\u00e7\u00e3o profissional, atendendo desde projetos residenciais, decorativos, industriais at\u00e9 a constru\u00e7\u00e3o civil. Venha coma Ferpam aprender sobre 3 profissionais que ganham dinheiro com vidro. Como dissemos, o vidro \u00e9 &hellip;<\/p>\n","protected":false},"author":4,"featured_media":1939,"comment_status":"open","ping_status":"open","sticky":false,"template":"","format":"standard","meta":{"footnotes":""},"categories":[25],"tags":[248,246,725,247],"class_list":["post-1925","post","type-post","status-publish","format-standard","has-post-thumbnail","hentry","category-curiosidades","tag-diadovidreiro","tag-ferramentasempalmas","tag-tocantins","tag-trabalhocomvidro"],"yoast_head":"<!-- This site is optimized with the Yoast SEO plugin v15.8 - https:\/\/yoast.com\/wordpress\/plugins\/seo\/ -->\n<title>\u200b3 Profissionais que trabalham com vidro! - Blog Ferpam<\/title>\n<meta name=\"robots\" content=\"index, follow, max-snippet:-1, max-image-preview:large, max-video-preview:-1\" \/>\n<link rel=\"canonical\" href=\"https:\/\/www.ferpam.com.br\/blog\/3-profissionais-que-trabalham-com-vidro\/\" \/>\n<meta property=\"og:locale\" content=\"pt_BR\" \/>\n<meta property=\"og:type\" content=\"article\" \/>\n<meta property=\"og:title\" content=\"\u200b3 Profissionais que trabalham com vidro! - Blog Ferpam\" \/>\n<meta property=\"og:description\" content=\"18 de Maio \u00e9 dia do Vidreiro, todos os profissionais que trabalham com o vidro. Este \u00e9 um material vers\u00e1til e que tem grande potencial de aplica\u00e7\u00e3o profissional, atendendo desde projetos residenciais, decorativos, industriais at\u00e9 a constru\u00e7\u00e3o civil. Venha coma Ferpam aprender sobre 3 profissionais que ganham dinheiro com vidro. Como dissemos, o vidro \u00e9 &hellip;\" \/>\n<meta property=\"og:url\" content=\"https:\/\/www.ferpam.com.br\/blog\/3-profissionais-que-trabalham-com-vidro\/\" \/>\n<meta property=\"og:site_name\" content=\"Blog Ferpam\" \/>\n<meta property=\"article:published_time\" content=\"2020-05-28T12:12:18+00:00\" \/>\n<meta property=\"article:modified_time\" content=\"2021-02-18T16:45:09+00:00\" \/>\n<meta property=\"og:image\" content=\"https:\/\/www.ferpam.com.br\/blog\/wp-content\/uploads\/2021\/02\/ce99e7a5737b50358b2b8be9448a62e51-1.jpeg\" \/>\n\t<meta property=\"og:image:width\" content=\"968\" \/>\n\t<meta property=\"og:image:height\" content=\"584\" \/>\n<meta name=\"twitter:card\" content=\"summary_large_image\" \/>\n<meta name=\"twitter:label1\" content=\"Est. reading time\">\n\t<meta name=\"twitter:data1\" content=\"3 minutos\">\n<script type=\"application\/ld+json\" class=\"yoast-schema-graph\">{\"@context\":\"https:\/\/schema.org\",\"@graph\":[{\"@type\":\"Organization\",\"@id\":\"https:\/\/www.ferpam.com.br\/blog\/#organization\",\"name\":\"Ferpam\",\"url\":\"https:\/\/www.ferpam.com.br\/blog\/\",\"sameAs\":[],\"logo\":{\"@type\":\"ImageObject\",\"@id\":\"https:\/\/www.ferpam.com.br\/blog\/#logo\",\"inLanguage\":\"pt-BR\",\"url\":\"https:\/\/www.ferpam.com.br\/blog\/wp-content\/uploads\/2021\/02\/logo-1.png\",\"width\":254,\"height\":89,\"caption\":\"Ferpam\"},\"image\":{\"@id\":\"https:\/\/www.ferpam.com.br\/blog\/#logo\"}},{\"@type\":\"WebSite\",\"@id\":\"https:\/\/www.ferpam.com.br\/blog\/#website\",\"url\":\"https:\/\/www.ferpam.com.br\/blog\/\",\"name\":\"Blog Ferpam\",\"description\":\"Not\\u00edcias da Ferpam\",\"publisher\":{\"@id\":\"https:\/\/www.ferpam.com.br\/blog\/#organization\"},\"potentialAction\":[{\"@type\":\"SearchAction\",\"target\":\"https:\/\/www.ferpam.com.br\/blog\/?s={search_term_string}\",\"query-input\":\"required name=search_term_string\"}],\"inLanguage\":\"pt-BR\"},{\"@type\":\"ImageObject\",\"@id\":\"https:\/\/www.ferpam.com.br\/blog\/3-profissionais-que-trabalham-com-vidro\/#primaryimage\",\"inLanguage\":\"pt-BR\",\"url\":\"https:\/\/www.ferpam.com.br\/blog\/wp-content\/uploads\/2021\/02\/ce99e7a5737b50358b2b8be9448a62e51-1.jpeg\",\"width\":968,\"height\":584},{\"@type\":\"WebPage\",\"@id\":\"https:\/\/www.ferpam.com.br\/blog\/3-profissionais-que-trabalham-com-vidro\/#webpage\",\"url\":\"https:\/\/www.ferpam.com.br\/blog\/3-profissionais-que-trabalham-com-vidro\/\",\"name\":\"\\u200b3 Profissionais que trabalham com vidro! - Blog Ferpam\",\"isPartOf\":{\"@id\":\"https:\/\/www.ferpam.com.br\/blog\/#website\"},\"primaryImageOfPage\":{\"@id\":\"https:\/\/www.ferpam.com.br\/blog\/3-profissionais-que-trabalham-com-vidro\/#primaryimage\"},\"datePublished\":\"2020-05-28T12:12:18+00:00\",\"dateModified\":\"2021-02-18T16:45:09+00:00\",\"breadcrumb\":{\"@id\":\"https:\/\/www.ferpam.com.br\/blog\/3-profissionais-que-trabalham-com-vidro\/#breadcrumb\"},\"inLanguage\":\"pt-BR\",\"potentialAction\":[{\"@type\":\"ReadAction\",\"target\":[\"https:\/\/www.ferpam.com.br\/blog\/3-profissionais-que-trabalham-com-vidro\/\"]}]},{\"@type\":\"BreadcrumbList\",\"@id\":\"https:\/\/www.ferpam.com.br\/blog\/3-profissionais-que-trabalham-com-vidro\/#breadcrumb\",\"itemListElement\":[{\"@type\":\"ListItem\",\"position\":1,\"item\":{\"@type\":\"WebPage\",\"@id\":\"https:\/\/www.ferpam.com.br\/blog\/\",\"url\":\"https:\/\/www.ferpam.com.br\/blog\/\",\"name\":\"In\\u00edcio\"}},{\"@type\":\"ListItem\",\"position\":2,\"item\":{\"@type\":\"WebPage\",\"@id\":\"https:\/\/www.ferpam.com.br\/blog\/3-profissionais-que-trabalham-com-vidro\/\",\"url\":\"https:\/\/www.ferpam.com.br\/blog\/3-profissionais-que-trabalham-com-vidro\/\",\"name\":\"\\u200b3 Profissionais que trabalham com vidro!\"}}]},{\"@type\":\"Article\",\"@id\":\"https:\/\/www.ferpam.com.br\/blog\/3-profissionais-que-trabalham-com-vidro\/#article\",\"isPartOf\":{\"@id\":\"https:\/\/www.ferpam.com.br\/blog\/3-profissionais-que-trabalham-com-vidro\/#webpage\"},\"author\":{\"@id\":\"https:\/\/www.ferpam.com.br\/blog\/#\/schema\/person\/17c24d0d22dd830e306685f9b94ec5e7\"},\"headline\":\"\\u200b3 Profissionais que trabalham com vidro!\",\"datePublished\":\"2020-05-28T12:12:18+00:00\",\"dateModified\":\"2021-02-18T16:45:09+00:00\",\"mainEntityOfPage\":{\"@id\":\"https:\/\/www.ferpam.com.br\/blog\/3-profissionais-que-trabalham-com-vidro\/#webpage\"},\"commentCount\":0,\"publisher\":{\"@id\":\"https:\/\/www.ferpam.com.br\/blog\/#organization\"},\"image\":{\"@id\":\"https:\/\/www.ferpam.com.br\/blog\/3-profissionais-que-trabalham-com-vidro\/#primaryimage\"},\"keywords\":\"diadovidreiro,ferramentasempalmas,tocantins,trabalhocomvidro\",\"articleSection\":\"Curiosidades\",\"inLanguage\":\"pt-BR\",\"potentialAction\":[{\"@type\":\"CommentAction\",\"name\":\"Comment\",\"target\":[\"https:\/\/www.ferpam.com.br\/blog\/3-profissionais-que-trabalham-com-vidro\/#respond\"]}]},{\"@type\":\"Person\",\"@id\":\"https:\/\/www.ferpam.com.br\/blog\/#\/schema\/person\/17c24d0d22dd830e306685f9b94ec5e7\",\"name\":\"Ferpam Blog\",\"image\":{\"@type\":\"ImageObject\",\"@id\":\"https:\/\/www.ferpam.com.br\/blog\/#personlogo\",\"inLanguage\":\"pt-BR\",\"url\":\"https:\/\/secure.gravatar.com\/avatar\/cabb3a541ec0d8bedb85a519259a466229f358a62b34ef4b29cb8d6884944a6c?s=96&d=mm&r=g\",\"caption\":\"Ferpam Blog\"},\"sameAs\":[\"http:\/\/www.ferpam.com.br\"]}]}<\/script>\n<!-- \/ Yoast SEO plugin. -->","_links":{"self":[{"href":"https:\/\/www.ferpam.com.br\/blog\/wp-json\/wp\/v2\/posts\/1925","targetHints":{"allow":["GET"]}}],"collection":[{"href":"https:\/\/www.ferpam.com.br\/blog\/wp-json\/wp\/v2\/posts"}],"about":[{"href":"https:\/\/www.ferpam.com.br\/blog\/wp-json\/wp\/v2\/types\/post"}],"author":[{"embeddable":true,"href":"https:\/\/www.ferpam.com.br\/blog\/wp-json\/wp\/v2\/users\/4"}],"replies":[{"embeddable":true,"href":"https:\/\/www.ferpam.com.br\/blog\/wp-json\/wp\/v2\/comments?post=1925"}],"version-history":[{"count":1,"href":"https:\/\/www.ferpam.com.br\/blog\/wp-json\/wp\/v2\/posts\/1925\/revisions"}],"predecessor-version":[{"id":1940,"href":"https:\/\/www.ferpam.com.br\/blog\/wp-json\/wp\/v2\/posts\/1925\/revisions\/1940"}],"wp:featuredmedia":[{"embeddable":true,"href":"https:\/\/www.ferpam.com.br\/blog\/wp-json\/wp\/v2\/media\/1939"}],"wp:attachment":[{"href":"https:\/\/www.ferpam.com.br\/blog\/wp-json\/wp\/v2\/media?parent=1925"}],"wp:term":[{"taxonomy":"category","embeddable":true,"href":"https:\/\/www.ferpam.com.br\/blog\/wp-json\/wp\/v2\/categories?post=1925"},{"taxonomy":"post_tag","embeddable":true,"href":"https:\/\/www.ferpam.com.br\/blog\/wp-json\/wp\/v2\/tags?post=1925"}],"curies":[{"name":"wp","href":"https:\/\/api.w.org\/{rel}","templated":true}]}}