{"id":1941,"date":"2020-05-18T12:44:41","date_gmt":"2020-05-18T12:44:41","guid":{"rendered":"https:\/\/ferpam.widehomolog.biz\/blog\/?p=1941"},"modified":"2021-02-18T16:50:12","modified_gmt":"2021-02-18T16:50:12","slug":"parabens-palmas-31-anos-em-comunidade","status":"publish","type":"post","link":"https:\/\/www.ferpam.com.br\/blog\/parabens-palmas-31-anos-em-comunidade\/","title":{"rendered":"\u200bParab\u00e9ns Palmas 31 anos em comunidade"},"content":{"rendered":"<p>Em 20 de maio de 2020 \u00e9 comemorado o 31\u00b0 anivers\u00e1rio da nossa capital, n\u00e3o teremos festa, pois vivemos em meio a um grande desafio de sa\u00fade mundial. Hoje chamamos a sua aten\u00e7\u00e3o, para agradecer! Ser grato pelas coisas boas que nossa cidade trouxe. O que voc\u00ea acha?<\/p>\n<p>Palmas foi criada em 20 de maio de 1989, desde seu in\u00edcio com todo planejamento ela sempre foi uma cidade acolhedora. Por isso, cresceu de forma exponencial chegando, em 2019, aos 299.127 habitantes. Desta forma, se tornou a maior cidade do estado do Tocantins.<\/p>\n<p>Nossa comunidade, apesar de grande, ainda possui um &#8220;Qu\u00ea&#8221; de interior, pois quase todo mundo se conhece. Somos um povo caloroso, receptivo e que abra\u00e7a pessoas de diversas origens. Aqui vivem paraenses, maranhenses, goianos, baianos, mato-grossenses e muito mais. Por isso, Palmas ficou conhecida regionalmente como a capital do calor humano!<\/p>\n<p>Devido a estes costumes de abra\u00e7ar, receber, acolher diferentes culturas, hoje nossa comunidade sente muito os agravos das medidas de &#8220;isolamento social&#8221;. No entanto, alertamos! N\u00f3s da\u00a0<a href=\"https:\/\/www.ferpam.com.br\/\">Ferpam<\/a>\u00a0gostar\u00edamos de chamar sua aten\u00e7\u00e3o ao seguinte detalhe, estamos em distanciamento f\u00edsico sim, no entanto, ainda podemos socializar de outras formas.<\/p>\n<p>Precisamos nos manter em comunidade sim! Manter nossos amigos, ajudar o pr\u00f3ximo, seguir nossos neg\u00f3cios de formas inovadoras, nos reinventar para superar este momento que em breve ir\u00e1 passar. Vamos manter a esperan\u00e7a! Nos posicionando de forma consciente \u00e0 preserva\u00e7\u00e3o de vidas, equilibrando cuidados com a sa\u00fade e com nossa economia local.<\/p>\n<p>Mesmo em casa, mantemos o orgulho da nossa cidade! Apesar do isolamento, do distanciamento, do fechamento do com\u00e9rcio ainda temos o que agradecer. Ainda podemos transmitir calor humano usando um sorriso, uma liga\u00e7\u00e3o, uma chamada de v\u00eddeo, uma mensagem de texto. Ent\u00e3o, mostre aos amigos sua gratid\u00e3o pelos 31 anos desta terra maravilhosa.<\/p>\n<h4>Grupo Ferpam agradece!<\/h4>\n<p>N\u00f3s do Grupo FERPAM agradecemos pelos 24 anos da nossa hist\u00f3ria que come\u00e7ou aqui na capital e se expandiu de tal forma que hoje atendemos o Brasil inteiro atrav\u00e9s do nosso site.<\/p>\n<p>Palmas \u00e9 nosso ber\u00e7o, onde crescemos, conquistamos clientes fi\u00e9is, constru\u00edmos parcerias de sucesso e tivemos a honra de fornecer\u00a0<a href=\"https:\/\/www.ferpam.com.br\/ferramentas-e-maquinas\/eletricas\">ferramentas<\/a>, parafusos e m\u00e1quinas para o fortalecimento de muitos outros neg\u00f3cio de importantes ramifica\u00e7\u00f5es do desenvolvimento local, como a\u00a0<a href=\"https:\/\/www.ferpam.com.br\/ferramentas-e-maquinas\/construc-o\">constru\u00e7\u00e3o civil,<\/a>\u00a0a agricultura e a pecu\u00e1ria.<\/p>\n<p>Estar localizada na capital do estado foi muito importante para n\u00f3s, assim nosso trabalho se tornou refer\u00eancia em ferramentas e m\u00e1quinas para milhares de clientes. Dia ap\u00f3s dia nos tornamos o principal fornecedor de ferramentas, maquinas, borrachas, transporte de \u00e1gua, irriga\u00e7\u00e3o, energia solar e muito mais a profissionais diversos.<\/p>\n<p>Hoje, nosso clientes s\u00e3o componentes essenciais da nossa comunidade. Eles movimentam nossa economia, eles fazem a cidade crescer, eles s\u00e3o profissionais de qualidade: construtores, arquitetos, engenheiros,\u00a0<a href=\"https:\/\/www.ferpam.com.br\/blog\/empreender-na-crise-5-dicas-para-serralheiros-e-marceneiros.html\">marceneiros<\/a>, serralheiros, artes\u00e3os, pintores, eletricistas, vidraceiros, montadores de m\u00f3veis, pedreiros, marmoristas,\u00a0<a href=\"https:\/\/www.ferpam.com.br\/solda-em-geral\">soldadores<\/a>, agricultores e muito mais.<\/p>\n<p>Agradecemos esta cidade por ser nossa casa, por nos transformar em nesta grande fam\u00edlia chamada Ferpam.<\/p>\n<h3>Comemore contando sua hist\u00f3ria com a capital!<\/h3>\n<p>J\u00e1 que n\u00e3o podemos festejar em eventos p\u00fablicos, devemos usar o que temos em nossas m\u00e3os. Revire o ba\u00fa, selecione imagens que marcaram sua hist\u00f3ria na nossa capital. Vale foto na faculdade, ou em pontos tur\u00edsticos de Palmas, vale at\u00e9 v\u00eddeo contando sua hist\u00f3ria em Palmas.<\/p>\n<p>Se tiver foto hist\u00f3rica com a Ferpam aproveite para nos mostrar e se der marque\u00a0<a href=\"https:\/\/www.instagram.com\/ferpamoficial\/\">@ferpamoficial no Instagran<\/a>, adorar\u00edamos repostar sua hist\u00f3ria com a nossa cidade.<\/p>\n<p>Palmas 31 anos, vamos juntos vencer esta fase e voltar a ser aquela comunidade cheia de calor humano!<\/p>\n<p>Feliz anivers\u00e1rio de Palmas a todos.<\/p>\n","protected":false},"excerpt":{"rendered":"<p>Em 20 de maio de 2020 \u00e9 comemorado o 31\u00b0 anivers\u00e1rio da nossa capital, n\u00e3o teremos festa, pois vivemos em meio a um grande desafio de sa\u00fade mundial. Hoje chamamos a sua aten\u00e7\u00e3o, para agradecer! Ser grato pelas coisas boas que nossa cidade trouxe. O que voc\u00ea acha? Palmas foi criada em 20 de maio &hellip;<\/p>\n","protected":false},"author":4,"featured_media":1942,"comment_status":"open","ping_status":"open","sticky":false,"template":"","format":"standard","meta":{"footnotes":""},"categories":[26],"tags":[245,243,244],"class_list":["post-1941","post","type-post","status-publish","format-standard","has-post-thumbnail","hentry","category-noticias-ferpam","tag-aniversariodepalmas2020","tag-familiaferpam","tag-palmas31anos"],"yoast_head":"<!-- This site is optimized with the Yoast SEO plugin v15.8 - https:\/\/yoast.com\/wordpress\/plugins\/seo\/ -->\n<title>\u200bParab\u00e9ns Palmas 31 anos em comunidade - Blog Ferpam<\/title>\n<meta name=\"robots\" content=\"index, follow, max-snippet:-1, max-image-preview:large, max-video-preview:-1\" \/>\n<link rel=\"canonical\" href=\"https:\/\/www.ferpam.com.br\/blog\/parabens-palmas-31-anos-em-comunidade\/\" \/>\n<meta property=\"og:locale\" content=\"pt_BR\" \/>\n<meta property=\"og:type\" content=\"article\" \/>\n<meta property=\"og:title\" content=\"\u200bParab\u00e9ns Palmas 31 anos em comunidade - Blog Ferpam\" \/>\n<meta property=\"og:description\" content=\"Em 20 de maio de 2020 \u00e9 comemorado o 31\u00b0 anivers\u00e1rio da nossa capital, n\u00e3o teremos festa, pois vivemos em meio a um grande desafio de sa\u00fade mundial. Hoje chamamos a sua aten\u00e7\u00e3o, para agradecer! Ser grato pelas coisas boas que nossa cidade trouxe. O que voc\u00ea acha? Palmas foi criada em 20 de maio &hellip;\" \/>\n<meta property=\"og:url\" content=\"https:\/\/www.ferpam.com.br\/blog\/parabens-palmas-31-anos-em-comunidade\/\" \/>\n<meta property=\"og:site_name\" content=\"Blog Ferpam\" \/>\n<meta property=\"article:published_time\" content=\"2020-05-18T12:44:41+00:00\" \/>\n<meta property=\"article:modified_time\" content=\"2021-02-18T16:50:12+00:00\" \/>\n<meta property=\"og:image\" content=\"https:\/\/www.ferpam.com.br\/blog\/wp-content\/uploads\/2021\/02\/e41959a78fdfb9dd7a57bb2dd69729fb1.png\" \/>\n\t<meta property=\"og:image:width\" content=\"968\" \/>\n\t<meta property=\"og:image:height\" content=\"584\" \/>\n<meta name=\"twitter:card\" content=\"summary_large_image\" \/>\n<meta name=\"twitter:label1\" content=\"Est. reading time\">\n\t<meta name=\"twitter:data1\" content=\"3 minutos\">\n<script type=\"application\/ld+json\" class=\"yoast-schema-graph\">{\"@context\":\"https:\/\/schema.org\",\"@graph\":[{\"@type\":\"Organization\",\"@id\":\"https:\/\/www.ferpam.com.br\/blog\/#organization\",\"name\":\"Ferpam\",\"url\":\"https:\/\/www.ferpam.com.br\/blog\/\",\"sameAs\":[],\"logo\":{\"@type\":\"ImageObject\",\"@id\":\"https:\/\/www.ferpam.com.br\/blog\/#logo\",\"inLanguage\":\"pt-BR\",\"url\":\"https:\/\/www.ferpam.com.br\/blog\/wp-content\/uploads\/2021\/02\/logo-1.png\",\"width\":254,\"height\":89,\"caption\":\"Ferpam\"},\"image\":{\"@id\":\"https:\/\/www.ferpam.com.br\/blog\/#logo\"}},{\"@type\":\"WebSite\",\"@id\":\"https:\/\/www.ferpam.com.br\/blog\/#website\",\"url\":\"https:\/\/www.ferpam.com.br\/blog\/\",\"name\":\"Blog Ferpam\",\"description\":\"Not\\u00edcias da Ferpam\",\"publisher\":{\"@id\":\"https:\/\/www.ferpam.com.br\/blog\/#organization\"},\"potentialAction\":[{\"@type\":\"SearchAction\",\"target\":\"https:\/\/www.ferpam.com.br\/blog\/?s={search_term_string}\",\"query-input\":\"required name=search_term_string\"}],\"inLanguage\":\"pt-BR\"},{\"@type\":\"ImageObject\",\"@id\":\"https:\/\/www.ferpam.com.br\/blog\/parabens-palmas-31-anos-em-comunidade\/#primaryimage\",\"inLanguage\":\"pt-BR\",\"url\":\"https:\/\/www.ferpam.com.br\/blog\/wp-content\/uploads\/2021\/02\/e41959a78fdfb9dd7a57bb2dd69729fb1.png\",\"width\":968,\"height\":584},{\"@type\":\"WebPage\",\"@id\":\"https:\/\/www.ferpam.com.br\/blog\/parabens-palmas-31-anos-em-comunidade\/#webpage\",\"url\":\"https:\/\/www.ferpam.com.br\/blog\/parabens-palmas-31-anos-em-comunidade\/\",\"name\":\"\\u200bParab\\u00e9ns Palmas 31 anos em comunidade - Blog Ferpam\",\"isPartOf\":{\"@id\":\"https:\/\/www.ferpam.com.br\/blog\/#website\"},\"primaryImageOfPage\":{\"@id\":\"https:\/\/www.ferpam.com.br\/blog\/parabens-palmas-31-anos-em-comunidade\/#primaryimage\"},\"datePublished\":\"2020-05-18T12:44:41+00:00\",\"dateModified\":\"2021-02-18T16:50:12+00:00\",\"breadcrumb\":{\"@id\":\"https:\/\/www.ferpam.com.br\/blog\/parabens-palmas-31-anos-em-comunidade\/#breadcrumb\"},\"inLanguage\":\"pt-BR\",\"potentialAction\":[{\"@type\":\"ReadAction\",\"target\":[\"https:\/\/www.ferpam.com.br\/blog\/parabens-palmas-31-anos-em-comunidade\/\"]}]},{\"@type\":\"BreadcrumbList\",\"@id\":\"https:\/\/www.ferpam.com.br\/blog\/parabens-palmas-31-anos-em-comunidade\/#breadcrumb\",\"itemListElement\":[{\"@type\":\"ListItem\",\"position\":1,\"item\":{\"@type\":\"WebPage\",\"@id\":\"https:\/\/www.ferpam.com.br\/blog\/\",\"url\":\"https:\/\/www.ferpam.com.br\/blog\/\",\"name\":\"In\\u00edcio\"}},{\"@type\":\"ListItem\",\"position\":2,\"item\":{\"@type\":\"WebPage\",\"@id\":\"https:\/\/www.ferpam.com.br\/blog\/parabens-palmas-31-anos-em-comunidade\/\",\"url\":\"https:\/\/www.ferpam.com.br\/blog\/parabens-palmas-31-anos-em-comunidade\/\",\"name\":\"\\u200bParab\\u00e9ns Palmas 31 anos em comunidade\"}}]},{\"@type\":\"Article\",\"@id\":\"https:\/\/www.ferpam.com.br\/blog\/parabens-palmas-31-anos-em-comunidade\/#article\",\"isPartOf\":{\"@id\":\"https:\/\/www.ferpam.com.br\/blog\/parabens-palmas-31-anos-em-comunidade\/#webpage\"},\"author\":{\"@id\":\"https:\/\/www.ferpam.com.br\/blog\/#\/schema\/person\/17c24d0d22dd830e306685f9b94ec5e7\"},\"headline\":\"\\u200bParab\\u00e9ns Palmas 31 anos em comunidade\",\"datePublished\":\"2020-05-18T12:44:41+00:00\",\"dateModified\":\"2021-02-18T16:50:12+00:00\",\"mainEntityOfPage\":{\"@id\":\"https:\/\/www.ferpam.com.br\/blog\/parabens-palmas-31-anos-em-comunidade\/#webpage\"},\"commentCount\":0,\"publisher\":{\"@id\":\"https:\/\/www.ferpam.com.br\/blog\/#organization\"},\"image\":{\"@id\":\"https:\/\/www.ferpam.com.br\/blog\/parabens-palmas-31-anos-em-comunidade\/#primaryimage\"},\"keywords\":\"Aniversariodepalmas2020,Familiaferpam,Palmas31anos\",\"articleSection\":\"Not\\u00edcias Ferpam\",\"inLanguage\":\"pt-BR\",\"potentialAction\":[{\"@type\":\"CommentAction\",\"name\":\"Comment\",\"target\":[\"https:\/\/www.ferpam.com.br\/blog\/parabens-palmas-31-anos-em-comunidade\/#respond\"]}]},{\"@type\":\"Person\",\"@id\":\"https:\/\/www.ferpam.com.br\/blog\/#\/schema\/person\/17c24d0d22dd830e306685f9b94ec5e7\",\"name\":\"Ferpam Blog\",\"image\":{\"@type\":\"ImageObject\",\"@id\":\"https:\/\/www.ferpam.com.br\/blog\/#personlogo\",\"inLanguage\":\"pt-BR\",\"url\":\"https:\/\/secure.gravatar.com\/avatar\/cabb3a541ec0d8bedb85a519259a466229f358a62b34ef4b29cb8d6884944a6c?s=96&d=mm&r=g\",\"caption\":\"Ferpam Blog\"},\"sameAs\":[\"http:\/\/www.ferpam.com.br\"]}]}<\/script>\n<!-- \/ Yoast SEO plugin. -->","_links":{"self":[{"href":"https:\/\/www.ferpam.com.br\/blog\/wp-json\/wp\/v2\/posts\/1941","targetHints":{"allow":["GET"]}}],"collection":[{"href":"https:\/\/www.ferpam.com.br\/blog\/wp-json\/wp\/v2\/posts"}],"about":[{"href":"https:\/\/www.ferpam.com.br\/blog\/wp-json\/wp\/v2\/types\/post"}],"author":[{"embeddable":true,"href":"https:\/\/www.ferpam.com.br\/blog\/wp-json\/wp\/v2\/users\/4"}],"replies":[{"embeddable":true,"href":"https:\/\/www.ferpam.com.br\/blog\/wp-json\/wp\/v2\/comments?post=1941"}],"version-history":[{"count":1,"href":"https:\/\/www.ferpam.com.br\/blog\/wp-json\/wp\/v2\/posts\/1941\/revisions"}],"predecessor-version":[{"id":1943,"href":"https:\/\/www.ferpam.com.br\/blog\/wp-json\/wp\/v2\/posts\/1941\/revisions\/1943"}],"wp:featuredmedia":[{"embeddable":true,"href":"https:\/\/www.ferpam.com.br\/blog\/wp-json\/wp\/v2\/media\/1942"}],"wp:attachment":[{"href":"https:\/\/www.ferpam.com.br\/blog\/wp-json\/wp\/v2\/media?parent=1941"}],"wp:term":[{"taxonomy":"category","embeddable":true,"href":"https:\/\/www.ferpam.com.br\/blog\/wp-json\/wp\/v2\/categories?post=1941"},{"taxonomy":"post_tag","embeddable":true,"href":"https:\/\/www.ferpam.com.br\/blog\/wp-json\/wp\/v2\/tags?post=1941"}],"curies":[{"name":"wp","href":"https:\/\/api.w.org\/{rel}","templated":true}]}}