{"id":2047,"date":"2019-05-22T13:22:44","date_gmt":"2019-05-22T13:22:44","guid":{"rendered":"https:\/\/ferpam.widehomolog.biz\/blog\/?p=2047"},"modified":"2021-02-19T13:07:51","modified_gmt":"2021-02-19T13:07:51","slug":"o-transformador-de-energia-que-nao-queima","status":"publish","type":"post","link":"https:\/\/www.ferpam.com.br\/blog\/o-transformador-de-energia-que-nao-queima\/","title":{"rendered":"O transformador de energia que n\u00e3o queima!"},"content":{"rendered":"<p style=\"font-weight: 300;\">Ai meu Deus! Est\u00e1 precisando ligar um equipamento 220v em uma tomada 110v, ou vise e versa, e n\u00e3o sabe qual transformador de energia escolher. Ent\u00e3o vem com gente! Temos uma mega solu\u00e7\u00e3o.<\/p>\n<p style=\"font-weight: 300;\">Hoje na nossa revis\u00e3o de produto \u00e9 com o\u00a0<b><strong data-redactor-tag=\"b\">autotransformador inteligente<\/strong><\/b>\u00a0da Flach Carregadores, que \u00e9 o\u00a0<b><strong data-redactor-tag=\"b\">AT 8000<\/strong><\/b>. N\u00e3o se preocupe mais com nada al\u00e9m de entender como esta superm\u00e1quina funciona.<\/p>\n<h3>Autotransformador Inteligente de 8000VA ou 5.600Watts<\/h3>\n<p style=\"font-weight: 300;\">&#8211; Ele tem a fun\u00e7\u00e3o de pegar a sua tens\u00e3o e converter<\/p>\n<p style=\"font-weight: 300;\">&#8211; Tem prote\u00e7\u00e3o contra invers\u00e3o na entrada<\/p>\n<p style=\"font-weight: 300;\">&#8211; Possui prote\u00e7\u00e3o contra sobrecarga, n\u00e3o queima! Pois, ele desliga antes de sobrecarregar.<\/p>\n<p style=\"font-weight: 300;\"><b><strong data-redactor-tag=\"b\">&#8211; Possui dois Leds Indicadores Horizontal:<\/strong><\/b><\/p>\n<p style=\"font-weight: 300;\">&#8211; O Led Vermelho s\u00f3 ascende quando a prote\u00e7\u00e3o \u00e9 acionada<\/p>\n<p style=\"font-weight: 300;\">&#8211; O Led Azul: significa que o autotransformado est\u00e1 ligado<\/p>\n<p style=\"font-weight: 300;\">&#8211; Possui bot\u00e3o reiniciar: Reinicia o funcionamento normal do aparelho ap\u00f3s corre\u00e7\u00e3o das a\u00e7\u00f5es que acionaram a prote\u00e7\u00e3o.<\/p>\n<p style=\"font-weight: 300;\">&#8211;\u00a0<b><strong data-redactor-tag=\"b\">O Leds Indicadores na Vertical s\u00e3o:<\/strong><\/b><\/p>\n<p style=\"font-weight: 300;\">&gt;Azul: ascende quando a concentra\u00e7\u00e3o de energia estiver abaixo de 80% da pot\u00eancia total do transformador.<\/p>\n<p style=\"font-weight: 300;\">&gt;Amarelo: ascende quando a concentra\u00e7\u00e3o de energia estiver superior a 80% da pot\u00eancia total do transformador.<\/p>\n<h3>Este \u00e9 o Modelo AT8000 com as seguintes especifica\u00e7\u00f5es t\u00e9cnicas:<\/h3>\n<p style=\"font-weight: 300;\">&#8211; Pot\u00eancia Aparente: 8000 VA<\/p>\n<p style=\"font-weight: 300;\">&#8211; Frequ\u00eancia: 50\/60 HZ<\/p>\n<p style=\"font-weight: 300;\">&#8211; Pot\u00eancia em Watts: 5.600W<\/p>\n<p style=\"font-weight: 300;\">&#8211; Possui uma Entrada: 127\/220V<\/p>\n<p style=\"font-weight: 300;\">&#8211; Possui uma Sa\u00edda: 127\/220V<\/p>\n<p style=\"font-weight: 300;\"><b><strong data-redactor-tag=\"b\">O equipamento \u00e9 acompanhado de:\u00a0<\/strong><\/b>1 pino, 1 Cabo de liga\u00e7\u00e3o e 1 Manual de Instru\u00e7\u00f5es. \u00c9 enviado na caixa original da Flach carregadores.<\/p>\n","protected":false},"excerpt":{"rendered":"<p>Ai meu Deus! Est\u00e1 precisando ligar um equipamento 220v em uma tomada 110v, ou vise e versa, e n\u00e3o sabe qual transformador de energia escolher. Ent\u00e3o vem com gente! Temos uma mega solu\u00e7\u00e3o. Hoje na nossa revis\u00e3o de produto \u00e9 com o\u00a0autotransformador inteligente\u00a0da Flach Carregadores, que \u00e9 o\u00a0AT 8000. N\u00e3o se preocupe mais com nada &hellip;<\/p>\n","protected":false},"author":4,"featured_media":2048,"comment_status":"open","ping_status":"open","sticky":false,"template":"","format":"standard","meta":{"footnotes":""},"categories":[27],"tags":[451,450,452],"class_list":["post-2047","post","type-post","status-publish","format-standard","has-post-thumbnail","hentry","category-dicas-de-ferramentas","tag-autotransformador-inteligente","tag-flach","tag-transformador-de-energia"],"yoast_head":"<!-- This site is optimized with the Yoast SEO plugin v15.8 - https:\/\/yoast.com\/wordpress\/plugins\/seo\/ -->\n<title>O transformador de energia que n\u00e3o queima! - Blog Ferpam<\/title>\n<meta name=\"robots\" content=\"index, follow, max-snippet:-1, max-image-preview:large, max-video-preview:-1\" \/>\n<link rel=\"canonical\" href=\"https:\/\/www.ferpam.com.br\/blog\/o-transformador-de-energia-que-nao-queima\/\" \/>\n<meta property=\"og:locale\" content=\"pt_BR\" \/>\n<meta property=\"og:type\" content=\"article\" \/>\n<meta property=\"og:title\" content=\"O transformador de energia que n\u00e3o queima! - Blog Ferpam\" \/>\n<meta property=\"og:description\" content=\"Ai meu Deus! Est\u00e1 precisando ligar um equipamento 220v em uma tomada 110v, ou vise e versa, e n\u00e3o sabe qual transformador de energia escolher. Ent\u00e3o vem com gente! Temos uma mega solu\u00e7\u00e3o. Hoje na nossa revis\u00e3o de produto \u00e9 com o\u00a0autotransformador inteligente\u00a0da Flach Carregadores, que \u00e9 o\u00a0AT 8000. N\u00e3o se preocupe mais com nada &hellip;\" \/>\n<meta property=\"og:url\" content=\"https:\/\/www.ferpam.com.br\/blog\/o-transformador-de-energia-que-nao-queima\/\" \/>\n<meta property=\"og:site_name\" content=\"Blog Ferpam\" \/>\n<meta property=\"article:published_time\" content=\"2019-05-22T13:22:44+00:00\" \/>\n<meta property=\"article:modified_time\" content=\"2021-02-19T13:07:51+00:00\" \/>\n<meta property=\"og:image\" content=\"https:\/\/www.ferpam.com.br\/blog\/wp-content\/uploads\/2021\/02\/101-1.jpeg\" \/>\n\t<meta property=\"og:image:width\" content=\"967\" \/>\n\t<meta property=\"og:image:height\" content=\"581\" \/>\n<meta name=\"twitter:card\" content=\"summary_large_image\" \/>\n<meta name=\"twitter:label1\" content=\"Est. reading time\">\n\t<meta name=\"twitter:data1\" content=\"2 minutos\">\n<script type=\"application\/ld+json\" class=\"yoast-schema-graph\">{\"@context\":\"https:\/\/schema.org\",\"@graph\":[{\"@type\":\"Organization\",\"@id\":\"https:\/\/www.ferpam.com.br\/blog\/#organization\",\"name\":\"Ferpam\",\"url\":\"https:\/\/www.ferpam.com.br\/blog\/\",\"sameAs\":[],\"logo\":{\"@type\":\"ImageObject\",\"@id\":\"https:\/\/www.ferpam.com.br\/blog\/#logo\",\"inLanguage\":\"pt-BR\",\"url\":\"https:\/\/www.ferpam.com.br\/blog\/wp-content\/uploads\/2021\/02\/logo-1.png\",\"width\":254,\"height\":89,\"caption\":\"Ferpam\"},\"image\":{\"@id\":\"https:\/\/www.ferpam.com.br\/blog\/#logo\"}},{\"@type\":\"WebSite\",\"@id\":\"https:\/\/www.ferpam.com.br\/blog\/#website\",\"url\":\"https:\/\/www.ferpam.com.br\/blog\/\",\"name\":\"Blog Ferpam\",\"description\":\"Not\\u00edcias da Ferpam\",\"publisher\":{\"@id\":\"https:\/\/www.ferpam.com.br\/blog\/#organization\"},\"potentialAction\":[{\"@type\":\"SearchAction\",\"target\":\"https:\/\/www.ferpam.com.br\/blog\/?s={search_term_string}\",\"query-input\":\"required name=search_term_string\"}],\"inLanguage\":\"pt-BR\"},{\"@type\":\"ImageObject\",\"@id\":\"https:\/\/www.ferpam.com.br\/blog\/o-transformador-de-energia-que-nao-queima\/#primaryimage\",\"inLanguage\":\"pt-BR\",\"url\":\"https:\/\/www.ferpam.com.br\/blog\/wp-content\/uploads\/2021\/02\/101-1.jpeg\",\"width\":967,\"height\":581},{\"@type\":\"WebPage\",\"@id\":\"https:\/\/www.ferpam.com.br\/blog\/o-transformador-de-energia-que-nao-queima\/#webpage\",\"url\":\"https:\/\/www.ferpam.com.br\/blog\/o-transformador-de-energia-que-nao-queima\/\",\"name\":\"O transformador de energia que n\\u00e3o queima! - Blog Ferpam\",\"isPartOf\":{\"@id\":\"https:\/\/www.ferpam.com.br\/blog\/#website\"},\"primaryImageOfPage\":{\"@id\":\"https:\/\/www.ferpam.com.br\/blog\/o-transformador-de-energia-que-nao-queima\/#primaryimage\"},\"datePublished\":\"2019-05-22T13:22:44+00:00\",\"dateModified\":\"2021-02-19T13:07:51+00:00\",\"breadcrumb\":{\"@id\":\"https:\/\/www.ferpam.com.br\/blog\/o-transformador-de-energia-que-nao-queima\/#breadcrumb\"},\"inLanguage\":\"pt-BR\",\"potentialAction\":[{\"@type\":\"ReadAction\",\"target\":[\"https:\/\/www.ferpam.com.br\/blog\/o-transformador-de-energia-que-nao-queima\/\"]}]},{\"@type\":\"BreadcrumbList\",\"@id\":\"https:\/\/www.ferpam.com.br\/blog\/o-transformador-de-energia-que-nao-queima\/#breadcrumb\",\"itemListElement\":[{\"@type\":\"ListItem\",\"position\":1,\"item\":{\"@type\":\"WebPage\",\"@id\":\"https:\/\/www.ferpam.com.br\/blog\/\",\"url\":\"https:\/\/www.ferpam.com.br\/blog\/\",\"name\":\"In\\u00edcio\"}},{\"@type\":\"ListItem\",\"position\":2,\"item\":{\"@type\":\"WebPage\",\"@id\":\"https:\/\/www.ferpam.com.br\/blog\/o-transformador-de-energia-que-nao-queima\/\",\"url\":\"https:\/\/www.ferpam.com.br\/blog\/o-transformador-de-energia-que-nao-queima\/\",\"name\":\"O transformador de energia que n\\u00e3o queima!\"}}]},{\"@type\":\"Article\",\"@id\":\"https:\/\/www.ferpam.com.br\/blog\/o-transformador-de-energia-que-nao-queima\/#article\",\"isPartOf\":{\"@id\":\"https:\/\/www.ferpam.com.br\/blog\/o-transformador-de-energia-que-nao-queima\/#webpage\"},\"author\":{\"@id\":\"https:\/\/www.ferpam.com.br\/blog\/#\/schema\/person\/17c24d0d22dd830e306685f9b94ec5e7\"},\"headline\":\"O transformador de energia que n\\u00e3o queima!\",\"datePublished\":\"2019-05-22T13:22:44+00:00\",\"dateModified\":\"2021-02-19T13:07:51+00:00\",\"mainEntityOfPage\":{\"@id\":\"https:\/\/www.ferpam.com.br\/blog\/o-transformador-de-energia-que-nao-queima\/#webpage\"},\"commentCount\":0,\"publisher\":{\"@id\":\"https:\/\/www.ferpam.com.br\/blog\/#organization\"},\"image\":{\"@id\":\"https:\/\/www.ferpam.com.br\/blog\/o-transformador-de-energia-que-nao-queima\/#primaryimage\"},\"keywords\":\"autotransformador inteligente,flach,transformador de energia\",\"articleSection\":\"Dicas de ferramentas\",\"inLanguage\":\"pt-BR\",\"potentialAction\":[{\"@type\":\"CommentAction\",\"name\":\"Comment\",\"target\":[\"https:\/\/www.ferpam.com.br\/blog\/o-transformador-de-energia-que-nao-queima\/#respond\"]}]},{\"@type\":\"Person\",\"@id\":\"https:\/\/www.ferpam.com.br\/blog\/#\/schema\/person\/17c24d0d22dd830e306685f9b94ec5e7\",\"name\":\"Ferpam Blog\",\"image\":{\"@type\":\"ImageObject\",\"@id\":\"https:\/\/www.ferpam.com.br\/blog\/#personlogo\",\"inLanguage\":\"pt-BR\",\"url\":\"https:\/\/secure.gravatar.com\/avatar\/cabb3a541ec0d8bedb85a519259a466229f358a62b34ef4b29cb8d6884944a6c?s=96&d=mm&r=g\",\"caption\":\"Ferpam Blog\"},\"sameAs\":[\"http:\/\/www.ferpam.com.br\"]}]}<\/script>\n<!-- \/ Yoast SEO plugin. -->","_links":{"self":[{"href":"https:\/\/www.ferpam.com.br\/blog\/wp-json\/wp\/v2\/posts\/2047","targetHints":{"allow":["GET"]}}],"collection":[{"href":"https:\/\/www.ferpam.com.br\/blog\/wp-json\/wp\/v2\/posts"}],"about":[{"href":"https:\/\/www.ferpam.com.br\/blog\/wp-json\/wp\/v2\/types\/post"}],"author":[{"embeddable":true,"href":"https:\/\/www.ferpam.com.br\/blog\/wp-json\/wp\/v2\/users\/4"}],"replies":[{"embeddable":true,"href":"https:\/\/www.ferpam.com.br\/blog\/wp-json\/wp\/v2\/comments?post=2047"}],"version-history":[{"count":1,"href":"https:\/\/www.ferpam.com.br\/blog\/wp-json\/wp\/v2\/posts\/2047\/revisions"}],"predecessor-version":[{"id":2049,"href":"https:\/\/www.ferpam.com.br\/blog\/wp-json\/wp\/v2\/posts\/2047\/revisions\/2049"}],"wp:featuredmedia":[{"embeddable":true,"href":"https:\/\/www.ferpam.com.br\/blog\/wp-json\/wp\/v2\/media\/2048"}],"wp:attachment":[{"href":"https:\/\/www.ferpam.com.br\/blog\/wp-json\/wp\/v2\/media?parent=2047"}],"wp:term":[{"taxonomy":"category","embeddable":true,"href":"https:\/\/www.ferpam.com.br\/blog\/wp-json\/wp\/v2\/categories?post=2047"},{"taxonomy":"post_tag","embeddable":true,"href":"https:\/\/www.ferpam.com.br\/blog\/wp-json\/wp\/v2\/tags?post=2047"}],"curies":[{"name":"wp","href":"https:\/\/api.w.org\/{rel}","templated":true}]}}