{"id":2071,"date":"2020-07-17T17:32:43","date_gmt":"2020-07-17T17:32:43","guid":{"rendered":"https:\/\/ferpam.widehomolog.biz\/blog\/?p=2071"},"modified":"2021-02-19T14:51:07","modified_gmt":"2021-02-19T14:51:07","slug":"verao-e-sol-3-ventiladores-para-aliviar-o-calor","status":"publish","type":"post","link":"https:\/\/www.ferpam.com.br\/blog\/verao-e-sol-3-ventiladores-para-aliviar-o-calor\/","title":{"rendered":"Ver\u00e3o e Sol:  3 ventiladores para aliviar o calor"},"content":{"rendered":"<p style=\"font-weight: 300;\">A not\u00edcia \u00e9 que a energia el\u00e9trica vai voltar a subir o pre\u00e7o e o calor do ver\u00e3o s\u00f3 aumenta. A melhor sa\u00edda \u00e9 apostar em bons ventiladores e assim aliviar o calor em casa. Afinal, um ventilador \u00e9 em m\u00e9dia 75% mais econ\u00f4mico que um ar-condicional. N\u00e3o passe calor na quarentena! Compre um ventilador.<\/p>\n<p style=\"font-weight: 300;\">Pensando nisso, a Ferpam preparou um comparativo simples de alguns tipos de ventiladores, para facilitar a sua escolha, agilizar sua vida e minimizar os impactos do calor na sua casa.<\/p>\n<p style=\"font-weight: 300;\">Entenda melhor os tipos de ventiladores e como eles podem te beneficiar em diversas situa\u00e7\u00f5es.<\/p>\n<p style=\"font-weight: 300;\"><b><strong data-redactor-tag=\"b\">Ventilador de teto:<\/strong><\/b><\/p>\n<p style=\"font-weight: 300;\"><img loading=\"lazy\" decoding=\"async\" class=\"size-medium wp-image-2072 alignleft\" src=\"https:\/\/ferpam.widehomolog.biz\/blog\/wp-content\/uploads\/2021\/02\/360bec2514c3fbe8b6773d3d611457891-300x254.png\" alt=\"\" width=\"300\" height=\"254\" srcset=\"https:\/\/www.ferpam.com.br\/blog\/wp-content\/uploads\/2021\/02\/360bec2514c3fbe8b6773d3d611457891-300x254.png 300w, https:\/\/www.ferpam.com.br\/blog\/wp-content\/uploads\/2021\/02\/360bec2514c3fbe8b6773d3d611457891.png 524w\" sizes=\"auto, (max-width: 300px) 100vw, 300px\" \/>Esta op\u00e7\u00e3o de\u00a0<a href=\"https:\/\/www.ferpam.com.br\/ventilador-de-teto-preto-com-globo-fechado-venti-delta.html\">ventilador de teto<\/a>\u00a0\u00e9 a mais usada para arejar ambientes fechados, dom\u00e9sticos ou comerciais. Seu vento \u00e9 unidirecional, isso beneficia mais quem fica embaixo dele e a \u00e1rea de ventila\u00e7\u00e3o \u00e9 mais limitada.<\/p>\n<p style=\"font-weight: 300;\">Apesar disso, os\u00a0<a href=\"https:\/\/www.ferpam.com.br\/#&amp;search-term=ventildor%20de%20teo\">ventiladores de teto<\/a>\u00a0s\u00e3o muito eficientes para apartamentos e casas pequenas, pois ventilador de teto pode ajudar a retirar o cheiro de comida da casa e manter o ambiente mais arejado e fresco.<\/p>\n<p style=\"font-weight: 300;\">Em ambientes corporativos, como salas de recep\u00e7\u00e3o geralmente o ventilador de teto \u00e9 ideal para ajudar na ventila\u00e7\u00e3o do ambiente que tem muita gente circulando e a vantagem deste modelo \u00e9 a est\u00e9tica que pode ser atrelada \u00e0 ilumina\u00e7\u00e3o e harmonizar com a decora\u00e7\u00e3o do ambiente sem chamar tanta aten\u00e7\u00e3o. Os ventiladores de teto s\u00e3o muito usados tamb\u00e9m em quarto de beb\u00eas, onde os pais n\u00e3o querem colocar ar-condicionado, mas tamb\u00e9m n\u00e3o querem que o beb\u00ea passe calor. Tem modelos coloridinhos e lindos com l\u00e2mpada e tudo.<\/p>\n<p style=\"font-weight: 300;\"><b><strong data-redactor-tag=\"b\">Ventilador de parede:<\/strong><\/b><\/p>\n<p style=\"font-weight: 300;\"><img loading=\"lazy\" decoding=\"async\" class=\"size-medium wp-image-2073 alignleft\" src=\"https:\/\/ferpam.widehomolog.biz\/blog\/wp-content\/uploads\/2021\/02\/bffd78c156affe8d8467f56166536d5b1-300x300.jpg\" alt=\"\" width=\"300\" height=\"300\" srcset=\"https:\/\/www.ferpam.com.br\/blog\/wp-content\/uploads\/2021\/02\/bffd78c156affe8d8467f56166536d5b1-300x300.jpg 300w, https:\/\/www.ferpam.com.br\/blog\/wp-content\/uploads\/2021\/02\/bffd78c156affe8d8467f56166536d5b1-150x150.jpg 150w, https:\/\/www.ferpam.com.br\/blog\/wp-content\/uploads\/2021\/02\/bffd78c156affe8d8467f56166536d5b1.jpg 500w\" sizes=\"auto, (max-width: 300px) 100vw, 300px\" \/>Normalmente os\u00a0<a href=\"https:\/\/www.ferpam.com.br\/ventilador-de-parede-preto-60-cm-bivolt-venti-delta-ventura-gold.html\">ventiladores de parede<\/a>\u00a0s\u00e3o mais utilizado em ambientes comerciais, apensar da est\u00e9tica de um ventilador pendurado fixo na parede n\u00e3o ser a melhor, isso ajuda em tais ambientes, pois n\u00e3o ocupa espa\u00e7o na bancada, nas mesas e cantos. Ou seja, promove uma ventila\u00e7\u00e3o eficiente e mais direcional, al\u00e9m disso, a \u00e1rea de ventila\u00e7\u00e3o acaba sendo maior.<\/p>\n<p style=\"font-weight: 300;\">Nada impede que\u00a0<a href=\"https:\/\/www.ferpam.com.br\/ventilador-de-parede-preto-60-cm-bivolt-venti-delta-ventura-gold.html#&amp;search-term=ventiladore%20de%20parede\">ventiladores de parede<\/a>\u00a0possam ser instalados em casa, \u00e9 usual por exemplo, em \u00e1reas de lazer e churrasco, onde o ar-condicionado n\u00e3o \u00e9 t\u00e3o comum. E este ventilador tem uma excelente performance para minimizar o calor.<\/p>\n<p style=\"font-weight: 300;\">Outro fator que faz este modelo n\u00e3o ser muito usado em quarto e sala \u00e9 que eles costumam ser mais barulhentos. Mas, nada impede de voc\u00ea usar.<\/p>\n<p style=\"font-weight: 300;\"><b><strong data-redactor-tag=\"b\">Ventilador de Mesa:<\/strong><\/b><\/p>\n<p style=\"font-weight: 300;\"><img loading=\"lazy\" decoding=\"async\" class=\"size-medium wp-image-2074 alignleft\" src=\"https:\/\/ferpam.widehomolog.biz\/blog\/wp-content\/uploads\/2021\/02\/2a0d5fbdc5494675bcd626953ac8d8831-300x266.png\" alt=\"\" width=\"300\" height=\"266\" srcset=\"https:\/\/www.ferpam.com.br\/blog\/wp-content\/uploads\/2021\/02\/2a0d5fbdc5494675bcd626953ac8d8831-300x266.png 300w, https:\/\/www.ferpam.com.br\/blog\/wp-content\/uploads\/2021\/02\/2a0d5fbdc5494675bcd626953ac8d8831-768x681.png 768w, https:\/\/www.ferpam.com.br\/blog\/wp-content\/uploads\/2021\/02\/2a0d5fbdc5494675bcd626953ac8d8831.png 795w\" sizes=\"auto, (max-width: 300px) 100vw, 300px\" \/>Este \u00e9 aquele coringa de toda casa,\u00a0<a href=\"https:\/\/www.ferpam.com.br\/ventilador-de-mesa-50cm-preto-bivolt-venti-delta.html\">o ventilador de mesa,<\/a>\u00a0tem sua utiliza\u00e7\u00e3o considerada mais dom\u00e9stica e por isso costumamos us\u00e1-los para atender visitas em casa de \u00faltima hora e precisamos colocar todo mundo para dormir na sala.<\/p>\n<p style=\"font-weight: 300;\">Mas, este ventilador tamb\u00e9m \u00e9 muito utilizado nas casas brasileiras como multi-ambientes, por ser port\u00e1til e leve permite mudar o ventilador de ambiente sempre que precisar. O tamanho deles tamb\u00e9m interfere na escolha, os menores para ambientes pequenos e maiores quando sua \u00e1rea \u00e9 um pouco maior.<\/p>\n<p style=\"font-weight: 300;\">A inova\u00e7\u00e3o \u00e9 que agora as industrias est\u00e3o produzindo\u00a0<a href=\"https:\/\/www.ferpam.com.br\/ventilador-de-parede-preto-60-cm-bivolt-venti-delta-ventura-gold.html#&amp;search-term=ventiladore%20de%20parede\">ventiladores de mesa coloridos<\/a>, trazendo personalidade para os ambientes em que ser\u00e3o utilizados.<\/p>\n<p style=\"font-weight: 300;\"><b><strong data-redactor-tag=\"b\">Ventilador de Coluna:<\/strong><\/b><\/p>\n<p style=\"font-weight: 300;\"><img loading=\"lazy\" decoding=\"async\" class=\"size-medium wp-image-2076 alignleft\" src=\"https:\/\/ferpam.widehomolog.biz\/blog\/wp-content\/uploads\/2021\/02\/5952fbdc180c9877c529756bcf3fad791-1-235x300.png\" alt=\"\" width=\"235\" height=\"300\" srcset=\"https:\/\/www.ferpam.com.br\/blog\/wp-content\/uploads\/2021\/02\/5952fbdc180c9877c529756bcf3fad791-1-235x300.png 235w, https:\/\/www.ferpam.com.br\/blog\/wp-content\/uploads\/2021\/02\/5952fbdc180c9877c529756bcf3fad791-1.png 584w\" sizes=\"auto, (max-width: 235px) 100vw, 235px\" \/>Este\u00a0<a href=\"https:\/\/www.ferpam.com.br\/ventilador-de-coluna-preto-50cm-com-grade-aco-bivolt-venti-delta.html\">ventilador, o de coluna<\/a>, \u00e9 muito comum nas casas brasileiras, por ser port\u00e1til, potente e ventilar uma grande \u00e1rea. Ele n\u00e3o precisa estar acomodado sobre mesas, bancadas ou banquetas e por isso \u00e9 muito f\u00e1cil de colocar em qualquer ambiente.<\/p>\n<p style=\"font-weight: 300;\">Os\u00a0<a href=\"https:\/\/www.ferpam.com.br\/ventilador-de-coluna-preto-50cm-com-grade-aco-bivolt-venti-delta.html#&amp;search-term=ventilador%20de%20coluna\">ventiladores de coluna<\/a>\u00a0podem ser usado na sala j\u00e1 pronto para ventilar na altura da sua cama, pode ser posicionado no home office para ventilar certinho a altura da sua cadeira, pode ser levado para \u00e1rea de lazer e churrasco e atender tranquilamente a sua reuni\u00e3o familiar e ainda pode atender \u00e0s visitas que chegarem na sala.<\/p>\n<p style=\"font-weight: 300;\">A \u00fanica desvantagem \u00e9 que eles s\u00e3o ligeiramente mais pesados e se n\u00e3o forem locomovidos de forma adequada pode quebrar a coluna de suporte. Ent\u00e3o s\u00f3 cuidado mesmo ao movimentar este ventilador e ele vai te atender muito bem em toda a casa.<\/p>\n","protected":false},"excerpt":{"rendered":"<p>A not\u00edcia \u00e9 que a energia el\u00e9trica vai voltar a subir o pre\u00e7o e o calor do ver\u00e3o s\u00f3 aumenta. A melhor sa\u00edda \u00e9 apostar em bons ventiladores e assim aliviar o calor em casa. Afinal, um ventilador \u00e9 em m\u00e9dia 75% mais econ\u00f4mico que um ar-condicional. N\u00e3o passe calor na quarentena! Compre um ventilador. &hellip;<\/p>\n","protected":false},"author":4,"featured_media":2077,"comment_status":"open","ping_status":"open","sticky":false,"template":"","format":"standard","meta":{"footnotes":""},"categories":[27],"tags":[213,215,214,218,216,217],"class_list":["post-2071","post","type-post","status-publish","format-standard","has-post-thumbnail","hentry","category-dicas-de-ferramentas","tag-comoescolherventilador","tag-comparacaodeventilador","tag-melhorventilador","tag-ventiladoreconomico","tag-ventiladorparahomeoffice","tag-vetiladornaquarentena"],"yoast_head":"<!-- This site is optimized with the Yoast SEO plugin v15.8 - https:\/\/yoast.com\/wordpress\/plugins\/seo\/ -->\n<title>Ver\u00e3o e Sol: 3 ventiladores para aliviar o calor - Blog Ferpam<\/title>\n<meta name=\"robots\" content=\"index, follow, max-snippet:-1, max-image-preview:large, max-video-preview:-1\" \/>\n<link rel=\"canonical\" href=\"https:\/\/www.ferpam.com.br\/blog\/verao-e-sol-3-ventiladores-para-aliviar-o-calor\/\" \/>\n<meta property=\"og:locale\" content=\"pt_BR\" \/>\n<meta property=\"og:type\" content=\"article\" \/>\n<meta property=\"og:title\" content=\"Ver\u00e3o e Sol: 3 ventiladores para aliviar o calor - Blog Ferpam\" \/>\n<meta property=\"og:description\" content=\"A not\u00edcia \u00e9 que a energia el\u00e9trica vai voltar a subir o pre\u00e7o e o calor do ver\u00e3o s\u00f3 aumenta. A melhor sa\u00edda \u00e9 apostar em bons ventiladores e assim aliviar o calor em casa. Afinal, um ventilador \u00e9 em m\u00e9dia 75% mais econ\u00f4mico que um ar-condicional. N\u00e3o passe calor na quarentena! Compre um ventilador. &hellip;\" \/>\n<meta property=\"og:url\" content=\"https:\/\/www.ferpam.com.br\/blog\/verao-e-sol-3-ventiladores-para-aliviar-o-calor\/\" \/>\n<meta property=\"og:site_name\" content=\"Blog Ferpam\" \/>\n<meta property=\"article:published_time\" content=\"2020-07-17T17:32:43+00:00\" \/>\n<meta property=\"article:modified_time\" content=\"2021-02-19T14:51:07+00:00\" \/>\n<meta property=\"og:image\" content=\"https:\/\/www.ferpam.com.br\/blog\/wp-content\/uploads\/2021\/02\/1d67a04f926ea5f21ba005278fa85bb71.jpeg\" \/>\n\t<meta property=\"og:image:width\" content=\"968\" \/>\n\t<meta property=\"og:image:height\" content=\"584\" \/>\n<meta name=\"twitter:card\" content=\"summary_large_image\" \/>\n<meta name=\"twitter:label1\" content=\"Est. reading time\">\n\t<meta name=\"twitter:data1\" content=\"4 minutos\">\n<script type=\"application\/ld+json\" class=\"yoast-schema-graph\">{\"@context\":\"https:\/\/schema.org\",\"@graph\":[{\"@type\":\"Organization\",\"@id\":\"https:\/\/www.ferpam.com.br\/blog\/#organization\",\"name\":\"Ferpam\",\"url\":\"https:\/\/www.ferpam.com.br\/blog\/\",\"sameAs\":[],\"logo\":{\"@type\":\"ImageObject\",\"@id\":\"https:\/\/www.ferpam.com.br\/blog\/#logo\",\"inLanguage\":\"pt-BR\",\"url\":\"https:\/\/www.ferpam.com.br\/blog\/wp-content\/uploads\/2021\/02\/logo-1.png\",\"width\":254,\"height\":89,\"caption\":\"Ferpam\"},\"image\":{\"@id\":\"https:\/\/www.ferpam.com.br\/blog\/#logo\"}},{\"@type\":\"WebSite\",\"@id\":\"https:\/\/www.ferpam.com.br\/blog\/#website\",\"url\":\"https:\/\/www.ferpam.com.br\/blog\/\",\"name\":\"Blog Ferpam\",\"description\":\"Not\\u00edcias da Ferpam\",\"publisher\":{\"@id\":\"https:\/\/www.ferpam.com.br\/blog\/#organization\"},\"potentialAction\":[{\"@type\":\"SearchAction\",\"target\":\"https:\/\/www.ferpam.com.br\/blog\/?s={search_term_string}\",\"query-input\":\"required name=search_term_string\"}],\"inLanguage\":\"pt-BR\"},{\"@type\":\"ImageObject\",\"@id\":\"https:\/\/www.ferpam.com.br\/blog\/verao-e-sol-3-ventiladores-para-aliviar-o-calor\/#primaryimage\",\"inLanguage\":\"pt-BR\",\"url\":\"https:\/\/www.ferpam.com.br\/blog\/wp-content\/uploads\/2021\/02\/1d67a04f926ea5f21ba005278fa85bb71.jpeg\",\"width\":968,\"height\":584},{\"@type\":\"WebPage\",\"@id\":\"https:\/\/www.ferpam.com.br\/blog\/verao-e-sol-3-ventiladores-para-aliviar-o-calor\/#webpage\",\"url\":\"https:\/\/www.ferpam.com.br\/blog\/verao-e-sol-3-ventiladores-para-aliviar-o-calor\/\",\"name\":\"Ver\\u00e3o e Sol: 3 ventiladores para aliviar o calor - Blog Ferpam\",\"isPartOf\":{\"@id\":\"https:\/\/www.ferpam.com.br\/blog\/#website\"},\"primaryImageOfPage\":{\"@id\":\"https:\/\/www.ferpam.com.br\/blog\/verao-e-sol-3-ventiladores-para-aliviar-o-calor\/#primaryimage\"},\"datePublished\":\"2020-07-17T17:32:43+00:00\",\"dateModified\":\"2021-02-19T14:51:07+00:00\",\"breadcrumb\":{\"@id\":\"https:\/\/www.ferpam.com.br\/blog\/verao-e-sol-3-ventiladores-para-aliviar-o-calor\/#breadcrumb\"},\"inLanguage\":\"pt-BR\",\"potentialAction\":[{\"@type\":\"ReadAction\",\"target\":[\"https:\/\/www.ferpam.com.br\/blog\/verao-e-sol-3-ventiladores-para-aliviar-o-calor\/\"]}]},{\"@type\":\"BreadcrumbList\",\"@id\":\"https:\/\/www.ferpam.com.br\/blog\/verao-e-sol-3-ventiladores-para-aliviar-o-calor\/#breadcrumb\",\"itemListElement\":[{\"@type\":\"ListItem\",\"position\":1,\"item\":{\"@type\":\"WebPage\",\"@id\":\"https:\/\/www.ferpam.com.br\/blog\/\",\"url\":\"https:\/\/www.ferpam.com.br\/blog\/\",\"name\":\"In\\u00edcio\"}},{\"@type\":\"ListItem\",\"position\":2,\"item\":{\"@type\":\"WebPage\",\"@id\":\"https:\/\/www.ferpam.com.br\/blog\/verao-e-sol-3-ventiladores-para-aliviar-o-calor\/\",\"url\":\"https:\/\/www.ferpam.com.br\/blog\/verao-e-sol-3-ventiladores-para-aliviar-o-calor\/\",\"name\":\"Ver\\u00e3o e Sol: 3 ventiladores para aliviar o calor\"}}]},{\"@type\":\"Article\",\"@id\":\"https:\/\/www.ferpam.com.br\/blog\/verao-e-sol-3-ventiladores-para-aliviar-o-calor\/#article\",\"isPartOf\":{\"@id\":\"https:\/\/www.ferpam.com.br\/blog\/verao-e-sol-3-ventiladores-para-aliviar-o-calor\/#webpage\"},\"author\":{\"@id\":\"https:\/\/www.ferpam.com.br\/blog\/#\/schema\/person\/17c24d0d22dd830e306685f9b94ec5e7\"},\"headline\":\"Ver\\u00e3o e Sol: 3 ventiladores para aliviar o calor\",\"datePublished\":\"2020-07-17T17:32:43+00:00\",\"dateModified\":\"2021-02-19T14:51:07+00:00\",\"mainEntityOfPage\":{\"@id\":\"https:\/\/www.ferpam.com.br\/blog\/verao-e-sol-3-ventiladores-para-aliviar-o-calor\/#webpage\"},\"commentCount\":0,\"publisher\":{\"@id\":\"https:\/\/www.ferpam.com.br\/blog\/#organization\"},\"image\":{\"@id\":\"https:\/\/www.ferpam.com.br\/blog\/verao-e-sol-3-ventiladores-para-aliviar-o-calor\/#primaryimage\"},\"keywords\":\"comoescolherventilador,compara\\u00e7aodeventilador,melhorventilador,ventiladoreconomico,ventiladorparahomeoffice,vetiladornaquarentena\",\"articleSection\":\"Dicas de ferramentas\",\"inLanguage\":\"pt-BR\",\"potentialAction\":[{\"@type\":\"CommentAction\",\"name\":\"Comment\",\"target\":[\"https:\/\/www.ferpam.com.br\/blog\/verao-e-sol-3-ventiladores-para-aliviar-o-calor\/#respond\"]}]},{\"@type\":\"Person\",\"@id\":\"https:\/\/www.ferpam.com.br\/blog\/#\/schema\/person\/17c24d0d22dd830e306685f9b94ec5e7\",\"name\":\"Ferpam Blog\",\"image\":{\"@type\":\"ImageObject\",\"@id\":\"https:\/\/www.ferpam.com.br\/blog\/#personlogo\",\"inLanguage\":\"pt-BR\",\"url\":\"https:\/\/secure.gravatar.com\/avatar\/cabb3a541ec0d8bedb85a519259a466229f358a62b34ef4b29cb8d6884944a6c?s=96&d=mm&r=g\",\"caption\":\"Ferpam Blog\"},\"sameAs\":[\"http:\/\/www.ferpam.com.br\"]}]}<\/script>\n<!-- \/ Yoast SEO plugin. -->","_links":{"self":[{"href":"https:\/\/www.ferpam.com.br\/blog\/wp-json\/wp\/v2\/posts\/2071","targetHints":{"allow":["GET"]}}],"collection":[{"href":"https:\/\/www.ferpam.com.br\/blog\/wp-json\/wp\/v2\/posts"}],"about":[{"href":"https:\/\/www.ferpam.com.br\/blog\/wp-json\/wp\/v2\/types\/post"}],"author":[{"embeddable":true,"href":"https:\/\/www.ferpam.com.br\/blog\/wp-json\/wp\/v2\/users\/4"}],"replies":[{"embeddable":true,"href":"https:\/\/www.ferpam.com.br\/blog\/wp-json\/wp\/v2\/comments?post=2071"}],"version-history":[{"count":1,"href":"https:\/\/www.ferpam.com.br\/blog\/wp-json\/wp\/v2\/posts\/2071\/revisions"}],"predecessor-version":[{"id":2078,"href":"https:\/\/www.ferpam.com.br\/blog\/wp-json\/wp\/v2\/posts\/2071\/revisions\/2078"}],"wp:featuredmedia":[{"embeddable":true,"href":"https:\/\/www.ferpam.com.br\/blog\/wp-json\/wp\/v2\/media\/2077"}],"wp:attachment":[{"href":"https:\/\/www.ferpam.com.br\/blog\/wp-json\/wp\/v2\/media?parent=2071"}],"wp:term":[{"taxonomy":"category","embeddable":true,"href":"https:\/\/www.ferpam.com.br\/blog\/wp-json\/wp\/v2\/categories?post=2071"},{"taxonomy":"post_tag","embeddable":true,"href":"https:\/\/www.ferpam.com.br\/blog\/wp-json\/wp\/v2\/tags?post=2071"}],"curies":[{"name":"wp","href":"https:\/\/api.w.org\/{rel}","templated":true}]}}