{"id":2079,"date":"2020-07-27T15:26:44","date_gmt":"2020-07-27T15:26:44","guid":{"rendered":"https:\/\/ferpam.widehomolog.biz\/blog\/?p=2079"},"modified":"2021-02-19T14:53:31","modified_gmt":"2021-02-19T14:53:31","slug":"%e2%80%8bhorta-em-casa-projeto-para-as-ferias","status":"publish","type":"post","link":"https:\/\/www.ferpam.com.br\/blog\/%e2%80%8bhorta-em-casa-projeto-para-as-ferias\/","title":{"rendered":"\u200bHorta em casa: Projeto para as f\u00e9rias"},"content":{"rendered":"<p style=\"font-weight: 300;\">O sonho da horta pr\u00f3pria todo mundo tem ou j\u00e1 teve um dia. Sabe por onde come\u00e7ar? Este blog \u00e9 para voc\u00ea que n\u00e3o tem paci\u00eancia de plantar, cuidar e manter uma horta. Nossa ideia \u00e9 trazer este projeto para suas f\u00e9rias e envolver as crian\u00e7as no cuidado da horta.<\/p>\n<p style=\"font-weight: 300;\">Primeiro lance a ideia de plantar uma horta em casa, envolva a crian\u00e7a e os adolescentes nos diversos tipos de processos da constru\u00e7\u00e3o da horta em casa. N\u00e3o compre tudo pronto! N\u00e3o facilite, mas flores\u00e7a a criatividade.<\/p>\n<h3>\nPasso 1: Juntar sementes e ra\u00edzes de alimentos utilizados em casa.<\/h3>\n<p style=\"font-weight: 300;\">&#8211; Tomate (Colocar para germinar por 7 dias antes de plantar)<\/p>\n<p style=\"font-weight: 300;\">&#8211; Piment\u00e3o (Colocar para secar por 5 dias)<\/p>\n<p style=\"font-weight: 300;\">&#8211; Cebola (Observar as germinadas e separar para plantar)<\/p>\n<p style=\"font-weight: 300;\">&#8211; Alface (Germinar sementes por 15 dias ou colocar o miolo da alface por 7 dias na \u00e1gua\/terra)<\/p>\n<p style=\"font-weight: 300;\">&#8211; R\u00facula (Coletar as ra\u00edzes e colocar na \u00e1gua)<\/p>\n<p style=\"font-weight: 300;\">&#8211; Coentro (compre o coentro hidrop\u00f4nico e corte o talo em 4 dedos acima da raiz e replante)<\/p>\n<p style=\"font-weight: 300;\">&#8211; Cebolinha &#8211; (corte o talo em 4 dedos acima da raiz e replante)<\/p>\n<p style=\"font-weight: 300;\">Estes s\u00e3o exemplos para envolver as crian\u00e7as no plantio de horta. Em casos de mais pressa para colher o ideal \u00e9 ir comprar mudinhas prontas.<\/p>\n<h3>Passo 2: Preparar a terra para as plantinhas.<\/h3>\n<p style=\"font-weight: 300;\">Estude um pouco com as crian\u00e7as, d\u00ea como tarefa para elas pesquisar na internet sobre o solo ideal para cada hortali\u00e7a ou verdura que voc\u00eas ir\u00e3o plantar. Planeje a compra dos tipos de terra para cada planta, adubos e fertilizantes. Isso ir\u00e1 potencializar o crescimento da sua horta e desta forma voc\u00ea vai colher mais r\u00e1pido.<\/p>\n<p style=\"font-weight: 300;\">&#8211; Compre terra em floriculturas ou busque terra boa em alguma fazenda.<\/p>\n<p style=\"font-weight: 300;\">&#8211; Compre o adubo ou fa\u00e7a voc\u00ea mesmo com elementos naturais como esterco de vaca, farinha da casca de ovo e etc. Fa\u00e7a tamb\u00e9m adubo l\u00edquido, que \u00e9 bem mais f\u00e1cil, pois ele serve para regar as plantas. (Pegue restos de alface e deixe na \u00e1gua por 4 dias em recipiente fechado)<\/p>\n<p style=\"font-weight: 300;\">&#8211; Compre areia ou busque gr\u00e1tis em algum lugar, use-a para deixar a terra dos vasos um pouco mais leve.<\/p>\n<h3>Passo 3: Prepare o local da horta, em vasos ou no ch\u00e3o do quintal.<\/h3>\n<p style=\"font-weight: 300;\">No caso, voc\u00ea tem que pensar na forma mais f\u00e1cil para voc\u00ea e seus filhos cuidarem.<\/p>\n<p style=\"font-weight: 300;\">Lembre-se que plantar direto no ch\u00e3o tem a desvantagem de deixar a horta mais exposta a animais como (formigas, insetos e caramujos).<\/p>\n<p style=\"font-weight: 300;\">Se for utilizar vasos, use brita no fundo, areia fina em cima da brita, adubo e terra misturados.<\/p>\n<h4>Passo 4: Ferramentas em m\u00e3os<\/h4>\n<p style=\"font-weight: 300;\">Ter as ferramentas ir\u00e1 motivar as crian\u00e7as a fazerem o projeto com mais seguran\u00e7a e vai anim\u00e1-los a participar. Voc\u00ea pode sim improvisar para economizar. Mas, se quiser ter tudo correto invista em: pazinha, rastelinho, kits para jardinagem, regadores e etc.<\/p>\n<h3>Passo 5: M\u00e3o na massa!<\/h3>\n<p style=\"font-weight: 300;\">Este \u00e9 o momento de colocar a m\u00e3o na massa e adicionar as mudas e sementes germinadas \u00e0 terra preparada e misturada com outros insumos.<\/p>\n<p style=\"font-weight: 300;\">Regar todos os dias de forma suave com borrifador de \u00e1gua e aguardar o sucesso do projeto.<\/p>\n","protected":false},"excerpt":{"rendered":"<p>O sonho da horta pr\u00f3pria todo mundo tem ou j\u00e1 teve um dia. Sabe por onde come\u00e7ar? Este blog \u00e9 para voc\u00ea que n\u00e3o tem paci\u00eancia de plantar, cuidar e manter uma horta. Nossa ideia \u00e9 trazer este projeto para suas f\u00e9rias e envolver as crian\u00e7as no cuidado da horta. Primeiro lance a ideia de &hellip;<\/p>\n","protected":false},"author":4,"featured_media":2080,"comment_status":"open","ping_status":"open","sticky":false,"template":"","format":"standard","meta":{"footnotes":""},"categories":[1],"tags":[210,212,211],"class_list":["post-2079","post","type-post","status-publish","format-standard","has-post-thumbnail","hentry","category-sem-categoria","tag-comofazerpequenahortaemcasa","tag-hortaemcasa","tag-projetodehortaemcasa"],"yoast_head":"<!-- This site is optimized with the Yoast SEO plugin v15.8 - https:\/\/yoast.com\/wordpress\/plugins\/seo\/ -->\n<title>\u200bHorta em casa: Projeto para as f\u00e9rias - Blog Ferpam<\/title>\n<meta name=\"robots\" content=\"index, follow, max-snippet:-1, max-image-preview:large, max-video-preview:-1\" \/>\n<link rel=\"canonical\" href=\"https:\/\/www.ferpam.com.br\/blog\/\u200bhorta-em-casa-projeto-para-as-ferias\/\" \/>\n<meta property=\"og:locale\" content=\"pt_BR\" \/>\n<meta property=\"og:type\" content=\"article\" \/>\n<meta property=\"og:title\" content=\"\u200bHorta em casa: Projeto para as f\u00e9rias - Blog Ferpam\" \/>\n<meta property=\"og:description\" content=\"O sonho da horta pr\u00f3pria todo mundo tem ou j\u00e1 teve um dia. Sabe por onde come\u00e7ar? Este blog \u00e9 para voc\u00ea que n\u00e3o tem paci\u00eancia de plantar, cuidar e manter uma horta. Nossa ideia \u00e9 trazer este projeto para suas f\u00e9rias e envolver as crian\u00e7as no cuidado da horta. Primeiro lance a ideia de &hellip;\" \/>\n<meta property=\"og:url\" content=\"https:\/\/www.ferpam.com.br\/blog\/\u200bhorta-em-casa-projeto-para-as-ferias\/\" \/>\n<meta property=\"og:site_name\" content=\"Blog Ferpam\" \/>\n<meta property=\"article:published_time\" content=\"2020-07-27T15:26:44+00:00\" \/>\n<meta property=\"article:modified_time\" content=\"2021-02-19T14:53:31+00:00\" \/>\n<meta property=\"og:image\" content=\"https:\/\/www.ferpam.com.br\/blog\/wp-content\/uploads\/2021\/02\/75abcea1d886d45bdf70ac19d5a93a351.jpeg\" \/>\n\t<meta property=\"og:image:width\" content=\"968\" \/>\n\t<meta property=\"og:image:height\" content=\"584\" \/>\n<meta name=\"twitter:card\" content=\"summary_large_image\" \/>\n<meta name=\"twitter:label1\" content=\"Est. reading time\">\n\t<meta name=\"twitter:data1\" content=\"3 minutos\">\n<script type=\"application\/ld+json\" class=\"yoast-schema-graph\">{\"@context\":\"https:\/\/schema.org\",\"@graph\":[{\"@type\":\"Organization\",\"@id\":\"https:\/\/www.ferpam.com.br\/blog\/#organization\",\"name\":\"Ferpam\",\"url\":\"https:\/\/www.ferpam.com.br\/blog\/\",\"sameAs\":[],\"logo\":{\"@type\":\"ImageObject\",\"@id\":\"https:\/\/www.ferpam.com.br\/blog\/#logo\",\"inLanguage\":\"pt-BR\",\"url\":\"https:\/\/www.ferpam.com.br\/blog\/wp-content\/uploads\/2021\/02\/logo-1.png\",\"width\":254,\"height\":89,\"caption\":\"Ferpam\"},\"image\":{\"@id\":\"https:\/\/www.ferpam.com.br\/blog\/#logo\"}},{\"@type\":\"WebSite\",\"@id\":\"https:\/\/www.ferpam.com.br\/blog\/#website\",\"url\":\"https:\/\/www.ferpam.com.br\/blog\/\",\"name\":\"Blog Ferpam\",\"description\":\"Not\\u00edcias da Ferpam\",\"publisher\":{\"@id\":\"https:\/\/www.ferpam.com.br\/blog\/#organization\"},\"potentialAction\":[{\"@type\":\"SearchAction\",\"target\":\"https:\/\/www.ferpam.com.br\/blog\/?s={search_term_string}\",\"query-input\":\"required name=search_term_string\"}],\"inLanguage\":\"pt-BR\"},{\"@type\":\"ImageObject\",\"@id\":\"https:\/\/www.ferpam.com.br\/blog\/%e2%80%8bhorta-em-casa-projeto-para-as-ferias\/#primaryimage\",\"inLanguage\":\"pt-BR\",\"url\":\"https:\/\/www.ferpam.com.br\/blog\/wp-content\/uploads\/2021\/02\/75abcea1d886d45bdf70ac19d5a93a351.jpeg\",\"width\":968,\"height\":584},{\"@type\":\"WebPage\",\"@id\":\"https:\/\/www.ferpam.com.br\/blog\/%e2%80%8bhorta-em-casa-projeto-para-as-ferias\/#webpage\",\"url\":\"https:\/\/www.ferpam.com.br\/blog\/%e2%80%8bhorta-em-casa-projeto-para-as-ferias\/\",\"name\":\"\\u200bHorta em casa: Projeto para as f\\u00e9rias - Blog Ferpam\",\"isPartOf\":{\"@id\":\"https:\/\/www.ferpam.com.br\/blog\/#website\"},\"primaryImageOfPage\":{\"@id\":\"https:\/\/www.ferpam.com.br\/blog\/%e2%80%8bhorta-em-casa-projeto-para-as-ferias\/#primaryimage\"},\"datePublished\":\"2020-07-27T15:26:44+00:00\",\"dateModified\":\"2021-02-19T14:53:31+00:00\",\"breadcrumb\":{\"@id\":\"https:\/\/www.ferpam.com.br\/blog\/%e2%80%8bhorta-em-casa-projeto-para-as-ferias\/#breadcrumb\"},\"inLanguage\":\"pt-BR\",\"potentialAction\":[{\"@type\":\"ReadAction\",\"target\":[\"https:\/\/www.ferpam.com.br\/blog\/%e2%80%8bhorta-em-casa-projeto-para-as-ferias\/\"]}]},{\"@type\":\"BreadcrumbList\",\"@id\":\"https:\/\/www.ferpam.com.br\/blog\/%e2%80%8bhorta-em-casa-projeto-para-as-ferias\/#breadcrumb\",\"itemListElement\":[{\"@type\":\"ListItem\",\"position\":1,\"item\":{\"@type\":\"WebPage\",\"@id\":\"https:\/\/www.ferpam.com.br\/blog\/\",\"url\":\"https:\/\/www.ferpam.com.br\/blog\/\",\"name\":\"In\\u00edcio\"}},{\"@type\":\"ListItem\",\"position\":2,\"item\":{\"@type\":\"WebPage\",\"@id\":\"https:\/\/www.ferpam.com.br\/blog\/%e2%80%8bhorta-em-casa-projeto-para-as-ferias\/\",\"url\":\"https:\/\/www.ferpam.com.br\/blog\/%e2%80%8bhorta-em-casa-projeto-para-as-ferias\/\",\"name\":\"\\u200bHorta em casa: Projeto para as f\\u00e9rias\"}}]},{\"@type\":\"Article\",\"@id\":\"https:\/\/www.ferpam.com.br\/blog\/%e2%80%8bhorta-em-casa-projeto-para-as-ferias\/#article\",\"isPartOf\":{\"@id\":\"https:\/\/www.ferpam.com.br\/blog\/%e2%80%8bhorta-em-casa-projeto-para-as-ferias\/#webpage\"},\"author\":{\"@id\":\"https:\/\/www.ferpam.com.br\/blog\/#\/schema\/person\/17c24d0d22dd830e306685f9b94ec5e7\"},\"headline\":\"\\u200bHorta em casa: Projeto para as f\\u00e9rias\",\"datePublished\":\"2020-07-27T15:26:44+00:00\",\"dateModified\":\"2021-02-19T14:53:31+00:00\",\"mainEntityOfPage\":{\"@id\":\"https:\/\/www.ferpam.com.br\/blog\/%e2%80%8bhorta-em-casa-projeto-para-as-ferias\/#webpage\"},\"commentCount\":0,\"publisher\":{\"@id\":\"https:\/\/www.ferpam.com.br\/blog\/#organization\"},\"image\":{\"@id\":\"https:\/\/www.ferpam.com.br\/blog\/%e2%80%8bhorta-em-casa-projeto-para-as-ferias\/#primaryimage\"},\"keywords\":\"comofazerpequenahortaemcasa,hortaemcasa,projetodehortaemcasa\",\"inLanguage\":\"pt-BR\",\"potentialAction\":[{\"@type\":\"CommentAction\",\"name\":\"Comment\",\"target\":[\"https:\/\/www.ferpam.com.br\/blog\/%e2%80%8bhorta-em-casa-projeto-para-as-ferias\/#respond\"]}]},{\"@type\":\"Person\",\"@id\":\"https:\/\/www.ferpam.com.br\/blog\/#\/schema\/person\/17c24d0d22dd830e306685f9b94ec5e7\",\"name\":\"Ferpam Blog\",\"image\":{\"@type\":\"ImageObject\",\"@id\":\"https:\/\/www.ferpam.com.br\/blog\/#personlogo\",\"inLanguage\":\"pt-BR\",\"url\":\"https:\/\/secure.gravatar.com\/avatar\/cabb3a541ec0d8bedb85a519259a466229f358a62b34ef4b29cb8d6884944a6c?s=96&d=mm&r=g\",\"caption\":\"Ferpam Blog\"},\"sameAs\":[\"http:\/\/www.ferpam.com.br\"]}]}<\/script>\n<!-- \/ Yoast SEO plugin. -->","_links":{"self":[{"href":"https:\/\/www.ferpam.com.br\/blog\/wp-json\/wp\/v2\/posts\/2079","targetHints":{"allow":["GET"]}}],"collection":[{"href":"https:\/\/www.ferpam.com.br\/blog\/wp-json\/wp\/v2\/posts"}],"about":[{"href":"https:\/\/www.ferpam.com.br\/blog\/wp-json\/wp\/v2\/types\/post"}],"author":[{"embeddable":true,"href":"https:\/\/www.ferpam.com.br\/blog\/wp-json\/wp\/v2\/users\/4"}],"replies":[{"embeddable":true,"href":"https:\/\/www.ferpam.com.br\/blog\/wp-json\/wp\/v2\/comments?post=2079"}],"version-history":[{"count":1,"href":"https:\/\/www.ferpam.com.br\/blog\/wp-json\/wp\/v2\/posts\/2079\/revisions"}],"predecessor-version":[{"id":2081,"href":"https:\/\/www.ferpam.com.br\/blog\/wp-json\/wp\/v2\/posts\/2079\/revisions\/2081"}],"wp:featuredmedia":[{"embeddable":true,"href":"https:\/\/www.ferpam.com.br\/blog\/wp-json\/wp\/v2\/media\/2080"}],"wp:attachment":[{"href":"https:\/\/www.ferpam.com.br\/blog\/wp-json\/wp\/v2\/media?parent=2079"}],"wp:term":[{"taxonomy":"category","embeddable":true,"href":"https:\/\/www.ferpam.com.br\/blog\/wp-json\/wp\/v2\/categories?post=2079"},{"taxonomy":"post_tag","embeddable":true,"href":"https:\/\/www.ferpam.com.br\/blog\/wp-json\/wp\/v2\/tags?post=2079"}],"curies":[{"name":"wp","href":"https:\/\/api.w.org\/{rel}","templated":true}]}}