{"id":2082,"date":"2020-07-20T08:42:06","date_gmt":"2020-07-20T08:42:06","guid":{"rendered":"https:\/\/ferpam.widehomolog.biz\/blog\/?p=2082"},"modified":"2021-02-19T14:55:59","modified_gmt":"2021-02-19T14:55:59","slug":"dia-de-protecao-as-florestas-periodo-de-queimada-chegando","status":"publish","type":"post","link":"https:\/\/www.ferpam.com.br\/blog\/dia-de-protecao-as-florestas-periodo-de-queimada-chegando\/","title":{"rendered":"Dia de Prote\u00e7\u00e3o \u00e0s florestas: Per\u00edodo de queimada chegando"},"content":{"rendered":"<p style=\"font-weight: 300;\">Em 17 de julho, o Brasil celebra um dia importante para prote\u00e7\u00e3o das florestas. No nosso estado conhecemos os meses de julho, agosto e setembro como meses de intensas queimadas. E por isso, n\u00f3s da Ferpam levantamos aqui este alerta! Conscientizar e prevenir \u00e9 sempre a melhor op\u00e7\u00e3o. Veja abaixo algumas dicas!<\/p>\n<h3>Evite as seguintes a\u00e7\u00f5es e projeta as florestas:<\/h3>\n<p style=\"font-weight: 300;\">N\u00e3o coloque fogo propositalmente nas florestas ou matas;<\/p>\n<p style=\"font-weight: 300;\">Cuide para n\u00e3o jogar cigarros acesos em beira de estrada<\/p>\n<p style=\"font-weight: 300;\">Evite descartar objetos em combust\u00e3o em qualquer \u00e1rea verde<\/p>\n<p style=\"font-weight: 300;\">Compartilhe esses lembretes de preven\u00e7\u00e3o a queimadas com o m\u00e1ximo de amigos e<\/p>\n<p style=\"font-weight: 300;\">ajude a promover a prote\u00e7\u00e3o das florestas.<\/p>\n<p style=\"font-weight: 300;\">Redobre os cuidados, em breve chegamos ao per\u00edodo de \u00e1pice de queimadas. N\u00e3o custa lembrar que tais atitudes s\u00e3o danosas para as flores e para o ser humano. Em temos de pandemia de SARS COV2 (Coronav\u00edrus causador da COVID-19) que atinge principalmente as vias respirat\u00f3rias.<\/p>\n<p style=\"font-weight: 300;\">N\u00e3o custa lembrar que o fogo, as fuma\u00e7as causam eleva\u00e7\u00e3o na quantidade de doen\u00e7as respirat\u00f3rias. Pois a fuma\u00e7a proveniente das queimadas cont\u00e9m diversos elementos que podem ser t\u00f3xicos e este material podem percorrer todo o sistema respirat\u00f3rio e atingindo os alv\u00e9olos pulmonares, e at\u00e9 chegar \u00e0 corrente sangu\u00ednea.<\/p>\n<p style=\"font-weight: 300;\">N\u00e3o provoque calamidades por causa de uma mera queimada! Hoje mais do que nunca, as pessoas precisam respirar sem medo. Previna-se de inc\u00eandios!<\/p>\n<h3>Um pedido especial de cuidado:<\/h3>\n<p style=\"font-weight: 300;\">Aos amigos Fazendeiros da Ferpam, n\u00f3s indicamos o dobro de cuidado com suas propriedades para evitar os inc\u00eandios! Sabemos que as causas dos inc\u00eandios florestais s\u00e3o diversas, mas existe aquela parcela de fogo que \u00e9 causada na tentativa de fazer a queimada de pastos.<\/p>\n<p style=\"font-weight: 300;\">Por isso, alertamos para a necessidade de ter uma equipe de combate a inc\u00eandios preparada nas fazendas. Estejam devidamente equipados com ferramentas que facilitem o combate a chamas como:\u00a0<a href=\"https:\/\/www.ferpam.com.br\/pulverizador-bomba-costal-anti-incendio-20l-s4-guarany.html\">Bombas Costais anti-inc\u00eandio<\/a>, mochilas anti-inc\u00eandios e etc.<\/p>\n<p style=\"font-weight: 300;\">Aten\u00e7\u00e3o! Se sua propriedade for grande os cuidados devem ser dobrados. Por isso, \u00e9 fundamental ter uma ferramenta motorizada que tenha a\u00e7\u00e3o mais abrangente poss\u00edvel. Como os Pulverizados\/Atomizadores motorizados com o\u00a0<a href=\"https:\/\/www.ferpam.com.br\/pulverizador-costal-motoriza-sr420-stihl.html\">SR 420 STIHL<\/a>\u00a0e o\u00a0<a href=\"https:\/\/www.ferpam.com.br\/pulverizador-costal-motoriza-sr450-stihl.html\">SR450 STIHL<\/a>, estas ferramentas, al\u00e9m de serem excelentes para pulveriza\u00e7\u00e3o de produtos e insumos na agricultura, podem ser auxiliar na pulveriza\u00e7\u00e3o de \u00e1gua em combate a inc\u00eandio.<\/p>\n<h3>Os inc\u00eandios florestais podem ser causados por:<\/h3>\n<p style=\"font-weight: 300;\">\u2013 Causas naturais: raios, rea\u00e7\u00f5es fermentativas exot\u00e9rmicas, concentra\u00e7\u00e3o de raios solares em quartzo ou cacos de vidros, entre outras poss\u00edveis causas.<\/p>\n<p style=\"font-weight: 300;\">\u2013 Descuido humano ao fazer pequenas fogueiras, feitas em acampamentos;<\/p>\n<p style=\"font-weight: 300;\">\u2013 Fagulhas provenientes de maquinas consumidoras de carv\u00e3o ou lenha, como locomotivas, por exemplo;<\/p>\n<p style=\"font-weight: 300;\">\u2013 Descontrole de queimadas de pastos, realizadas visando a renova\u00e7\u00e3o ou recupera\u00e7\u00e3o da pastagem, fazendo assim, a elimina\u00e7\u00e3o de plantas invasoras e a \u201cadi\u00e7\u00e3o de nutrientes\u201d ao solo, oriundos do material vegetal queimado.<\/p>\n<p style=\"font-weight: 300;\">\u2013 Incendi\u00e1rios criminosos, por vingan\u00e7a, ou para culpar pessoas.<\/p>\n","protected":false},"excerpt":{"rendered":"<p>Em 17 de julho, o Brasil celebra um dia importante para prote\u00e7\u00e3o das florestas. No nosso estado conhecemos os meses de julho, agosto e setembro como meses de intensas queimadas. E por isso, n\u00f3s da Ferpam levantamos aqui este alerta! Conscientizar e prevenir \u00e9 sempre a melhor op\u00e7\u00e3o. Veja abaixo algumas dicas! Evite as seguintes &hellip;<\/p>\n","protected":false},"author":4,"featured_media":2083,"comment_status":"open","ping_status":"open","sticky":false,"template":"","format":"standard","meta":{"footnotes":""},"categories":[1],"tags":[208,209],"class_list":["post-2082","post","type-post","status-publish","format-standard","has-post-thumbnail","hentry","category-sem-categoria","tag-diadafloresta","tag-prevencaoincendios"],"yoast_head":"<!-- This site is optimized with the Yoast SEO plugin v15.8 - https:\/\/yoast.com\/wordpress\/plugins\/seo\/ -->\n<title>Dia de Prote\u00e7\u00e3o \u00e0s florestas: Per\u00edodo de queimada chegando - Blog Ferpam<\/title>\n<meta name=\"robots\" content=\"index, follow, max-snippet:-1, max-image-preview:large, max-video-preview:-1\" \/>\n<link rel=\"canonical\" href=\"https:\/\/www.ferpam.com.br\/blog\/dia-de-protecao-as-florestas-periodo-de-queimada-chegando\/\" \/>\n<meta property=\"og:locale\" content=\"pt_BR\" \/>\n<meta property=\"og:type\" content=\"article\" \/>\n<meta property=\"og:title\" content=\"Dia de Prote\u00e7\u00e3o \u00e0s florestas: Per\u00edodo de queimada chegando - Blog Ferpam\" \/>\n<meta property=\"og:description\" content=\"Em 17 de julho, o Brasil celebra um dia importante para prote\u00e7\u00e3o das florestas. No nosso estado conhecemos os meses de julho, agosto e setembro como meses de intensas queimadas. E por isso, n\u00f3s da Ferpam levantamos aqui este alerta! Conscientizar e prevenir \u00e9 sempre a melhor op\u00e7\u00e3o. Veja abaixo algumas dicas! Evite as seguintes &hellip;\" \/>\n<meta property=\"og:url\" content=\"https:\/\/www.ferpam.com.br\/blog\/dia-de-protecao-as-florestas-periodo-de-queimada-chegando\/\" \/>\n<meta property=\"og:site_name\" content=\"Blog Ferpam\" \/>\n<meta property=\"article:published_time\" content=\"2020-07-20T08:42:06+00:00\" \/>\n<meta property=\"article:modified_time\" content=\"2021-02-19T14:55:59+00:00\" \/>\n<meta property=\"og:image\" content=\"https:\/\/www.ferpam.com.br\/blog\/wp-content\/uploads\/2021\/02\/db67ea80cba3706968c9c8ccb3f472cd1.png\" \/>\n\t<meta property=\"og:image:width\" content=\"968\" \/>\n\t<meta property=\"og:image:height\" content=\"584\" \/>\n<meta name=\"twitter:card\" content=\"summary_large_image\" \/>\n<meta name=\"twitter:label1\" content=\"Est. reading time\">\n\t<meta name=\"twitter:data1\" content=\"3 minutos\">\n<script type=\"application\/ld+json\" class=\"yoast-schema-graph\">{\"@context\":\"https:\/\/schema.org\",\"@graph\":[{\"@type\":\"Organization\",\"@id\":\"https:\/\/www.ferpam.com.br\/blog\/#organization\",\"name\":\"Ferpam\",\"url\":\"https:\/\/www.ferpam.com.br\/blog\/\",\"sameAs\":[],\"logo\":{\"@type\":\"ImageObject\",\"@id\":\"https:\/\/www.ferpam.com.br\/blog\/#logo\",\"inLanguage\":\"pt-BR\",\"url\":\"https:\/\/www.ferpam.com.br\/blog\/wp-content\/uploads\/2021\/02\/logo-1.png\",\"width\":254,\"height\":89,\"caption\":\"Ferpam\"},\"image\":{\"@id\":\"https:\/\/www.ferpam.com.br\/blog\/#logo\"}},{\"@type\":\"WebSite\",\"@id\":\"https:\/\/www.ferpam.com.br\/blog\/#website\",\"url\":\"https:\/\/www.ferpam.com.br\/blog\/\",\"name\":\"Blog Ferpam\",\"description\":\"Not\\u00edcias da Ferpam\",\"publisher\":{\"@id\":\"https:\/\/www.ferpam.com.br\/blog\/#organization\"},\"potentialAction\":[{\"@type\":\"SearchAction\",\"target\":\"https:\/\/www.ferpam.com.br\/blog\/?s={search_term_string}\",\"query-input\":\"required name=search_term_string\"}],\"inLanguage\":\"pt-BR\"},{\"@type\":\"ImageObject\",\"@id\":\"https:\/\/www.ferpam.com.br\/blog\/dia-de-protecao-as-florestas-periodo-de-queimada-chegando\/#primaryimage\",\"inLanguage\":\"pt-BR\",\"url\":\"https:\/\/www.ferpam.com.br\/blog\/wp-content\/uploads\/2021\/02\/db67ea80cba3706968c9c8ccb3f472cd1.png\",\"width\":968,\"height\":584},{\"@type\":\"WebPage\",\"@id\":\"https:\/\/www.ferpam.com.br\/blog\/dia-de-protecao-as-florestas-periodo-de-queimada-chegando\/#webpage\",\"url\":\"https:\/\/www.ferpam.com.br\/blog\/dia-de-protecao-as-florestas-periodo-de-queimada-chegando\/\",\"name\":\"Dia de Prote\\u00e7\\u00e3o \\u00e0s florestas: Per\\u00edodo de queimada chegando - Blog Ferpam\",\"isPartOf\":{\"@id\":\"https:\/\/www.ferpam.com.br\/blog\/#website\"},\"primaryImageOfPage\":{\"@id\":\"https:\/\/www.ferpam.com.br\/blog\/dia-de-protecao-as-florestas-periodo-de-queimada-chegando\/#primaryimage\"},\"datePublished\":\"2020-07-20T08:42:06+00:00\",\"dateModified\":\"2021-02-19T14:55:59+00:00\",\"breadcrumb\":{\"@id\":\"https:\/\/www.ferpam.com.br\/blog\/dia-de-protecao-as-florestas-periodo-de-queimada-chegando\/#breadcrumb\"},\"inLanguage\":\"pt-BR\",\"potentialAction\":[{\"@type\":\"ReadAction\",\"target\":[\"https:\/\/www.ferpam.com.br\/blog\/dia-de-protecao-as-florestas-periodo-de-queimada-chegando\/\"]}]},{\"@type\":\"BreadcrumbList\",\"@id\":\"https:\/\/www.ferpam.com.br\/blog\/dia-de-protecao-as-florestas-periodo-de-queimada-chegando\/#breadcrumb\",\"itemListElement\":[{\"@type\":\"ListItem\",\"position\":1,\"item\":{\"@type\":\"WebPage\",\"@id\":\"https:\/\/www.ferpam.com.br\/blog\/\",\"url\":\"https:\/\/www.ferpam.com.br\/blog\/\",\"name\":\"In\\u00edcio\"}},{\"@type\":\"ListItem\",\"position\":2,\"item\":{\"@type\":\"WebPage\",\"@id\":\"https:\/\/www.ferpam.com.br\/blog\/dia-de-protecao-as-florestas-periodo-de-queimada-chegando\/\",\"url\":\"https:\/\/www.ferpam.com.br\/blog\/dia-de-protecao-as-florestas-periodo-de-queimada-chegando\/\",\"name\":\"Dia de Prote\\u00e7\\u00e3o \\u00e0s florestas: Per\\u00edodo de queimada chegando\"}}]},{\"@type\":\"Article\",\"@id\":\"https:\/\/www.ferpam.com.br\/blog\/dia-de-protecao-as-florestas-periodo-de-queimada-chegando\/#article\",\"isPartOf\":{\"@id\":\"https:\/\/www.ferpam.com.br\/blog\/dia-de-protecao-as-florestas-periodo-de-queimada-chegando\/#webpage\"},\"author\":{\"@id\":\"https:\/\/www.ferpam.com.br\/blog\/#\/schema\/person\/17c24d0d22dd830e306685f9b94ec5e7\"},\"headline\":\"Dia de Prote\\u00e7\\u00e3o \\u00e0s florestas: Per\\u00edodo de queimada chegando\",\"datePublished\":\"2020-07-20T08:42:06+00:00\",\"dateModified\":\"2021-02-19T14:55:59+00:00\",\"mainEntityOfPage\":{\"@id\":\"https:\/\/www.ferpam.com.br\/blog\/dia-de-protecao-as-florestas-periodo-de-queimada-chegando\/#webpage\"},\"commentCount\":0,\"publisher\":{\"@id\":\"https:\/\/www.ferpam.com.br\/blog\/#organization\"},\"image\":{\"@id\":\"https:\/\/www.ferpam.com.br\/blog\/dia-de-protecao-as-florestas-periodo-de-queimada-chegando\/#primaryimage\"},\"keywords\":\"diadafloresta,prevencaoincendios\",\"inLanguage\":\"pt-BR\",\"potentialAction\":[{\"@type\":\"CommentAction\",\"name\":\"Comment\",\"target\":[\"https:\/\/www.ferpam.com.br\/blog\/dia-de-protecao-as-florestas-periodo-de-queimada-chegando\/#respond\"]}]},{\"@type\":\"Person\",\"@id\":\"https:\/\/www.ferpam.com.br\/blog\/#\/schema\/person\/17c24d0d22dd830e306685f9b94ec5e7\",\"name\":\"Ferpam Blog\",\"image\":{\"@type\":\"ImageObject\",\"@id\":\"https:\/\/www.ferpam.com.br\/blog\/#personlogo\",\"inLanguage\":\"pt-BR\",\"url\":\"https:\/\/secure.gravatar.com\/avatar\/cabb3a541ec0d8bedb85a519259a466229f358a62b34ef4b29cb8d6884944a6c?s=96&d=mm&r=g\",\"caption\":\"Ferpam Blog\"},\"sameAs\":[\"http:\/\/www.ferpam.com.br\"]}]}<\/script>\n<!-- \/ Yoast SEO plugin. -->","_links":{"self":[{"href":"https:\/\/www.ferpam.com.br\/blog\/wp-json\/wp\/v2\/posts\/2082","targetHints":{"allow":["GET"]}}],"collection":[{"href":"https:\/\/www.ferpam.com.br\/blog\/wp-json\/wp\/v2\/posts"}],"about":[{"href":"https:\/\/www.ferpam.com.br\/blog\/wp-json\/wp\/v2\/types\/post"}],"author":[{"embeddable":true,"href":"https:\/\/www.ferpam.com.br\/blog\/wp-json\/wp\/v2\/users\/4"}],"replies":[{"embeddable":true,"href":"https:\/\/www.ferpam.com.br\/blog\/wp-json\/wp\/v2\/comments?post=2082"}],"version-history":[{"count":1,"href":"https:\/\/www.ferpam.com.br\/blog\/wp-json\/wp\/v2\/posts\/2082\/revisions"}],"predecessor-version":[{"id":2084,"href":"https:\/\/www.ferpam.com.br\/blog\/wp-json\/wp\/v2\/posts\/2082\/revisions\/2084"}],"wp:featuredmedia":[{"embeddable":true,"href":"https:\/\/www.ferpam.com.br\/blog\/wp-json\/wp\/v2\/media\/2083"}],"wp:attachment":[{"href":"https:\/\/www.ferpam.com.br\/blog\/wp-json\/wp\/v2\/media?parent=2082"}],"wp:term":[{"taxonomy":"category","embeddable":true,"href":"https:\/\/www.ferpam.com.br\/blog\/wp-json\/wp\/v2\/categories?post=2082"},{"taxonomy":"post_tag","embeddable":true,"href":"https:\/\/www.ferpam.com.br\/blog\/wp-json\/wp\/v2\/tags?post=2082"}],"curies":[{"name":"wp","href":"https:\/\/api.w.org\/{rel}","templated":true}]}}