{"id":2125,"date":"2021-01-22T07:51:29","date_gmt":"2021-01-22T07:51:29","guid":{"rendered":"https:\/\/ferpam.widehomolog.biz\/blog\/?p=2125"},"modified":"2021-02-19T17:23:48","modified_gmt":"2021-02-19T17:23:48","slug":"vamos-falar-de-protecao-e-mascara","status":"publish","type":"post","link":"https:\/\/www.ferpam.com.br\/blog\/vamos-falar-de-protecao-e-mascara\/","title":{"rendered":"\u200bVamos falar de prote\u00e7\u00e3o e m\u00e1scara?"},"content":{"rendered":"<p>2021 ainda ser\u00e1 um ano desafiador no combate \u00e0 Covid-19. Sobre isso n\u00e3o h\u00e1 d\u00favidas! Neste novo ano devemos continuar a nos proteger com todo cuidado, por isso a utiliza\u00e7\u00e3o de m\u00e1scara de prote\u00e7\u00e3o vai continuar a ser um h\u00e1bito do brasileiro. Confira com a gente 3 m\u00e1scaras PFF2 N95 que podem ser utilizadas por profissionais de sa\u00fade, da ind\u00fastria, da est\u00e9tica e tamb\u00e9m por idosos que queiram se proteger com mais vigor em casos espec\u00edficos.<\/p>\n<p><span class=\"TextRun SCXW239022883 BCX0\" lang=\"PT-BR\" xml:lang=\"PT-BR\" data-contrast=\"auto\" data-verified=\"redactor\" data-redactor-tag=\"span\" data-redactor-class=\"TextRun SCXW239022883 BCX0\"><span class=\"NormalTextRun SCXW239022883 BCX0\" data-verified=\"redactor\" data-redactor-tag=\"span\" data-redactor-class=\"NormalTextRun SCXW239022883 BCX0\">A m\u00e1scara \u00e9 um Equipamento de Prote\u00e7\u00e3o Individual (EPI), que visa a prote\u00e7\u00e3o do usu\u00e1rio contra a inala\u00e7\u00e3o de agentes nocivos \u00e0 sa\u00fade. A Classifica\u00e7\u00e3o<\/span><\/span><span class=\"TextRun SCXW239022883 BCX0\" lang=\"PT-BR\" xml:lang=\"PT-BR\" data-contrast=\"none\" data-verified=\"redactor\" data-redactor-tag=\"span\" data-redactor-class=\"TextRun SCXW239022883 BCX0\"><span class=\"NormalTextRun SCXW239022883 BCX0\" data-verified=\"redactor\" data-redactor-tag=\"span\" data-redactor-class=\"NormalTextRun SCXW239022883 BCX0\"> N95, por exemplo, <\/span><\/span><span class=\"TextRun SCXW239022883 BCX0\" lang=\"PT-BR\" xml:lang=\"PT-BR\" data-contrast=\"auto\" data-verified=\"redactor\" data-redactor-tag=\"span\" data-redactor-class=\"TextRun SCXW239022883 BCX0\"><span class=\"NormalTextRun SCXW239022883 BCX0\" data-verified=\"redactor\" data-redactor-tag=\"span\" data-redactor-class=\"NormalTextRun SCXW239022883 BCX0\">refere-se a uma classifica\u00e7\u00e3o de filtro para aeross\u00f3is adotada nos EUA e equivale, no Brasil, \u00e0 PFF2. <\/span><\/span> Lembramos que <span class=\"TextRun SCXW112572152 BCX0\" lang=\"PT-BR\" xml:lang=\"PT-BR\" data-contrast=\"auto\" data-verified=\"redactor\" data-redactor-tag=\"span\" data-redactor-class=\"TextRun SCXW112572152 BCX0\"><span class=\"NormalTextRun SCXW112572152 BCX0\" data-verified=\"redactor\" data-redactor-tag=\"span\" data-redactor-class=\"NormalTextRun SCXW112572152 BCX0\">A m\u00e1scara \u00e9 obriga\u00e7\u00e3o do empregador fornecer tais equipamentos de prote\u00e7\u00e3o ao seu colaborador. <\/span><\/span><\/p>\n<h2>O uso da m\u00e1scara ainda \u00e9 v\u00e1lido nos dias de hoje?<\/h2>\n<p>N\u00e3o h\u00e1 d\u00favidas que sim! Al\u00e9m da prote\u00e7\u00e3o contra o v\u00edrus causador da Covid-19 ainda auxilia na prote\u00e7\u00e3o contra outros tipos de doen\u00e7as respirat\u00f3rias. Afinal, a PFF2 \u00e9 recomendada tanto para prote\u00e7\u00e3o contra aeross\u00f3is contendo agentes biol\u00f3gicos, quanto para prote\u00e7\u00e3o contra outros materiais em part\u00edculas. A captura, pelo filtro da PFF2, tanto de part\u00edculas como poeiras, n\u00e9voas e fumos, como de microrganismos (esf\u00e9ricos, cil\u00edndricos, filamentosos) na forma de aeross\u00f3is pende dos par\u00e2metros f\u00edsicos da part\u00edcula (tamanho e forma), n\u00e3o sendo importante se a mesma \u00e9 \u201cviva\u201d ou n\u00e3o.<\/p>\n<p>As m\u00e1scaras caracterizadas como PFF2 N95 possuem tecnologia filtrante de part\u00edculas e s\u00e3o usadas na ind\u00fastria, na agricultura, em ambiente hospitalar e laboratorial. Ou seja, auxilia na redu\u00e7\u00e3o das chances de um profissional se contaminar por vias respirat\u00f3rias. No caso da Covid-19 reduz as chances de paciente e profissional da sa\u00fade se contaminarem.<\/p>\n<p>Isso significa dizer que tais m\u00e1scaras com tecnologia N95 (PFF2) melhoram os n\u00edveis de seguran\u00e7a em duas vias, filtrando tanto o que sa\u00ed quanto o que entra atrav\u00e9s da m\u00e1scara. Por tanto, as <a href=\"https:\/\/www.ferpam.com.br\/mascara-descartavel-tnt-dupla-riomar.html#&amp;search-term=pff2\" target=\"_blank\" rel=\"noopener\">m\u00e1scaras de prote\u00e7\u00e3o Pff2 se toram indispens\u00e1veis ao dia a dia de clinicas m\u00e9dicas, hospitais, centros de fisioterapia, laborat\u00f3rios, <\/a><\/p>\n<h2>Qual a diferen\u00e7a entre a PFF2 e a m\u00e1scara comum cir\u00fargica?<\/h2>\n<p>A principal diferen\u00e7a entre a <a href=\"https:\/\/www.ferpam.com.br\/mascara-descartavel-tnt-dupla-riomar.html#&amp;search-term=mascara%20descartavel\" target=\"_blank\" rel=\"noopener\">m\u00e1scaras comuns<\/a> e a N95 \u00e9 que o grau de prote\u00e7\u00e3o das PFF2 N95 \u00e9 superior. A m\u00e1scara cir\u00fargica comum filtra part\u00edculas em apenas um sentido, j\u00e1 a m\u00e1scara chamada N95 ou PFF2 \u00e9 capaz de garantir prote\u00e7\u00e3o em dois sentidos, porque tem um filtro de ar que bloqueia pelo menos 95% das part\u00edculas em suspens\u00e3o.<\/p>\n<p>Logo a PFF2 \u00e9 uma das m\u00e1scaras que oferecem uma das melhores prote\u00e7\u00f5es s vias a\u00e9rea, ou seja, \u00e9 uma importante aliada \u00e0 preven\u00e7\u00e3o do coronav\u00edrus. Mas, aten\u00e7\u00e3o! As PFF2 n\u00e3o s\u00e3o m\u00e1scaras comuns e, portanto, devem ser usadas com responsabilidade. O ideal \u00e9 que sejam utilizadas por profissionais de sa\u00fade, est\u00e9tica e pessoas em contato com contaminados.<\/p>\n<p>Segundo orienta\u00e7\u00f5es da Organiza\u00e7\u00e3o Mundial de Sa\u00fade (OMS) o uso das m\u00e1scaras somente \u00e9 eficaz se combinado com medidas de higiene, como a lavagem frequente das m\u00e3os com \u00e1gua e sab\u00e3o, durante 20 segundos, ou uso frequente de \u00e1lcool gel ou \u00e1lcool l\u00edquido 70%.Ou seja, as m\u00e1scaras sozinhas n\u00e3o s\u00e3o garantia de 100% de prote\u00e7\u00e3o.<\/p>\n<p>Por tanto, mantenha as atitudes de higiene e limpeza. Lembre-se de n\u00e3o levar as m\u00e3os \u00e0 boca, nariz e olhos e n\u00e3o circular em ambiente de aglomera\u00e7\u00e3o. Vale lembrar que o uso de protetor facial sozinho n\u00e3o impede a contamina\u00e7\u00e3o por SARS COV-2, ou seja, precisa ser acompanhado do uso da m\u00e1scara PFF2 como um conjuto.<\/p>\n<h2>Confira aqui 3 modelos de PFF2 que temos aqui na Ferpam<\/h2>\n<p>&#8211; M\u00e1scara PFF2 Pro Agro N95, sem V\u00e1lvula Azul &#8211; Delta Plus<\/p>\n<p><a href=\"https:\/\/www.ferpam.com.br\/mascara-pro-agro-pff2-n95-sem-valvula-delta-plus.html\" target=\"_blank\" rel=\"noopener\"><img loading=\"lazy\" decoding=\"async\" class=\"alignnone size-medium wp-image-2129\" src=\"https:\/\/ferpam.widehomolog.biz\/blog\/wp-content\/uploads\/2021\/02\/8624cfbcd82330d702fbd8d77a7f674d-300x217.png\" alt=\"\" width=\"300\" height=\"217\" srcset=\"https:\/\/www.ferpam.com.br\/blog\/wp-content\/uploads\/2021\/02\/8624cfbcd82330d702fbd8d77a7f674d-300x217.png 300w, https:\/\/www.ferpam.com.br\/blog\/wp-content\/uploads\/2021\/02\/8624cfbcd82330d702fbd8d77a7f674d-1024x740.png 1024w, https:\/\/www.ferpam.com.br\/blog\/wp-content\/uploads\/2021\/02\/8624cfbcd82330d702fbd8d77a7f674d-768x555.png 768w, https:\/\/www.ferpam.com.br\/blog\/wp-content\/uploads\/2021\/02\/8624cfbcd82330d702fbd8d77a7f674d.png 1152w\" sizes=\"auto, (max-width: 300px) 100vw, 300px\" \/><\/a><\/p>\n<p>&#8211; M\u00e1scara PFF2 N95, sem V\u00e1lvula Azul &#8211; Air Safety<\/p>\n<p><img loading=\"lazy\" decoding=\"async\" class=\"alignnone size-medium wp-image-2127\" src=\"https:\/\/ferpam.widehomolog.biz\/blog\/wp-content\/uploads\/2021\/02\/2a25aafebbc93ad4177f43ef6d9ed563-300x199.png\" alt=\"\" width=\"300\" height=\"199\" srcset=\"https:\/\/www.ferpam.com.br\/blog\/wp-content\/uploads\/2021\/02\/2a25aafebbc93ad4177f43ef6d9ed563-300x199.png 300w, https:\/\/www.ferpam.com.br\/blog\/wp-content\/uploads\/2021\/02\/2a25aafebbc93ad4177f43ef6d9ed563-768x509.png 768w, https:\/\/www.ferpam.com.br\/blog\/wp-content\/uploads\/2021\/02\/2a25aafebbc93ad4177f43ef6d9ed563.png 814w\" sizes=\"auto, (max-width: 300px) 100vw, 300px\" \/><\/p>\n<p>&#8211; Mascara PFF 2 N95, sem V\u00e1lvula Azul &#8211; Plastcor<\/p>\n<p><img loading=\"lazy\" decoding=\"async\" class=\"alignnone size-medium wp-image-2128\" src=\"https:\/\/ferpam.widehomolog.biz\/blog\/wp-content\/uploads\/2021\/02\/6953cb86dd1a4a7f3af5403be40c3154-300x254.png\" alt=\"\" width=\"300\" height=\"254\" srcset=\"https:\/\/www.ferpam.com.br\/blog\/wp-content\/uploads\/2021\/02\/6953cb86dd1a4a7f3af5403be40c3154-300x254.png 300w, https:\/\/www.ferpam.com.br\/blog\/wp-content\/uploads\/2021\/02\/6953cb86dd1a4a7f3af5403be40c3154-1024x869.png 1024w, https:\/\/www.ferpam.com.br\/blog\/wp-content\/uploads\/2021\/02\/6953cb86dd1a4a7f3af5403be40c3154-768x651.png 768w, https:\/\/www.ferpam.com.br\/blog\/wp-content\/uploads\/2021\/02\/6953cb86dd1a4a7f3af5403be40c3154.png 1344w\" sizes=\"auto, (max-width: 300px) 100vw, 300px\" \/><\/p>\n<p>Estas m\u00e1scaras s\u00e3o EPI&#8217;s considerados de uso obrigat\u00f3rio para trabalhadores do sistema de sa\u00fade que atuam no combate ao covid-19. Para profissionais que precisam proteger suas vias a\u00e9reas de poeiras, n\u00e9voas e fumos.<\/p>\n<p>Como no caso da Serralheria, Carpintaria, Marmoraria, Funilaria, Fundi\u00e7\u00e3o, Usinagem, Solda, Reforma em geral, Canteiro de obra, Drywall e gesso, Laborat\u00f3rios e hospitais, Log\u00edstica, Avicultura e muito mais.<\/p>\n","protected":false},"excerpt":{"rendered":"<p>2021 ainda ser\u00e1 um ano desafiador no combate \u00e0 Covid-19. Sobre isso n\u00e3o h\u00e1 d\u00favidas! Neste novo ano devemos continuar a nos proteger com todo cuidado, por isso a utiliza\u00e7\u00e3o de m\u00e1scara de prote\u00e7\u00e3o vai continuar a ser um h\u00e1bito do brasileiro. Confira com a gente 3 m\u00e1scaras PFF2 N95 que podem ser utilizadas por &hellip;<\/p>\n","protected":false},"author":4,"featured_media":2130,"comment_status":"open","ping_status":"open","sticky":false,"template":"","format":"standard","meta":{"footnotes":""},"categories":[25],"tags":[39,40,38],"class_list":["post-2125","post","type-post","status-publish","format-standard","has-post-thumbnail","hentry","category-curiosidades","tag-mascaracontracovid","tag-mascaradeprotecao","tag-mascarapff2"],"yoast_head":"<!-- This site is optimized with the Yoast SEO plugin v15.8 - https:\/\/yoast.com\/wordpress\/plugins\/seo\/ -->\n<title>\u200bVamos falar de prote\u00e7\u00e3o e m\u00e1scara? - Blog Ferpam<\/title>\n<meta name=\"robots\" content=\"index, follow, max-snippet:-1, max-image-preview:large, max-video-preview:-1\" \/>\n<link rel=\"canonical\" href=\"https:\/\/www.ferpam.com.br\/blog\/vamos-falar-de-protecao-e-mascara\/\" \/>\n<meta property=\"og:locale\" content=\"pt_BR\" \/>\n<meta property=\"og:type\" content=\"article\" \/>\n<meta property=\"og:title\" content=\"\u200bVamos falar de prote\u00e7\u00e3o e m\u00e1scara? - Blog Ferpam\" \/>\n<meta property=\"og:description\" content=\"2021 ainda ser\u00e1 um ano desafiador no combate \u00e0 Covid-19. Sobre isso n\u00e3o h\u00e1 d\u00favidas! Neste novo ano devemos continuar a nos proteger com todo cuidado, por isso a utiliza\u00e7\u00e3o de m\u00e1scara de prote\u00e7\u00e3o vai continuar a ser um h\u00e1bito do brasileiro. Confira com a gente 3 m\u00e1scaras PFF2 N95 que podem ser utilizadas por &hellip;\" \/>\n<meta property=\"og:url\" content=\"https:\/\/www.ferpam.com.br\/blog\/vamos-falar-de-protecao-e-mascara\/\" \/>\n<meta property=\"og:site_name\" content=\"Blog Ferpam\" \/>\n<meta property=\"article:published_time\" content=\"2021-01-22T07:51:29+00:00\" \/>\n<meta property=\"article:modified_time\" content=\"2021-02-19T17:23:48+00:00\" \/>\n<meta property=\"og:image\" content=\"https:\/\/www.ferpam.com.br\/blog\/wp-content\/uploads\/2021\/02\/6b64d7b66b49b8b2360e644eb5f5e6c3.png\" \/>\n\t<meta property=\"og:image:width\" content=\"968\" \/>\n\t<meta property=\"og:image:height\" content=\"584\" \/>\n<meta name=\"twitter:card\" content=\"summary_large_image\" \/>\n<meta name=\"twitter:label1\" content=\"Est. reading time\">\n\t<meta name=\"twitter:data1\" content=\"4 minutos\">\n<script type=\"application\/ld+json\" class=\"yoast-schema-graph\">{\"@context\":\"https:\/\/schema.org\",\"@graph\":[{\"@type\":\"Organization\",\"@id\":\"https:\/\/www.ferpam.com.br\/blog\/#organization\",\"name\":\"Ferpam\",\"url\":\"https:\/\/www.ferpam.com.br\/blog\/\",\"sameAs\":[],\"logo\":{\"@type\":\"ImageObject\",\"@id\":\"https:\/\/www.ferpam.com.br\/blog\/#logo\",\"inLanguage\":\"pt-BR\",\"url\":\"https:\/\/www.ferpam.com.br\/blog\/wp-content\/uploads\/2021\/02\/logo-1.png\",\"width\":254,\"height\":89,\"caption\":\"Ferpam\"},\"image\":{\"@id\":\"https:\/\/www.ferpam.com.br\/blog\/#logo\"}},{\"@type\":\"WebSite\",\"@id\":\"https:\/\/www.ferpam.com.br\/blog\/#website\",\"url\":\"https:\/\/www.ferpam.com.br\/blog\/\",\"name\":\"Blog Ferpam\",\"description\":\"Not\\u00edcias da Ferpam\",\"publisher\":{\"@id\":\"https:\/\/www.ferpam.com.br\/blog\/#organization\"},\"potentialAction\":[{\"@type\":\"SearchAction\",\"target\":\"https:\/\/www.ferpam.com.br\/blog\/?s={search_term_string}\",\"query-input\":\"required name=search_term_string\"}],\"inLanguage\":\"pt-BR\"},{\"@type\":\"ImageObject\",\"@id\":\"https:\/\/www.ferpam.com.br\/blog\/vamos-falar-de-protecao-e-mascara\/#primaryimage\",\"inLanguage\":\"pt-BR\",\"url\":\"https:\/\/www.ferpam.com.br\/blog\/wp-content\/uploads\/2021\/02\/6b64d7b66b49b8b2360e644eb5f5e6c3.png\",\"width\":968,\"height\":584},{\"@type\":\"WebPage\",\"@id\":\"https:\/\/www.ferpam.com.br\/blog\/vamos-falar-de-protecao-e-mascara\/#webpage\",\"url\":\"https:\/\/www.ferpam.com.br\/blog\/vamos-falar-de-protecao-e-mascara\/\",\"name\":\"\\u200bVamos falar de prote\\u00e7\\u00e3o e m\\u00e1scara? - Blog Ferpam\",\"isPartOf\":{\"@id\":\"https:\/\/www.ferpam.com.br\/blog\/#website\"},\"primaryImageOfPage\":{\"@id\":\"https:\/\/www.ferpam.com.br\/blog\/vamos-falar-de-protecao-e-mascara\/#primaryimage\"},\"datePublished\":\"2021-01-22T07:51:29+00:00\",\"dateModified\":\"2021-02-19T17:23:48+00:00\",\"breadcrumb\":{\"@id\":\"https:\/\/www.ferpam.com.br\/blog\/vamos-falar-de-protecao-e-mascara\/#breadcrumb\"},\"inLanguage\":\"pt-BR\",\"potentialAction\":[{\"@type\":\"ReadAction\",\"target\":[\"https:\/\/www.ferpam.com.br\/blog\/vamos-falar-de-protecao-e-mascara\/\"]}]},{\"@type\":\"BreadcrumbList\",\"@id\":\"https:\/\/www.ferpam.com.br\/blog\/vamos-falar-de-protecao-e-mascara\/#breadcrumb\",\"itemListElement\":[{\"@type\":\"ListItem\",\"position\":1,\"item\":{\"@type\":\"WebPage\",\"@id\":\"https:\/\/www.ferpam.com.br\/blog\/\",\"url\":\"https:\/\/www.ferpam.com.br\/blog\/\",\"name\":\"In\\u00edcio\"}},{\"@type\":\"ListItem\",\"position\":2,\"item\":{\"@type\":\"WebPage\",\"@id\":\"https:\/\/www.ferpam.com.br\/blog\/vamos-falar-de-protecao-e-mascara\/\",\"url\":\"https:\/\/www.ferpam.com.br\/blog\/vamos-falar-de-protecao-e-mascara\/\",\"name\":\"\\u200bVamos falar de prote\\u00e7\\u00e3o e m\\u00e1scara?\"}}]},{\"@type\":\"Article\",\"@id\":\"https:\/\/www.ferpam.com.br\/blog\/vamos-falar-de-protecao-e-mascara\/#article\",\"isPartOf\":{\"@id\":\"https:\/\/www.ferpam.com.br\/blog\/vamos-falar-de-protecao-e-mascara\/#webpage\"},\"author\":{\"@id\":\"https:\/\/www.ferpam.com.br\/blog\/#\/schema\/person\/17c24d0d22dd830e306685f9b94ec5e7\"},\"headline\":\"\\u200bVamos falar de prote\\u00e7\\u00e3o e m\\u00e1scara?\",\"datePublished\":\"2021-01-22T07:51:29+00:00\",\"dateModified\":\"2021-02-19T17:23:48+00:00\",\"mainEntityOfPage\":{\"@id\":\"https:\/\/www.ferpam.com.br\/blog\/vamos-falar-de-protecao-e-mascara\/#webpage\"},\"commentCount\":0,\"publisher\":{\"@id\":\"https:\/\/www.ferpam.com.br\/blog\/#organization\"},\"image\":{\"@id\":\"https:\/\/www.ferpam.com.br\/blog\/vamos-falar-de-protecao-e-mascara\/#primaryimage\"},\"keywords\":\"mascaracontracovid,mascaradeprotecao,mascarapff2\",\"articleSection\":\"Curiosidades\",\"inLanguage\":\"pt-BR\",\"potentialAction\":[{\"@type\":\"CommentAction\",\"name\":\"Comment\",\"target\":[\"https:\/\/www.ferpam.com.br\/blog\/vamos-falar-de-protecao-e-mascara\/#respond\"]}]},{\"@type\":\"Person\",\"@id\":\"https:\/\/www.ferpam.com.br\/blog\/#\/schema\/person\/17c24d0d22dd830e306685f9b94ec5e7\",\"name\":\"Ferpam Blog\",\"image\":{\"@type\":\"ImageObject\",\"@id\":\"https:\/\/www.ferpam.com.br\/blog\/#personlogo\",\"inLanguage\":\"pt-BR\",\"url\":\"https:\/\/secure.gravatar.com\/avatar\/cabb3a541ec0d8bedb85a519259a466229f358a62b34ef4b29cb8d6884944a6c?s=96&d=mm&r=g\",\"caption\":\"Ferpam Blog\"},\"sameAs\":[\"http:\/\/www.ferpam.com.br\"]}]}<\/script>\n<!-- \/ Yoast SEO plugin. -->","_links":{"self":[{"href":"https:\/\/www.ferpam.com.br\/blog\/wp-json\/wp\/v2\/posts\/2125","targetHints":{"allow":["GET"]}}],"collection":[{"href":"https:\/\/www.ferpam.com.br\/blog\/wp-json\/wp\/v2\/posts"}],"about":[{"href":"https:\/\/www.ferpam.com.br\/blog\/wp-json\/wp\/v2\/types\/post"}],"author":[{"embeddable":true,"href":"https:\/\/www.ferpam.com.br\/blog\/wp-json\/wp\/v2\/users\/4"}],"replies":[{"embeddable":true,"href":"https:\/\/www.ferpam.com.br\/blog\/wp-json\/wp\/v2\/comments?post=2125"}],"version-history":[{"count":1,"href":"https:\/\/www.ferpam.com.br\/blog\/wp-json\/wp\/v2\/posts\/2125\/revisions"}],"predecessor-version":[{"id":2131,"href":"https:\/\/www.ferpam.com.br\/blog\/wp-json\/wp\/v2\/posts\/2125\/revisions\/2131"}],"wp:featuredmedia":[{"embeddable":true,"href":"https:\/\/www.ferpam.com.br\/blog\/wp-json\/wp\/v2\/media\/2130"}],"wp:attachment":[{"href":"https:\/\/www.ferpam.com.br\/blog\/wp-json\/wp\/v2\/media?parent=2125"}],"wp:term":[{"taxonomy":"category","embeddable":true,"href":"https:\/\/www.ferpam.com.br\/blog\/wp-json\/wp\/v2\/categories?post=2125"},{"taxonomy":"post_tag","embeddable":true,"href":"https:\/\/www.ferpam.com.br\/blog\/wp-json\/wp\/v2\/tags?post=2125"}],"curies":[{"name":"wp","href":"https:\/\/api.w.org\/{rel}","templated":true}]}}