{"id":2143,"date":"2021-02-02T10:54:40","date_gmt":"2021-02-02T10:54:40","guid":{"rendered":"https:\/\/ferpam.widehomolog.biz\/blog\/?p=2143"},"modified":"2021-02-19T17:41:27","modified_gmt":"2021-02-19T17:41:27","slug":"qual-a-real-diferenca-entre-as-mascaras-respiradores-pff1-pff2-e-pff3","status":"publish","type":"post","link":"https:\/\/www.ferpam.com.br\/blog\/qual-a-real-diferenca-entre-as-mascaras-respiradores-pff1-pff2-e-pff3\/","title":{"rendered":"Qual a real diferen\u00e7a entre as m\u00e1scaras respiradores PFF1, PFF2 e PFF3?"},"content":{"rendered":"<p>Qual a real diferen\u00e7a entre as m\u00e1scaras respiradores PFF1, PFF2 e PFF3? No Blog de hoje abordaremos um pouco mais sobre este assunto que \u00e9 obriga\u00e7\u00e3o nas grandes ind\u00fastrias, mas um verdadeiro tabu entre os trabalhadores informais. Por tanto, vem com a gente entender e aprender!<\/p>\n<p>O uso efetivo de <a href=\"https:\/\/www.ferpam.com.br\/epi-protec-o-individual\/mascaras\">prote\u00e7\u00e3o respirat\u00f3ria<\/a> \u00e9 indispens\u00e1vel para trabalhadores e toda empresa \u00e9 obrigada a implantar seu programa de prote\u00e7\u00e3o respirat\u00f3ria, ainda mais se estiver ligada \u00e0 fabrica\u00e7\u00e3o ou industrializa\u00e7\u00e3o de algum artigo.<\/p>\n<p>Os profissionais especializados em cuidar de todos os procedimentos e equipamentos de prote\u00e7\u00e3o de uma empresa s\u00e3o os T\u00e9cnicos ou Engenheiros especialistas em Seguran\u00e7a do Trabalho. Eles s\u00e3o respons\u00e1veis por fazer a lei ser cumprida dentro dos estabelecimentos e seguir com a prote\u00e7\u00e3o adequada em cada atividade.<\/p>\n<p>Para os microempres\u00e1rios e aut\u00f4nomos fica mais complicado ter um respons\u00e1vel pela Seguran\u00e7a do Trabalho interno. Mas, nada impede a contrata\u00e7\u00e3o tempor\u00e1ria para consultoria e adequa\u00e7\u00e3o das normas, e inspe\u00e7\u00e3o peri\u00f3dica no estabelecimento. Se voc\u00ea tem funcion\u00e1rios principalmente, que fique bem claro que \u00e9 obriga\u00e7\u00e3o do patr\u00e3o fornecer todos os equipamentos de seguran\u00e7a, orientar, capacitar e cobrar sua equipe a este respeito.<\/p>\n<p>No entanto, a lei n\u00e3o deve ser o \u00fanico motivo pelo qual se usa EPI e EPC, a sa\u00fade e a seguran\u00e7a devem ser a principal motiva\u00e7\u00e3o para a utiliza\u00e7\u00e3o dos mesmos. E cuidado caro colaborador, nos casos em que o patr\u00e3o fornece o EPI (Equipamento de prote\u00e7\u00e3o Individual), orienta e cobra, caso ocorram acidentes, nem sempre ele poder\u00e1 ser responsabilizado pela irresponsabilidade do empregado.<\/p>\n<h2>Vamos \u00e0s diferen\u00e7as entre PFF1, PFF2, PFF3?<\/h2>\n<p>1\u00ba A primeira diferen\u00e7a entre os respiradores \u00e9 relativa \u00e0 efici\u00eancia dos filtros:<\/p>\n<p>&#8211; As PFF1 \u2013 Possuem efici\u00eancia m\u00ednima de 80% (Penetra\u00e7\u00e3o m\u00e1xima de at\u00e9 20%)<\/p>\n<p>&#8211; As PFF2 \u2013 Possuem efici\u00eancia m\u00ednima de 94% (Penetra\u00e7\u00e3o m\u00e1xima de at\u00e9 6%)<\/p>\n<p>&#8211; As PFF3 \u2013 Possuem efici\u00eancia m\u00ednima de 99% (Penetra\u00e7\u00e3o m\u00e1xima de at\u00e9 1%)<\/p>\n<p>Ou seja, cada respirador deve ser utilizado com responsabilidade e para a atividade correta, caso contr\u00e1rio pode haver sim a respira\u00e7\u00e3o de p\u00f3, aerossol ou subst\u00e2ncia qu\u00edmica indevida.<\/p>\n<p>2\u00b0 A segunda diferen\u00e7a entre os respiradores \u00e9 o tipo de resist\u00eancia a aeross\u00f3is:<\/p>\n<p>&#8211; As resistentes a aeross\u00f3is \u00e0 base de \u00e1gua: que s\u00e3o capazes de reter part\u00edculas s\u00f3lidas e l\u00edquidas \u00e0 base de \u00e1gua.<\/p>\n<p>&#8211; As Resistentes a aeross\u00f3is base de \u00e1gua e \u00f3leos: capazes de reter part\u00edculas s\u00f3lidas e l\u00edquidas \u00e0 base de \u00e1gua e ou \u00f3leos.<\/p>\n<p>3\u00ba A Terceira diferen\u00e7a entre os respiradores \u00e9 o Tempo de Toler\u00e2ncia, o tempo e a concentra\u00e7\u00e3o do agente em que \u00e9 permitido ficar exposto sem comprometer a sa\u00fade do colaborador.<\/p>\n<p>4\u00ba A quarta diferen\u00e7a \u00e9 entre a indica\u00e7\u00e3o t\u00e9cnica: usar uma m\u00e1scara mais cara e avan\u00e7ada para proteger-se de pouqu\u00edssimo p\u00f3, pode sair muito caro. Logo, \u00e9 melhor entender as diferen\u00e7as de aplica\u00e7\u00e3o e economizar.<\/p>\n<p><a href=\"https:\/\/www.ferpam.com.br\/mascara-pff1-air-safety-maskface-sem-valvula.html\">O respirador PFF1:<\/a><\/p>\n<p>Pode ser \u00fatil em certas poeiras\/n\u00e9voas n\u00e3o oleosas, que n\u00e3o desprendam gases\/vapores t\u00f3xicos; fibras t\u00eaxteis, cimento refinado, min\u00e9rio de ferro, min\u00e9rio de carv\u00e3o, sab\u00e3o em p\u00f3, talco, cal, soda c\u00e1ustica, poeiras vegetais (como trigo, arroz, milho, baga\u00e7o de cana etc.); poeiras de lixamento e esmerilhamento que n\u00e3o excedam at\u00e9 10 vezes o seu limite de toler\u00e2ncia. Somente para uso contra aeross\u00f3is s\u00f3lido, e l\u00edquida base \u00e1gua.<\/p>\n<p><a href=\"https:\/\/www.ferpam.com.br\/mascara-pff-2-sem-valvula-plastcor.html\">O respirador PFF2:<\/a><\/p>\n<p>\u00c9 \u00fatil para prote\u00e7\u00e3o em poeiras\/n\u00e9voas n\u00e3o oleosas, que n\u00e3o emitam gases\/vapores t\u00f3xicos como por exemplo: fumos met\u00e1licos ou pl\u00e1sticos; s\u00edlica, fibras t\u00eaxteis, cimento refinado Portland; min\u00e9rio de ferro, min\u00e9rio de carv\u00e3o, min\u00e9rio de alum\u00ednio, sab\u00e3o em p\u00f3, talco, cal, soda c\u00e1ustica, poeiras vegetais (como trigo, arroz, milho, baga\u00e7o de cana etc.). Al\u00e9m disso, ela pode ser usada em certas poeiras de avi\u00e1rio contendo restos de ra\u00e7\u00e3o, fezes, plumas e penas de aves; poeiras de lixamento e esmerilhamento, n\u00e9voas de \u00e1cido sulf\u00farico (com \u00f3culos de prote\u00e7\u00e3o adequado), dentre outros.<\/p>\n<p>Seu diferencial \u00e9 que ela \u00e9 recomendada, ainda, para redu\u00e7\u00e3o da exposi\u00e7\u00e3o a aeross\u00f3is biol\u00f3gicos com potencialmente patog\u00eanicos como \u00e9 o caso do v\u00edrus da Covid-19, H1N1 e etc. Nestes casos, de preven\u00e7\u00e3o contra agentes biol\u00f3gicos n\u00e3o \u00e9 recomendado o uso de Respirador com v\u00e1lvula. E n\u00e3o deve ser utilizada para trabalhos que envolvam amianto (asbesto), devido sua toxicidade.<\/p>\n<p>Respirador PFF3:<\/p>\n<p>\u00c9 indicado para prote\u00e7\u00e3o das vias respirat\u00f3rias contra os mesmos itens das outras m\u00e1scaras mais asbestos em concentra\u00e7\u00e3o abaixo do limite, s\u00edlica, processamento de minerais, ars\u00eanio, ber\u00edlio, prata, platina, chumbo, c\u00e1dmio, algod\u00e3o e outras n\u00e9voas n\u00e3o oleosas, fumos met\u00e1licos ou pl\u00e1sticos.<\/p>\n<p>A PFF3 serve tamb\u00e9m para poeiras, n\u00e9voas e fumos contendo materiais radioativos, tais como: ur\u00e2nio e plut\u00f4nio, que emitem radia\u00e7\u00e3o alfa, beta e gama. O respirador PFF3 \u00e9 recomendado, ainda, para redu\u00e7\u00e3o da exposi\u00e7\u00e3o ocupacional a aeross\u00f3is contendo agentes biol\u00f3gicos potencialmente patog\u00eanicos, sem v\u00e1lvula exalat\u00f3ria.<\/p>\n<h4>Nunca utilize os respiradores PFF nos casos abaixo:<\/h4>\n<p>Nunca utilize os respiradores <a href=\"https:\/\/www.ferpam.com.br\/#&amp;search-term=Pff\">PFF1, PFF2 e PFF3<\/a> sem as devidas orienta\u00e7\u00f5es profissionais das \u00e1reas de Higiene, Seguran\u00e7a e Medicina do Trabalho de sua empresa, evite erros que possam causar at\u00e9 a morte.<\/p>\n<p><strong data-redactor-tag=\"strong\">N\u00e3o utilize PFF para<\/strong> prote\u00e7\u00e3o contra gases e\/ou vapores a base de solvente como a pintura spray, nem para jateamento de areia ou em atmosferas com n\u00e9voas oleosas.<\/p>\n<p>Em atmosferas com concentra\u00e7\u00e3o (em volume) de oxig\u00eanio abaixo de 18%. Ou seja, n\u00e3o deve ser utilizada em ambientes fechados e sem ventila\u00e7\u00e3o, principalmente c\u00e2maras frias, tanques em geral, silos e at\u00e9 em tubula\u00e7\u00f5es. Os ambientes aqui citados possuem concentra\u00e7\u00e3o de oxig\u00eanio pode ser menor que 19,5% em volume e o uso da m\u00e1scara pode prejudicar a oxigena\u00e7\u00e3o do trabalhador. Em tais ambientes \u00e9 preciso cuidado diferenciado para a prote\u00e7\u00e3o respirat\u00f3ria.<\/p>\n<p>Nunca utilizar as PFFs quando a concentra\u00e7\u00e3o do contaminante ultrapassar os valores IPVS (Imediatamente Perigosos \u00e0 Vida e \u00e0 Sa\u00fade). Ou seja, caro trabalhador, se seu trabalho produz riscos \u00e0s vias a\u00e9reas opte por consultar um t\u00e9cnico em<\/p>\n","protected":false},"excerpt":{"rendered":"<p>Qual a real diferen\u00e7a entre as m\u00e1scaras respiradores PFF1, PFF2 e PFF3? No Blog de hoje abordaremos um pouco mais sobre este assunto que \u00e9 obriga\u00e7\u00e3o nas grandes ind\u00fastrias, mas um verdadeiro tabu entre os trabalhadores informais. Por tanto, vem com a gente entender e aprender! O uso efetivo de prote\u00e7\u00e3o respirat\u00f3ria \u00e9 indispens\u00e1vel para &hellip;<\/p>\n","protected":false},"author":4,"featured_media":2145,"comment_status":"open","ping_status":"open","sticky":false,"template":"","format":"standard","meta":{"footnotes":""},"categories":[1],"tags":[39,35,36],"class_list":["post-2143","post","type-post","status-publish","format-standard","has-post-thumbnail","hentry","category-sem-categoria","tag-mascaracontracovid","tag-protecaorespiratoria","tag-respiradores"],"yoast_head":"<!-- This site is optimized with the Yoast SEO plugin v15.8 - https:\/\/yoast.com\/wordpress\/plugins\/seo\/ -->\n<title>Qual a real diferen\u00e7a entre as m\u00e1scaras respiradores PFF1, PFF2 e PFF3? - Blog Ferpam<\/title>\n<meta name=\"robots\" content=\"index, follow, max-snippet:-1, max-image-preview:large, max-video-preview:-1\" \/>\n<link rel=\"canonical\" href=\"https:\/\/www.ferpam.com.br\/blog\/qual-a-real-diferenca-entre-as-mascaras-respiradores-pff1-pff2-e-pff3\/\" \/>\n<meta property=\"og:locale\" content=\"pt_BR\" \/>\n<meta property=\"og:type\" content=\"article\" \/>\n<meta property=\"og:title\" content=\"Qual a real diferen\u00e7a entre as m\u00e1scaras respiradores PFF1, PFF2 e PFF3? - Blog Ferpam\" \/>\n<meta property=\"og:description\" content=\"Qual a real diferen\u00e7a entre as m\u00e1scaras respiradores PFF1, PFF2 e PFF3? No Blog de hoje abordaremos um pouco mais sobre este assunto que \u00e9 obriga\u00e7\u00e3o nas grandes ind\u00fastrias, mas um verdadeiro tabu entre os trabalhadores informais. Por tanto, vem com a gente entender e aprender! O uso efetivo de prote\u00e7\u00e3o respirat\u00f3ria \u00e9 indispens\u00e1vel para &hellip;\" \/>\n<meta property=\"og:url\" content=\"https:\/\/www.ferpam.com.br\/blog\/qual-a-real-diferenca-entre-as-mascaras-respiradores-pff1-pff2-e-pff3\/\" \/>\n<meta property=\"og:site_name\" content=\"Blog Ferpam\" \/>\n<meta property=\"article:published_time\" content=\"2021-02-02T10:54:40+00:00\" \/>\n<meta property=\"article:modified_time\" content=\"2021-02-19T17:41:27+00:00\" \/>\n<meta property=\"og:image\" content=\"https:\/\/www.ferpam.com.br\/blog\/wp-content\/uploads\/2021\/02\/c77384801ea7df4bb3dc2c873bcdc50f.png\" \/>\n\t<meta property=\"og:image:width\" content=\"968\" \/>\n\t<meta property=\"og:image:height\" content=\"584\" \/>\n<meta name=\"twitter:card\" content=\"summary_large_image\" \/>\n<meta name=\"twitter:label1\" content=\"Est. reading time\">\n\t<meta name=\"twitter:data1\" content=\"5 minutos\">\n<script type=\"application\/ld+json\" class=\"yoast-schema-graph\">{\"@context\":\"https:\/\/schema.org\",\"@graph\":[{\"@type\":\"Organization\",\"@id\":\"https:\/\/www.ferpam.com.br\/blog\/#organization\",\"name\":\"Ferpam\",\"url\":\"https:\/\/www.ferpam.com.br\/blog\/\",\"sameAs\":[],\"logo\":{\"@type\":\"ImageObject\",\"@id\":\"https:\/\/www.ferpam.com.br\/blog\/#logo\",\"inLanguage\":\"pt-BR\",\"url\":\"https:\/\/www.ferpam.com.br\/blog\/wp-content\/uploads\/2021\/02\/logo-1.png\",\"width\":254,\"height\":89,\"caption\":\"Ferpam\"},\"image\":{\"@id\":\"https:\/\/www.ferpam.com.br\/blog\/#logo\"}},{\"@type\":\"WebSite\",\"@id\":\"https:\/\/www.ferpam.com.br\/blog\/#website\",\"url\":\"https:\/\/www.ferpam.com.br\/blog\/\",\"name\":\"Blog Ferpam\",\"description\":\"Not\\u00edcias da Ferpam\",\"publisher\":{\"@id\":\"https:\/\/www.ferpam.com.br\/blog\/#organization\"},\"potentialAction\":[{\"@type\":\"SearchAction\",\"target\":\"https:\/\/www.ferpam.com.br\/blog\/?s={search_term_string}\",\"query-input\":\"required name=search_term_string\"}],\"inLanguage\":\"pt-BR\"},{\"@type\":\"ImageObject\",\"@id\":\"https:\/\/www.ferpam.com.br\/blog\/qual-a-real-diferenca-entre-as-mascaras-respiradores-pff1-pff2-e-pff3\/#primaryimage\",\"inLanguage\":\"pt-BR\",\"url\":\"https:\/\/www.ferpam.com.br\/blog\/wp-content\/uploads\/2021\/02\/c77384801ea7df4bb3dc2c873bcdc50f.png\",\"width\":968,\"height\":584},{\"@type\":\"WebPage\",\"@id\":\"https:\/\/www.ferpam.com.br\/blog\/qual-a-real-diferenca-entre-as-mascaras-respiradores-pff1-pff2-e-pff3\/#webpage\",\"url\":\"https:\/\/www.ferpam.com.br\/blog\/qual-a-real-diferenca-entre-as-mascaras-respiradores-pff1-pff2-e-pff3\/\",\"name\":\"Qual a real diferen\\u00e7a entre as m\\u00e1scaras respiradores PFF1, PFF2 e PFF3? - Blog Ferpam\",\"isPartOf\":{\"@id\":\"https:\/\/www.ferpam.com.br\/blog\/#website\"},\"primaryImageOfPage\":{\"@id\":\"https:\/\/www.ferpam.com.br\/blog\/qual-a-real-diferenca-entre-as-mascaras-respiradores-pff1-pff2-e-pff3\/#primaryimage\"},\"datePublished\":\"2021-02-02T10:54:40+00:00\",\"dateModified\":\"2021-02-19T17:41:27+00:00\",\"breadcrumb\":{\"@id\":\"https:\/\/www.ferpam.com.br\/blog\/qual-a-real-diferenca-entre-as-mascaras-respiradores-pff1-pff2-e-pff3\/#breadcrumb\"},\"inLanguage\":\"pt-BR\",\"potentialAction\":[{\"@type\":\"ReadAction\",\"target\":[\"https:\/\/www.ferpam.com.br\/blog\/qual-a-real-diferenca-entre-as-mascaras-respiradores-pff1-pff2-e-pff3\/\"]}]},{\"@type\":\"BreadcrumbList\",\"@id\":\"https:\/\/www.ferpam.com.br\/blog\/qual-a-real-diferenca-entre-as-mascaras-respiradores-pff1-pff2-e-pff3\/#breadcrumb\",\"itemListElement\":[{\"@type\":\"ListItem\",\"position\":1,\"item\":{\"@type\":\"WebPage\",\"@id\":\"https:\/\/www.ferpam.com.br\/blog\/\",\"url\":\"https:\/\/www.ferpam.com.br\/blog\/\",\"name\":\"In\\u00edcio\"}},{\"@type\":\"ListItem\",\"position\":2,\"item\":{\"@type\":\"WebPage\",\"@id\":\"https:\/\/www.ferpam.com.br\/blog\/qual-a-real-diferenca-entre-as-mascaras-respiradores-pff1-pff2-e-pff3\/\",\"url\":\"https:\/\/www.ferpam.com.br\/blog\/qual-a-real-diferenca-entre-as-mascaras-respiradores-pff1-pff2-e-pff3\/\",\"name\":\"Qual a real diferen\\u00e7a entre as m\\u00e1scaras respiradores PFF1, PFF2 e PFF3?\"}}]},{\"@type\":\"Article\",\"@id\":\"https:\/\/www.ferpam.com.br\/blog\/qual-a-real-diferenca-entre-as-mascaras-respiradores-pff1-pff2-e-pff3\/#article\",\"isPartOf\":{\"@id\":\"https:\/\/www.ferpam.com.br\/blog\/qual-a-real-diferenca-entre-as-mascaras-respiradores-pff1-pff2-e-pff3\/#webpage\"},\"author\":{\"@id\":\"https:\/\/www.ferpam.com.br\/blog\/#\/schema\/person\/17c24d0d22dd830e306685f9b94ec5e7\"},\"headline\":\"Qual a real diferen\\u00e7a entre as m\\u00e1scaras respiradores PFF1, PFF2 e PFF3?\",\"datePublished\":\"2021-02-02T10:54:40+00:00\",\"dateModified\":\"2021-02-19T17:41:27+00:00\",\"mainEntityOfPage\":{\"@id\":\"https:\/\/www.ferpam.com.br\/blog\/qual-a-real-diferenca-entre-as-mascaras-respiradores-pff1-pff2-e-pff3\/#webpage\"},\"commentCount\":0,\"publisher\":{\"@id\":\"https:\/\/www.ferpam.com.br\/blog\/#organization\"},\"image\":{\"@id\":\"https:\/\/www.ferpam.com.br\/blog\/qual-a-real-diferenca-entre-as-mascaras-respiradores-pff1-pff2-e-pff3\/#primaryimage\"},\"keywords\":\"mascaracontracovid,protecaorespirat\\u00f3ria,respiradores\",\"inLanguage\":\"pt-BR\",\"potentialAction\":[{\"@type\":\"CommentAction\",\"name\":\"Comment\",\"target\":[\"https:\/\/www.ferpam.com.br\/blog\/qual-a-real-diferenca-entre-as-mascaras-respiradores-pff1-pff2-e-pff3\/#respond\"]}]},{\"@type\":\"Person\",\"@id\":\"https:\/\/www.ferpam.com.br\/blog\/#\/schema\/person\/17c24d0d22dd830e306685f9b94ec5e7\",\"name\":\"Ferpam Blog\",\"image\":{\"@type\":\"ImageObject\",\"@id\":\"https:\/\/www.ferpam.com.br\/blog\/#personlogo\",\"inLanguage\":\"pt-BR\",\"url\":\"https:\/\/secure.gravatar.com\/avatar\/cabb3a541ec0d8bedb85a519259a466229f358a62b34ef4b29cb8d6884944a6c?s=96&d=mm&r=g\",\"caption\":\"Ferpam Blog\"},\"sameAs\":[\"http:\/\/www.ferpam.com.br\"]}]}<\/script>\n<!-- \/ Yoast SEO plugin. -->","_links":{"self":[{"href":"https:\/\/www.ferpam.com.br\/blog\/wp-json\/wp\/v2\/posts\/2143","targetHints":{"allow":["GET"]}}],"collection":[{"href":"https:\/\/www.ferpam.com.br\/blog\/wp-json\/wp\/v2\/posts"}],"about":[{"href":"https:\/\/www.ferpam.com.br\/blog\/wp-json\/wp\/v2\/types\/post"}],"author":[{"embeddable":true,"href":"https:\/\/www.ferpam.com.br\/blog\/wp-json\/wp\/v2\/users\/4"}],"replies":[{"embeddable":true,"href":"https:\/\/www.ferpam.com.br\/blog\/wp-json\/wp\/v2\/comments?post=2143"}],"version-history":[{"count":1,"href":"https:\/\/www.ferpam.com.br\/blog\/wp-json\/wp\/v2\/posts\/2143\/revisions"}],"predecessor-version":[{"id":2146,"href":"https:\/\/www.ferpam.com.br\/blog\/wp-json\/wp\/v2\/posts\/2143\/revisions\/2146"}],"wp:featuredmedia":[{"embeddable":true,"href":"https:\/\/www.ferpam.com.br\/blog\/wp-json\/wp\/v2\/media\/2145"}],"wp:attachment":[{"href":"https:\/\/www.ferpam.com.br\/blog\/wp-json\/wp\/v2\/media?parent=2143"}],"wp:term":[{"taxonomy":"category","embeddable":true,"href":"https:\/\/www.ferpam.com.br\/blog\/wp-json\/wp\/v2\/categories?post=2143"},{"taxonomy":"post_tag","embeddable":true,"href":"https:\/\/www.ferpam.com.br\/blog\/wp-json\/wp\/v2\/tags?post=2143"}],"curies":[{"name":"wp","href":"https:\/\/api.w.org\/{rel}","templated":true}]}}