{"id":2147,"date":"2021-02-05T07:59:20","date_gmt":"2021-02-05T07:59:20","guid":{"rendered":"https:\/\/ferpam.widehomolog.biz\/blog\/?p=2147"},"modified":"2021-02-19T17:47:51","modified_gmt":"2021-02-19T17:47:51","slug":"abafador-de-ruidos-frescura-x-necessidade","status":"publish","type":"post","link":"https:\/\/www.ferpam.com.br\/blog\/abafador-de-ruidos-frescura-x-necessidade\/","title":{"rendered":"Abafador de ru\u00eddos: frescura x necessidade"},"content":{"rendered":"<p>A maioria dos trabalhadores da ind\u00fastria de alto padr\u00e3o j\u00e1 conhecem os Abafadores de Ru\u00eddos, pois fazem parte da sua rotina. Mas, ainda assim existem profissionais que duvidam da import\u00e2ncia dos protetores da audi\u00e7\u00e3o. E a\u00ed&#8230; o abafador de ru\u00eddos \u00e9 frescura ou n\u00e3o, vamos entender?<\/p>\n<p>O primeiro passo para elevar nossa compreens\u00e3o sobre este assunto \u00e9 aprender que o som \u00e9 compreendido como algo positivo, enquanto o ru\u00eddo \u00e9 distinguido como algo indesejado, por causar profundo desconforto auditivo.<\/p>\n<p>No ambiente de trabalho existem sons e ru\u00eddos importantes, mas \u00e9 nos ru\u00eddos ocupacionais que devemos nos concentrar aqui para entender se abafador de ru\u00eddo \u00e9 importante ou n\u00e3o. Existem basicamente, tr\u00eas tipo de ru\u00eddos. Veja abaixo!<\/p>\n<p>&#8211; <strong data-redactor-tag=\"b\">O Ru\u00eddo cont\u00ednuo (ocorre sem parar):<\/strong> \u00e9 um barulho cont\u00ednuo e que nunca cessa e que quase faz parte do ambiente o dia todo. Como o barulho das m\u00e1quinas de uma ind\u00fastria em funcionamento, por exemplo.<\/p>\n<p>&#8211; <strong data-redactor-tag=\"b\">O Ru\u00eddo Intermitente (ocorre de vez em quando): <\/strong>\u00e9 um barulho que vem e vai, pausa e volta. Ou seja, tem uma intermit\u00eancia&#8230; um alarme, um apito ou um acionamento de m\u00e1quina, que ocorra com altern\u00e2ncia de per\u00edodos.<\/p>\n<p>&#8211; <strong data-redactor-tag=\"b\">O Ru\u00eddo de impacto (ocorre de repente):<\/strong> este pode ser devido o disparo de uma arma, da queda de objeto, batidas de martelo, uma explos\u00e3o. Um barulho que ocorre de repente e tem curta dura\u00e7\u00e3o.<\/p>\n<p>A presen\u00e7a de ru\u00eddos e sons no trabalho \u00e9 considerada normal sempre? N\u00e3o! A intensidade, a frequ\u00eancia, o tempo de exposi\u00e7\u00e3o e a proximidade do trabalhador \u00e0 fonte de ru\u00eddos s\u00e3o levadas em considera\u00e7\u00e3o para medir a quantidade de prote\u00e7\u00e3o que tal trabalhador precisa utilizar para evitar danos \u00e0 sua sa\u00fade.<\/p>\n<p><strong data-redactor-tag=\"b\">Quais Efeitos negativos de n\u00e3o se proteger contra os ru\u00eddos?<\/strong><\/p>\n<p>&#8211; Problemas na comunica\u00e7\u00e3o (in\u00edcio de uma surdez)<\/p>\n<p>&#8211; Baixa concentra\u00e7\u00e3o (o ru\u00eddo pode estressar o c\u00e9rebro)<\/p>\n<p>&#8211; Desconforto e cansa\u00e7o (dores de cabe\u00e7a, de ouvido e fadiga)<\/p>\n<p>&#8211; Nervosismo (irritabilidade alta)<\/p>\n<p>&#8211; Baixo rendimento (muitas noites sem dormir e fadiga podem gerar desgaste mental e f\u00edsico no trabalhador, trazendo queda de produtividade)<\/p>\n<p>&#8211; Acidentes: quanto mais o trabalhador est\u00e1 afetado e cansado mais altas s\u00e3o as chances de este provocar acidentes de trabalho por desaten\u00e7\u00e3o e falhas de comunica\u00e7\u00e3o.<\/p>\n<p><strong data-redactor-tag=\"b\">Quais os reais efeitos negativos \u00e0 sa\u00fade que os ru\u00eddos podem causar?<\/strong><\/p>\n<p>&#8211; Dor de ouvido, de cabe\u00e7a e muscular<\/p>\n<p>&#8211; Zumbido no ouvido<\/p>\n<p>&#8211; Aumento da press\u00e3o arterial<\/p>\n<p>&#8211; Altera\u00e7\u00f5es na pot\u00eancia sexual e at\u00e9 menstruais<\/p>\n<p>&#8211; Ansiedade e Depress\u00e3o<\/p>\n<p>Diante disto tudo que falamos agora, qual \u00e9 sua opini\u00e3o? Utilizar <a href=\"https:\/\/www.ferpam.com.br\/epi-protec-o-individual\/protec-o-auditiva\">abafadores de ru\u00eddos<\/a> \u00e9 uma frescura, \u00e9 uma coisa importante ou \u00e9 fundamental? Segundo a lei, a prote\u00e7\u00e3o auditiva \u00e9 obriga\u00e7\u00e3o a todo colaborador. E se voc\u00ea \u00e9 aut\u00f4nomo, a responsabilidade de se proteger est\u00e1 em suas m\u00e3os.<\/p>\n<p>A prote\u00e7\u00e3o auditiva pode ser realizada basicamente a partir de dois tipos de equipamentos, tais como: Protetores de inser\u00e7\u00e3o ou concha. A escolha depende da intensidade, da frequ\u00eancia, da proximidade e do tempo de exposi\u00e7\u00e3o aos ru\u00eddos de cada trabalhador.<\/p>\n<p>Protetor auricular simples de silicone<img loading=\"lazy\" decoding=\"async\" class=\"alignnone size-medium wp-image-2148\" src=\"https:\/\/ferpam.widehomolog.biz\/blog\/wp-content\/uploads\/2021\/02\/4c5479fca16477d68b2448a7e4642eec-300x200.jpg\" alt=\"\" width=\"300\" height=\"200\" srcset=\"https:\/\/www.ferpam.com.br\/blog\/wp-content\/uploads\/2021\/02\/4c5479fca16477d68b2448a7e4642eec-300x200.jpg 300w, https:\/\/www.ferpam.com.br\/blog\/wp-content\/uploads\/2021\/02\/4c5479fca16477d68b2448a7e4642eec-1024x683.jpg 1024w, https:\/\/www.ferpam.com.br\/blog\/wp-content\/uploads\/2021\/02\/4c5479fca16477d68b2448a7e4642eec-768x512.jpg 768w, https:\/\/www.ferpam.com.br\/blog\/wp-content\/uploads\/2021\/02\/4c5479fca16477d68b2448a7e4642eec.jpg 1200w\" sizes=\"auto, (max-width: 300px) 100vw, 300px\" \/><\/p>\n<p>Protetor auricular descart\u00e1vel de espuma<img loading=\"lazy\" decoding=\"async\" class=\"alignnone size-medium wp-image-2149\" src=\"https:\/\/ferpam.widehomolog.biz\/blog\/wp-content\/uploads\/2021\/02\/bc9c6e536d9b7a5814f7cea63f26eaa4-300x200.jpg\" alt=\"\" width=\"300\" height=\"200\" srcset=\"https:\/\/www.ferpam.com.br\/blog\/wp-content\/uploads\/2021\/02\/bc9c6e536d9b7a5814f7cea63f26eaa4-300x200.jpg 300w, https:\/\/www.ferpam.com.br\/blog\/wp-content\/uploads\/2021\/02\/bc9c6e536d9b7a5814f7cea63f26eaa4-1024x683.jpg 1024w, https:\/\/www.ferpam.com.br\/blog\/wp-content\/uploads\/2021\/02\/bc9c6e536d9b7a5814f7cea63f26eaa4-768x512.jpg 768w, https:\/\/www.ferpam.com.br\/blog\/wp-content\/uploads\/2021\/02\/bc9c6e536d9b7a5814f7cea63f26eaa4.jpg 1200w\" sizes=\"auto, (max-width: 300px) 100vw, 300px\" \/><\/p>\n<p>Abafador de ru\u00eddos tipo Concha<img loading=\"lazy\" decoding=\"async\" class=\"alignnone size-medium wp-image-2150\" src=\"https:\/\/ferpam.widehomolog.biz\/blog\/wp-content\/uploads\/2021\/02\/cc2761361dfce7c2b2cb656be1a2447c-300x300.jpg\" alt=\"\" width=\"300\" height=\"300\" srcset=\"https:\/\/www.ferpam.com.br\/blog\/wp-content\/uploads\/2021\/02\/cc2761361dfce7c2b2cb656be1a2447c-300x300.jpg 300w, https:\/\/www.ferpam.com.br\/blog\/wp-content\/uploads\/2021\/02\/cc2761361dfce7c2b2cb656be1a2447c-150x150.jpg 150w, https:\/\/www.ferpam.com.br\/blog\/wp-content\/uploads\/2021\/02\/cc2761361dfce7c2b2cb656be1a2447c.jpg 500w\" sizes=\"auto, (max-width: 300px) 100vw, 300px\" \/><\/p>\n","protected":false},"excerpt":{"rendered":"<p>A maioria dos trabalhadores da ind\u00fastria de alto padr\u00e3o j\u00e1 conhecem os Abafadores de Ru\u00eddos, pois fazem parte da sua rotina. Mas, ainda assim existem profissionais que duvidam da import\u00e2ncia dos protetores da audi\u00e7\u00e3o. E a\u00ed&#8230; o abafador de ru\u00eddos \u00e9 frescura ou n\u00e3o, vamos entender? O primeiro passo para elevar nossa compreens\u00e3o sobre este &hellip;<\/p>\n","protected":false},"author":4,"featured_media":2152,"comment_status":"open","ping_status":"open","sticky":false,"template":"","format":"standard","meta":{"footnotes":""},"categories":[1],"tags":[34,31,33,32],"class_list":["post-2147","post","type-post","status-publish","format-standard","has-post-thumbnail","hentry","category-sem-categoria","tag-abafadorderuido","tag-abafadortipoconcha","tag-protecaoauditiva","tag-protetorauricular"],"yoast_head":"<!-- This site is optimized with the Yoast SEO plugin v15.8 - https:\/\/yoast.com\/wordpress\/plugins\/seo\/ -->\n<title>Abafador de ru\u00eddos: frescura x necessidade - Blog Ferpam<\/title>\n<meta name=\"robots\" content=\"index, follow, max-snippet:-1, max-image-preview:large, max-video-preview:-1\" \/>\n<link rel=\"canonical\" href=\"https:\/\/www.ferpam.com.br\/blog\/abafador-de-ruidos-frescura-x-necessidade\/\" \/>\n<meta property=\"og:locale\" content=\"pt_BR\" \/>\n<meta property=\"og:type\" content=\"article\" \/>\n<meta property=\"og:title\" content=\"Abafador de ru\u00eddos: frescura x necessidade - Blog Ferpam\" \/>\n<meta property=\"og:description\" content=\"A maioria dos trabalhadores da ind\u00fastria de alto padr\u00e3o j\u00e1 conhecem os Abafadores de Ru\u00eddos, pois fazem parte da sua rotina. Mas, ainda assim existem profissionais que duvidam da import\u00e2ncia dos protetores da audi\u00e7\u00e3o. E a\u00ed&#8230; o abafador de ru\u00eddos \u00e9 frescura ou n\u00e3o, vamos entender? O primeiro passo para elevar nossa compreens\u00e3o sobre este &hellip;\" \/>\n<meta property=\"og:url\" content=\"https:\/\/www.ferpam.com.br\/blog\/abafador-de-ruidos-frescura-x-necessidade\/\" \/>\n<meta property=\"og:site_name\" content=\"Blog Ferpam\" \/>\n<meta property=\"article:published_time\" content=\"2021-02-05T07:59:20+00:00\" \/>\n<meta property=\"article:modified_time\" content=\"2021-02-19T17:47:51+00:00\" \/>\n<meta property=\"og:image\" content=\"https:\/\/www.ferpam.com.br\/blog\/wp-content\/uploads\/2021\/02\/414742ab0f70842c5fed05abafc2fddb.png\" \/>\n\t<meta property=\"og:image:width\" content=\"968\" \/>\n\t<meta property=\"og:image:height\" content=\"584\" \/>\n<meta name=\"twitter:card\" content=\"summary_large_image\" \/>\n<meta name=\"twitter:label1\" content=\"Est. reading time\">\n\t<meta name=\"twitter:data1\" content=\"3 minutos\">\n<script type=\"application\/ld+json\" class=\"yoast-schema-graph\">{\"@context\":\"https:\/\/schema.org\",\"@graph\":[{\"@type\":\"Organization\",\"@id\":\"https:\/\/www.ferpam.com.br\/blog\/#organization\",\"name\":\"Ferpam\",\"url\":\"https:\/\/www.ferpam.com.br\/blog\/\",\"sameAs\":[],\"logo\":{\"@type\":\"ImageObject\",\"@id\":\"https:\/\/www.ferpam.com.br\/blog\/#logo\",\"inLanguage\":\"pt-BR\",\"url\":\"https:\/\/www.ferpam.com.br\/blog\/wp-content\/uploads\/2021\/02\/logo-1.png\",\"width\":254,\"height\":89,\"caption\":\"Ferpam\"},\"image\":{\"@id\":\"https:\/\/www.ferpam.com.br\/blog\/#logo\"}},{\"@type\":\"WebSite\",\"@id\":\"https:\/\/www.ferpam.com.br\/blog\/#website\",\"url\":\"https:\/\/www.ferpam.com.br\/blog\/\",\"name\":\"Blog Ferpam\",\"description\":\"Not\\u00edcias da Ferpam\",\"publisher\":{\"@id\":\"https:\/\/www.ferpam.com.br\/blog\/#organization\"},\"potentialAction\":[{\"@type\":\"SearchAction\",\"target\":\"https:\/\/www.ferpam.com.br\/blog\/?s={search_term_string}\",\"query-input\":\"required name=search_term_string\"}],\"inLanguage\":\"pt-BR\"},{\"@type\":\"ImageObject\",\"@id\":\"https:\/\/www.ferpam.com.br\/blog\/abafador-de-ruidos-frescura-x-necessidade\/#primaryimage\",\"inLanguage\":\"pt-BR\",\"url\":\"https:\/\/www.ferpam.com.br\/blog\/wp-content\/uploads\/2021\/02\/414742ab0f70842c5fed05abafc2fddb.png\",\"width\":968,\"height\":584},{\"@type\":\"WebPage\",\"@id\":\"https:\/\/www.ferpam.com.br\/blog\/abafador-de-ruidos-frescura-x-necessidade\/#webpage\",\"url\":\"https:\/\/www.ferpam.com.br\/blog\/abafador-de-ruidos-frescura-x-necessidade\/\",\"name\":\"Abafador de ru\\u00eddos: frescura x necessidade - Blog Ferpam\",\"isPartOf\":{\"@id\":\"https:\/\/www.ferpam.com.br\/blog\/#website\"},\"primaryImageOfPage\":{\"@id\":\"https:\/\/www.ferpam.com.br\/blog\/abafador-de-ruidos-frescura-x-necessidade\/#primaryimage\"},\"datePublished\":\"2021-02-05T07:59:20+00:00\",\"dateModified\":\"2021-02-19T17:47:51+00:00\",\"breadcrumb\":{\"@id\":\"https:\/\/www.ferpam.com.br\/blog\/abafador-de-ruidos-frescura-x-necessidade\/#breadcrumb\"},\"inLanguage\":\"pt-BR\",\"potentialAction\":[{\"@type\":\"ReadAction\",\"target\":[\"https:\/\/www.ferpam.com.br\/blog\/abafador-de-ruidos-frescura-x-necessidade\/\"]}]},{\"@type\":\"BreadcrumbList\",\"@id\":\"https:\/\/www.ferpam.com.br\/blog\/abafador-de-ruidos-frescura-x-necessidade\/#breadcrumb\",\"itemListElement\":[{\"@type\":\"ListItem\",\"position\":1,\"item\":{\"@type\":\"WebPage\",\"@id\":\"https:\/\/www.ferpam.com.br\/blog\/\",\"url\":\"https:\/\/www.ferpam.com.br\/blog\/\",\"name\":\"In\\u00edcio\"}},{\"@type\":\"ListItem\",\"position\":2,\"item\":{\"@type\":\"WebPage\",\"@id\":\"https:\/\/www.ferpam.com.br\/blog\/abafador-de-ruidos-frescura-x-necessidade\/\",\"url\":\"https:\/\/www.ferpam.com.br\/blog\/abafador-de-ruidos-frescura-x-necessidade\/\",\"name\":\"Abafador de ru\\u00eddos: frescura x necessidade\"}}]},{\"@type\":\"Article\",\"@id\":\"https:\/\/www.ferpam.com.br\/blog\/abafador-de-ruidos-frescura-x-necessidade\/#article\",\"isPartOf\":{\"@id\":\"https:\/\/www.ferpam.com.br\/blog\/abafador-de-ruidos-frescura-x-necessidade\/#webpage\"},\"author\":{\"@id\":\"https:\/\/www.ferpam.com.br\/blog\/#\/schema\/person\/17c24d0d22dd830e306685f9b94ec5e7\"},\"headline\":\"Abafador de ru\\u00eddos: frescura x necessidade\",\"datePublished\":\"2021-02-05T07:59:20+00:00\",\"dateModified\":\"2021-02-19T17:47:51+00:00\",\"mainEntityOfPage\":{\"@id\":\"https:\/\/www.ferpam.com.br\/blog\/abafador-de-ruidos-frescura-x-necessidade\/#webpage\"},\"commentCount\":0,\"publisher\":{\"@id\":\"https:\/\/www.ferpam.com.br\/blog\/#organization\"},\"image\":{\"@id\":\"https:\/\/www.ferpam.com.br\/blog\/abafador-de-ruidos-frescura-x-necessidade\/#primaryimage\"},\"keywords\":\"abafadorderuido,abafadortipoconcha,protecaoauditiva,protetorauricular\",\"inLanguage\":\"pt-BR\",\"potentialAction\":[{\"@type\":\"CommentAction\",\"name\":\"Comment\",\"target\":[\"https:\/\/www.ferpam.com.br\/blog\/abafador-de-ruidos-frescura-x-necessidade\/#respond\"]}]},{\"@type\":\"Person\",\"@id\":\"https:\/\/www.ferpam.com.br\/blog\/#\/schema\/person\/17c24d0d22dd830e306685f9b94ec5e7\",\"name\":\"Ferpam Blog\",\"image\":{\"@type\":\"ImageObject\",\"@id\":\"https:\/\/www.ferpam.com.br\/blog\/#personlogo\",\"inLanguage\":\"pt-BR\",\"url\":\"https:\/\/secure.gravatar.com\/avatar\/cabb3a541ec0d8bedb85a519259a466229f358a62b34ef4b29cb8d6884944a6c?s=96&d=mm&r=g\",\"caption\":\"Ferpam Blog\"},\"sameAs\":[\"http:\/\/www.ferpam.com.br\"]}]}<\/script>\n<!-- \/ Yoast SEO plugin. -->","_links":{"self":[{"href":"https:\/\/www.ferpam.com.br\/blog\/wp-json\/wp\/v2\/posts\/2147","targetHints":{"allow":["GET"]}}],"collection":[{"href":"https:\/\/www.ferpam.com.br\/blog\/wp-json\/wp\/v2\/posts"}],"about":[{"href":"https:\/\/www.ferpam.com.br\/blog\/wp-json\/wp\/v2\/types\/post"}],"author":[{"embeddable":true,"href":"https:\/\/www.ferpam.com.br\/blog\/wp-json\/wp\/v2\/users\/4"}],"replies":[{"embeddable":true,"href":"https:\/\/www.ferpam.com.br\/blog\/wp-json\/wp\/v2\/comments?post=2147"}],"version-history":[{"count":1,"href":"https:\/\/www.ferpam.com.br\/blog\/wp-json\/wp\/v2\/posts\/2147\/revisions"}],"predecessor-version":[{"id":2153,"href":"https:\/\/www.ferpam.com.br\/blog\/wp-json\/wp\/v2\/posts\/2147\/revisions\/2153"}],"wp:featuredmedia":[{"embeddable":true,"href":"https:\/\/www.ferpam.com.br\/blog\/wp-json\/wp\/v2\/media\/2152"}],"wp:attachment":[{"href":"https:\/\/www.ferpam.com.br\/blog\/wp-json\/wp\/v2\/media?parent=2147"}],"wp:term":[{"taxonomy":"category","embeddable":true,"href":"https:\/\/www.ferpam.com.br\/blog\/wp-json\/wp\/v2\/categories?post=2147"},{"taxonomy":"post_tag","embeddable":true,"href":"https:\/\/www.ferpam.com.br\/blog\/wp-json\/wp\/v2\/tags?post=2147"}],"curies":[{"name":"wp","href":"https:\/\/api.w.org\/{rel}","templated":true}]}}