{"id":2194,"date":"2019-09-19T08:00:53","date_gmt":"2019-09-19T08:00:53","guid":{"rendered":"https:\/\/ferpam.widehomolog.biz\/blog\/?p=2194"},"modified":"2021-02-19T20:07:25","modified_gmt":"2021-02-19T20:07:25","slug":"ferpam-distribui-de-200-mudas-em-alusao-ao-dia-da-arvore","status":"publish","type":"post","link":"https:\/\/www.ferpam.com.br\/blog\/ferpam-distribui-de-200-mudas-em-alusao-ao-dia-da-arvore\/","title":{"rendered":"FERPAM distribui + de 200 mudas em alus\u00e3o ao dia da \u00c1rvore"},"content":{"rendered":"<p>Ferpam realiza, nesta sexta-feira 20, a\u00e7\u00e3o de educa\u00e7\u00e3o ambiental em comemora\u00e7\u00e3o ao dia da \u00e1rvore<\/p>\n<p>Com o intuito de incentivar a preserva\u00e7\u00e3o do meio ambiente e a responsabilidade socioambiental, a Ferpam, empresa do ramo ferragista de Palmas, distribui nesta sexta-feira, 20, mais de 200 mudas de \u00e1rvores nativas da regi\u00e3o.<\/p>\n<p>A iniciativa da distribui\u00e7\u00e3o faz parte das comemora\u00e7\u00f5es pelo Dia da \u00c1rvore e s\u00f3 podem ser retiradas na sede da empresa localizada na 104 Sul Rua SE 07, Conj. 01 LT 16A, no dia 20 de setembro de 2019.<\/p>\n<p>A a\u00e7\u00e3o foi pensada como forma de alertar e mobilizar a popula\u00e7\u00e3o para que as \u00e1rvores sejam preservadas e que campanhas de reflorestamento e educa\u00e7\u00e3o ambiental sejam incentivadas, pois setembro \u00e9 o in\u00edcio da primavera como tamb\u00e9m \u00e9 o m\u00eas que concentra o maior n\u00famero de queimadas, por isso a preocupa\u00e7\u00e3o da empresa quanto a necessidade de mobilizar.<\/p>\n<p>\u201cN\u00f3s temos nos preocupado cada dia mais investir em solu\u00e7\u00f5es sustent\u00e1veis, com a\u00e7\u00f5es simples que geram grandes impactos e tentamos repassa-las para os nossos colaboradores e clientes. Se cada um pensar que o seu pouco, junto com o pouco do outro, poder\u00e1 se tornar muito, faremos a diferen\u00e7a. O ato de pegar uma simples muda, levar para casa e plantar j\u00e1 ser\u00e1 um grande contribui\u00e7\u00e3o para o meio ambiente\u201d, afirma Ivan Ricardo, diretor da empresa Ferpam.<\/p>\n<p>A a\u00e7\u00e3o conta com o apoio da Funda\u00e7\u00e3o Municipal de Meio Ambiente, que cedeu as mudas, produzidas no viveiro de Palmas, para a doa\u00e7\u00e3o.<\/p>\n","protected":false},"excerpt":{"rendered":"<p>Ferpam realiza, nesta sexta-feira 20, a\u00e7\u00e3o de educa\u00e7\u00e3o ambiental em comemora\u00e7\u00e3o ao dia da \u00e1rvore Com o intuito de incentivar a preserva\u00e7\u00e3o do meio ambiente e a responsabilidade socioambiental, a Ferpam, empresa do ramo ferragista de Palmas, distribui nesta sexta-feira, 20, mais de 200 mudas de \u00e1rvores nativas da regi\u00e3o. A iniciativa da distribui\u00e7\u00e3o faz &hellip;<\/p>\n","protected":false},"author":4,"featured_media":2196,"comment_status":"open","ping_status":"open","sticky":false,"template":"","format":"standard","meta":{"footnotes":""},"categories":[26],"tags":[357,356],"class_list":["post-2194","post","type-post","status-publish","format-standard","has-post-thumbnail","hentry","category-noticias-ferpam","tag-diadaarvore","tag-noticiasferpam"],"yoast_head":"<!-- This site is optimized with the Yoast SEO plugin v15.8 - https:\/\/yoast.com\/wordpress\/plugins\/seo\/ -->\n<title>FERPAM distribui + de 200 mudas em alus\u00e3o ao dia da \u00c1rvore - Blog Ferpam<\/title>\n<meta name=\"robots\" content=\"index, follow, max-snippet:-1, max-image-preview:large, max-video-preview:-1\" \/>\n<link rel=\"canonical\" href=\"https:\/\/www.ferpam.com.br\/blog\/ferpam-distribui-de-200-mudas-em-alusao-ao-dia-da-arvore\/\" \/>\n<meta property=\"og:locale\" content=\"pt_BR\" \/>\n<meta property=\"og:type\" content=\"article\" \/>\n<meta property=\"og:title\" content=\"FERPAM distribui + de 200 mudas em alus\u00e3o ao dia da \u00c1rvore - Blog Ferpam\" \/>\n<meta property=\"og:description\" content=\"Ferpam realiza, nesta sexta-feira 20, a\u00e7\u00e3o de educa\u00e7\u00e3o ambiental em comemora\u00e7\u00e3o ao dia da \u00e1rvore Com o intuito de incentivar a preserva\u00e7\u00e3o do meio ambiente e a responsabilidade socioambiental, a Ferpam, empresa do ramo ferragista de Palmas, distribui nesta sexta-feira, 20, mais de 200 mudas de \u00e1rvores nativas da regi\u00e3o. A iniciativa da distribui\u00e7\u00e3o faz &hellip;\" \/>\n<meta property=\"og:url\" content=\"https:\/\/www.ferpam.com.br\/blog\/ferpam-distribui-de-200-mudas-em-alusao-ao-dia-da-arvore\/\" \/>\n<meta property=\"og:site_name\" content=\"Blog Ferpam\" \/>\n<meta property=\"article:published_time\" content=\"2019-09-19T08:00:53+00:00\" \/>\n<meta property=\"article:modified_time\" content=\"2021-02-19T20:07:25+00:00\" \/>\n<meta property=\"og:image\" content=\"https:\/\/www.ferpam.com.br\/blog\/wp-content\/uploads\/2019\/09\/525cd9001d182e2b5fa1d0a3f6fc2a801.jpeg\" \/>\n\t<meta property=\"og:image:width\" content=\"971\" \/>\n\t<meta property=\"og:image:height\" content=\"587\" \/>\n<meta name=\"twitter:card\" content=\"summary_large_image\" \/>\n<meta name=\"twitter:label1\" content=\"Est. reading time\">\n\t<meta name=\"twitter:data1\" content=\"2 minutos\">\n<script type=\"application\/ld+json\" class=\"yoast-schema-graph\">{\"@context\":\"https:\/\/schema.org\",\"@graph\":[{\"@type\":\"Organization\",\"@id\":\"https:\/\/www.ferpam.com.br\/blog\/#organization\",\"name\":\"Ferpam\",\"url\":\"https:\/\/www.ferpam.com.br\/blog\/\",\"sameAs\":[],\"logo\":{\"@type\":\"ImageObject\",\"@id\":\"https:\/\/www.ferpam.com.br\/blog\/#logo\",\"inLanguage\":\"pt-BR\",\"url\":\"https:\/\/www.ferpam.com.br\/blog\/wp-content\/uploads\/2021\/02\/logo-1.png\",\"width\":254,\"height\":89,\"caption\":\"Ferpam\"},\"image\":{\"@id\":\"https:\/\/www.ferpam.com.br\/blog\/#logo\"}},{\"@type\":\"WebSite\",\"@id\":\"https:\/\/www.ferpam.com.br\/blog\/#website\",\"url\":\"https:\/\/www.ferpam.com.br\/blog\/\",\"name\":\"Blog Ferpam\",\"description\":\"Not\\u00edcias da Ferpam\",\"publisher\":{\"@id\":\"https:\/\/www.ferpam.com.br\/blog\/#organization\"},\"potentialAction\":[{\"@type\":\"SearchAction\",\"target\":\"https:\/\/www.ferpam.com.br\/blog\/?s={search_term_string}\",\"query-input\":\"required name=search_term_string\"}],\"inLanguage\":\"pt-BR\"},{\"@type\":\"ImageObject\",\"@id\":\"https:\/\/www.ferpam.com.br\/blog\/ferpam-distribui-de-200-mudas-em-alusao-ao-dia-da-arvore\/#primaryimage\",\"inLanguage\":\"pt-BR\",\"url\":\"https:\/\/www.ferpam.com.br\/blog\/wp-content\/uploads\/2019\/09\/525cd9001d182e2b5fa1d0a3f6fc2a801.jpeg\",\"width\":971,\"height\":587},{\"@type\":\"WebPage\",\"@id\":\"https:\/\/www.ferpam.com.br\/blog\/ferpam-distribui-de-200-mudas-em-alusao-ao-dia-da-arvore\/#webpage\",\"url\":\"https:\/\/www.ferpam.com.br\/blog\/ferpam-distribui-de-200-mudas-em-alusao-ao-dia-da-arvore\/\",\"name\":\"FERPAM distribui + de 200 mudas em alus\\u00e3o ao dia da \\u00c1rvore - Blog Ferpam\",\"isPartOf\":{\"@id\":\"https:\/\/www.ferpam.com.br\/blog\/#website\"},\"primaryImageOfPage\":{\"@id\":\"https:\/\/www.ferpam.com.br\/blog\/ferpam-distribui-de-200-mudas-em-alusao-ao-dia-da-arvore\/#primaryimage\"},\"datePublished\":\"2019-09-19T08:00:53+00:00\",\"dateModified\":\"2021-02-19T20:07:25+00:00\",\"breadcrumb\":{\"@id\":\"https:\/\/www.ferpam.com.br\/blog\/ferpam-distribui-de-200-mudas-em-alusao-ao-dia-da-arvore\/#breadcrumb\"},\"inLanguage\":\"pt-BR\",\"potentialAction\":[{\"@type\":\"ReadAction\",\"target\":[\"https:\/\/www.ferpam.com.br\/blog\/ferpam-distribui-de-200-mudas-em-alusao-ao-dia-da-arvore\/\"]}]},{\"@type\":\"BreadcrumbList\",\"@id\":\"https:\/\/www.ferpam.com.br\/blog\/ferpam-distribui-de-200-mudas-em-alusao-ao-dia-da-arvore\/#breadcrumb\",\"itemListElement\":[{\"@type\":\"ListItem\",\"position\":1,\"item\":{\"@type\":\"WebPage\",\"@id\":\"https:\/\/www.ferpam.com.br\/blog\/\",\"url\":\"https:\/\/www.ferpam.com.br\/blog\/\",\"name\":\"In\\u00edcio\"}},{\"@type\":\"ListItem\",\"position\":2,\"item\":{\"@type\":\"WebPage\",\"@id\":\"https:\/\/www.ferpam.com.br\/blog\/ferpam-distribui-de-200-mudas-em-alusao-ao-dia-da-arvore\/\",\"url\":\"https:\/\/www.ferpam.com.br\/blog\/ferpam-distribui-de-200-mudas-em-alusao-ao-dia-da-arvore\/\",\"name\":\"FERPAM distribui + de 200 mudas em alus\\u00e3o ao dia da \\u00c1rvore\"}}]},{\"@type\":\"Article\",\"@id\":\"https:\/\/www.ferpam.com.br\/blog\/ferpam-distribui-de-200-mudas-em-alusao-ao-dia-da-arvore\/#article\",\"isPartOf\":{\"@id\":\"https:\/\/www.ferpam.com.br\/blog\/ferpam-distribui-de-200-mudas-em-alusao-ao-dia-da-arvore\/#webpage\"},\"author\":{\"@id\":\"https:\/\/www.ferpam.com.br\/blog\/#\/schema\/person\/17c24d0d22dd830e306685f9b94ec5e7\"},\"headline\":\"FERPAM distribui + de 200 mudas em alus\\u00e3o ao dia da \\u00c1rvore\",\"datePublished\":\"2019-09-19T08:00:53+00:00\",\"dateModified\":\"2021-02-19T20:07:25+00:00\",\"mainEntityOfPage\":{\"@id\":\"https:\/\/www.ferpam.com.br\/blog\/ferpam-distribui-de-200-mudas-em-alusao-ao-dia-da-arvore\/#webpage\"},\"commentCount\":0,\"publisher\":{\"@id\":\"https:\/\/www.ferpam.com.br\/blog\/#organization\"},\"image\":{\"@id\":\"https:\/\/www.ferpam.com.br\/blog\/ferpam-distribui-de-200-mudas-em-alusao-ao-dia-da-arvore\/#primaryimage\"},\"keywords\":\"diadaarvore,noticiasferpam\",\"articleSection\":\"Not\\u00edcias Ferpam\",\"inLanguage\":\"pt-BR\",\"potentialAction\":[{\"@type\":\"CommentAction\",\"name\":\"Comment\",\"target\":[\"https:\/\/www.ferpam.com.br\/blog\/ferpam-distribui-de-200-mudas-em-alusao-ao-dia-da-arvore\/#respond\"]}]},{\"@type\":\"Person\",\"@id\":\"https:\/\/www.ferpam.com.br\/blog\/#\/schema\/person\/17c24d0d22dd830e306685f9b94ec5e7\",\"name\":\"Ferpam Blog\",\"image\":{\"@type\":\"ImageObject\",\"@id\":\"https:\/\/www.ferpam.com.br\/blog\/#personlogo\",\"inLanguage\":\"pt-BR\",\"url\":\"https:\/\/secure.gravatar.com\/avatar\/cabb3a541ec0d8bedb85a519259a466229f358a62b34ef4b29cb8d6884944a6c?s=96&d=mm&r=g\",\"caption\":\"Ferpam Blog\"},\"sameAs\":[\"http:\/\/www.ferpam.com.br\"]}]}<\/script>\n<!-- \/ Yoast SEO plugin. -->","_links":{"self":[{"href":"https:\/\/www.ferpam.com.br\/blog\/wp-json\/wp\/v2\/posts\/2194","targetHints":{"allow":["GET"]}}],"collection":[{"href":"https:\/\/www.ferpam.com.br\/blog\/wp-json\/wp\/v2\/posts"}],"about":[{"href":"https:\/\/www.ferpam.com.br\/blog\/wp-json\/wp\/v2\/types\/post"}],"author":[{"embeddable":true,"href":"https:\/\/www.ferpam.com.br\/blog\/wp-json\/wp\/v2\/users\/4"}],"replies":[{"embeddable":true,"href":"https:\/\/www.ferpam.com.br\/blog\/wp-json\/wp\/v2\/comments?post=2194"}],"version-history":[{"count":1,"href":"https:\/\/www.ferpam.com.br\/blog\/wp-json\/wp\/v2\/posts\/2194\/revisions"}],"predecessor-version":[{"id":2195,"href":"https:\/\/www.ferpam.com.br\/blog\/wp-json\/wp\/v2\/posts\/2194\/revisions\/2195"}],"wp:featuredmedia":[{"embeddable":true,"href":"https:\/\/www.ferpam.com.br\/blog\/wp-json\/wp\/v2\/media\/2196"}],"wp:attachment":[{"href":"https:\/\/www.ferpam.com.br\/blog\/wp-json\/wp\/v2\/media?parent=2194"}],"wp:term":[{"taxonomy":"category","embeddable":true,"href":"https:\/\/www.ferpam.com.br\/blog\/wp-json\/wp\/v2\/categories?post=2194"},{"taxonomy":"post_tag","embeddable":true,"href":"https:\/\/www.ferpam.com.br\/blog\/wp-json\/wp\/v2\/tags?post=2194"}],"curies":[{"name":"wp","href":"https:\/\/api.w.org\/{rel}","templated":true}]}}