{"id":2201,"date":"2019-10-01T14:00:32","date_gmt":"2019-10-01T14:00:32","guid":{"rendered":"https:\/\/ferpam.widehomolog.biz\/blog\/?p=2201"},"modified":"2021-02-19T20:14:38","modified_gmt":"2021-02-19T20:14:38","slug":"1o-encontro-do-clube-dos-mecanicos-de-palmas","status":"publish","type":"post","link":"https:\/\/www.ferpam.com.br\/blog\/1o-encontro-do-clube-dos-mecanicos-de-palmas\/","title":{"rendered":"1\u00b0 Encontro do Club dos Mec\u00e2nicos de Palmas"},"content":{"rendered":"<p>A Ferpam promoveu no \u00faltimo s\u00e1bado, 28 de setembro, um evento especial para lan\u00e7ar o Clube dos Mec\u00e2nicos de Palmas. Confira como foi este o 1\u00ba Encontro do Clube de Mec\u00e2nicos de Palmas.<\/p>\n<p>O Objetivo desta a\u00e7\u00e3o \u00e9 estar capacitando e confraternizando com profissionais da \u00e1rea da mec\u00e2nica, n\u00e3o s\u00f3 para apresentar as melhores ferramentas e m\u00e1quinas, mas tamb\u00e9m para gerar network entre a comunidade de mec\u00e2nicos de Palmas.<\/p>\n<p><img loading=\"lazy\" decoding=\"async\" class=\"alignnone size-medium wp-image-2202\" src=\"https:\/\/ferpam.widehomolog.biz\/blog\/wp-content\/uploads\/2021\/02\/d0f75778b66235e8d864a787c3e832e01-300x267.jpg\" alt=\"\" width=\"300\" height=\"267\" srcset=\"https:\/\/www.ferpam.com.br\/blog\/wp-content\/uploads\/2021\/02\/d0f75778b66235e8d864a787c3e832e01-300x267.jpg 300w, https:\/\/www.ferpam.com.br\/blog\/wp-content\/uploads\/2021\/02\/d0f75778b66235e8d864a787c3e832e01.jpg 500w\" sizes=\"auto, (max-width: 300px) 100vw, 300px\" \/><\/p>\n<p><img loading=\"lazy\" decoding=\"async\" class=\"alignnone size-medium wp-image-2203\" src=\"https:\/\/ferpam.widehomolog.biz\/blog\/wp-content\/uploads\/2021\/02\/ace20ebcb5408db6a795e3a71ac4779e1-300x225.jpg\" alt=\"\" width=\"300\" height=\"225\" srcset=\"https:\/\/www.ferpam.com.br\/blog\/wp-content\/uploads\/2021\/02\/ace20ebcb5408db6a795e3a71ac4779e1-300x225.jpg 300w, https:\/\/www.ferpam.com.br\/blog\/wp-content\/uploads\/2021\/02\/ace20ebcb5408db6a795e3a71ac4779e1.jpg 500w\" sizes=\"auto, (max-width: 300px) 100vw, 300px\" \/><\/p>\n<p><img loading=\"lazy\" decoding=\"async\" class=\"alignnone size-medium wp-image-2204\" src=\"https:\/\/ferpam.widehomolog.biz\/blog\/wp-content\/uploads\/2021\/02\/20720ee9e962befe5fd77ad776f8915b1-300x225.jpg\" alt=\"\" width=\"300\" height=\"225\" srcset=\"https:\/\/www.ferpam.com.br\/blog\/wp-content\/uploads\/2021\/02\/20720ee9e962befe5fd77ad776f8915b1-300x225.jpg 300w, https:\/\/www.ferpam.com.br\/blog\/wp-content\/uploads\/2021\/02\/20720ee9e962befe5fd77ad776f8915b1.jpg 500w\" sizes=\"auto, (max-width: 300px) 100vw, 300px\" \/><\/p>\n<p><img loading=\"lazy\" decoding=\"async\" class=\"alignnone size-medium wp-image-2205\" src=\"https:\/\/ferpam.widehomolog.biz\/blog\/wp-content\/uploads\/2021\/02\/653d544e4395372afb618a60ba1d1ac91-271x300.jpg\" alt=\"\" width=\"271\" height=\"300\" srcset=\"https:\/\/www.ferpam.com.br\/blog\/wp-content\/uploads\/2021\/02\/653d544e4395372afb618a60ba1d1ac91-271x300.jpg 271w, https:\/\/www.ferpam.com.br\/blog\/wp-content\/uploads\/2021\/02\/653d544e4395372afb618a60ba1d1ac91.jpg 600w\" sizes=\"auto, (max-width: 271px) 100vw, 271px\" \/><\/p>\n<p><img loading=\"lazy\" decoding=\"async\" class=\"alignnone size-medium wp-image-2206\" src=\"https:\/\/ferpam.widehomolog.biz\/blog\/wp-content\/uploads\/2021\/02\/43eca217be4f25df976b57197cfe94361-237x300.jpg\" alt=\"\" width=\"237\" height=\"300\" srcset=\"https:\/\/www.ferpam.com.br\/blog\/wp-content\/uploads\/2021\/02\/43eca217be4f25df976b57197cfe94361-237x300.jpg 237w, https:\/\/www.ferpam.com.br\/blog\/wp-content\/uploads\/2021\/02\/43eca217be4f25df976b57197cfe94361.jpg 500w\" sizes=\"auto, (max-width: 237px) 100vw, 237px\" \/><\/p>\n","protected":false},"excerpt":{"rendered":"<p>A Ferpam promoveu no \u00faltimo s\u00e1bado, 28 de setembro, um evento especial para lan\u00e7ar o Clube dos Mec\u00e2nicos de Palmas. Confira como foi este o 1\u00ba Encontro do Clube de Mec\u00e2nicos de Palmas. O Objetivo desta a\u00e7\u00e3o \u00e9 estar capacitando e confraternizando com profissionais da \u00e1rea da mec\u00e2nica, n\u00e3o s\u00f3 para apresentar as melhores ferramentas &hellip;<\/p>\n","protected":false},"author":4,"featured_media":2207,"comment_status":"open","ping_status":"open","sticky":false,"template":"","format":"standard","meta":{"footnotes":""},"categories":[26],"tags":[],"class_list":["post-2201","post","type-post","status-publish","format-standard","has-post-thumbnail","hentry","category-noticias-ferpam"],"yoast_head":"<!-- This site is optimized with the Yoast SEO plugin v15.8 - https:\/\/yoast.com\/wordpress\/plugins\/seo\/ -->\n<title>1\u00b0 Encontro do Club dos Mec\u00e2nicos de Palmas - Blog Ferpam<\/title>\n<meta name=\"robots\" content=\"index, follow, max-snippet:-1, max-image-preview:large, max-video-preview:-1\" \/>\n<link rel=\"canonical\" href=\"https:\/\/www.ferpam.com.br\/blog\/1o-encontro-do-clube-dos-mecanicos-de-palmas\/\" \/>\n<meta property=\"og:locale\" content=\"pt_BR\" \/>\n<meta property=\"og:type\" content=\"article\" \/>\n<meta property=\"og:title\" content=\"1\u00b0 Encontro do Club dos Mec\u00e2nicos de Palmas - Blog Ferpam\" \/>\n<meta property=\"og:description\" content=\"A Ferpam promoveu no \u00faltimo s\u00e1bado, 28 de setembro, um evento especial para lan\u00e7ar o Clube dos Mec\u00e2nicos de Palmas. Confira como foi este o 1\u00ba Encontro do Clube de Mec\u00e2nicos de Palmas. O Objetivo desta a\u00e7\u00e3o \u00e9 estar capacitando e confraternizando com profissionais da \u00e1rea da mec\u00e2nica, n\u00e3o s\u00f3 para apresentar as melhores ferramentas &hellip;\" \/>\n<meta property=\"og:url\" content=\"https:\/\/www.ferpam.com.br\/blog\/1o-encontro-do-clube-dos-mecanicos-de-palmas\/\" \/>\n<meta property=\"og:site_name\" content=\"Blog Ferpam\" \/>\n<meta property=\"article:published_time\" content=\"2019-10-01T14:00:32+00:00\" \/>\n<meta property=\"article:modified_time\" content=\"2021-02-19T20:14:38+00:00\" \/>\n<meta property=\"og:image\" content=\"https:\/\/www.ferpam.com.br\/blog\/wp-content\/uploads\/2021\/02\/5ea2ca317b1ff0e263902cb0e2f63c951.png\" \/>\n\t<meta property=\"og:image:width\" content=\"965\" \/>\n\t<meta property=\"og:image:height\" content=\"580\" \/>\n<meta name=\"twitter:card\" content=\"summary_large_image\" \/>\n<meta name=\"twitter:label1\" content=\"Est. reading time\">\n\t<meta name=\"twitter:data1\" content=\"2 minutos\">\n<script type=\"application\/ld+json\" class=\"yoast-schema-graph\">{\"@context\":\"https:\/\/schema.org\",\"@graph\":[{\"@type\":\"Organization\",\"@id\":\"https:\/\/www.ferpam.com.br\/blog\/#organization\",\"name\":\"Ferpam\",\"url\":\"https:\/\/www.ferpam.com.br\/blog\/\",\"sameAs\":[],\"logo\":{\"@type\":\"ImageObject\",\"@id\":\"https:\/\/www.ferpam.com.br\/blog\/#logo\",\"inLanguage\":\"pt-BR\",\"url\":\"https:\/\/www.ferpam.com.br\/blog\/wp-content\/uploads\/2021\/02\/logo-1.png\",\"width\":254,\"height\":89,\"caption\":\"Ferpam\"},\"image\":{\"@id\":\"https:\/\/www.ferpam.com.br\/blog\/#logo\"}},{\"@type\":\"WebSite\",\"@id\":\"https:\/\/www.ferpam.com.br\/blog\/#website\",\"url\":\"https:\/\/www.ferpam.com.br\/blog\/\",\"name\":\"Blog Ferpam\",\"description\":\"Not\\u00edcias da Ferpam\",\"publisher\":{\"@id\":\"https:\/\/www.ferpam.com.br\/blog\/#organization\"},\"potentialAction\":[{\"@type\":\"SearchAction\",\"target\":\"https:\/\/www.ferpam.com.br\/blog\/?s={search_term_string}\",\"query-input\":\"required name=search_term_string\"}],\"inLanguage\":\"pt-BR\"},{\"@type\":\"ImageObject\",\"@id\":\"https:\/\/www.ferpam.com.br\/blog\/1o-encontro-do-clube-dos-mecanicos-de-palmas\/#primaryimage\",\"inLanguage\":\"pt-BR\",\"url\":\"https:\/\/www.ferpam.com.br\/blog\/wp-content\/uploads\/2021\/02\/5ea2ca317b1ff0e263902cb0e2f63c951.png\",\"width\":965,\"height\":580},{\"@type\":\"WebPage\",\"@id\":\"https:\/\/www.ferpam.com.br\/blog\/1o-encontro-do-clube-dos-mecanicos-de-palmas\/#webpage\",\"url\":\"https:\/\/www.ferpam.com.br\/blog\/1o-encontro-do-clube-dos-mecanicos-de-palmas\/\",\"name\":\"1\\u00b0 Encontro do Club dos Mec\\u00e2nicos de Palmas - Blog Ferpam\",\"isPartOf\":{\"@id\":\"https:\/\/www.ferpam.com.br\/blog\/#website\"},\"primaryImageOfPage\":{\"@id\":\"https:\/\/www.ferpam.com.br\/blog\/1o-encontro-do-clube-dos-mecanicos-de-palmas\/#primaryimage\"},\"datePublished\":\"2019-10-01T14:00:32+00:00\",\"dateModified\":\"2021-02-19T20:14:38+00:00\",\"breadcrumb\":{\"@id\":\"https:\/\/www.ferpam.com.br\/blog\/1o-encontro-do-clube-dos-mecanicos-de-palmas\/#breadcrumb\"},\"inLanguage\":\"pt-BR\",\"potentialAction\":[{\"@type\":\"ReadAction\",\"target\":[\"https:\/\/www.ferpam.com.br\/blog\/1o-encontro-do-clube-dos-mecanicos-de-palmas\/\"]}]},{\"@type\":\"BreadcrumbList\",\"@id\":\"https:\/\/www.ferpam.com.br\/blog\/1o-encontro-do-clube-dos-mecanicos-de-palmas\/#breadcrumb\",\"itemListElement\":[{\"@type\":\"ListItem\",\"position\":1,\"item\":{\"@type\":\"WebPage\",\"@id\":\"https:\/\/www.ferpam.com.br\/blog\/\",\"url\":\"https:\/\/www.ferpam.com.br\/blog\/\",\"name\":\"In\\u00edcio\"}},{\"@type\":\"ListItem\",\"position\":2,\"item\":{\"@type\":\"WebPage\",\"@id\":\"https:\/\/www.ferpam.com.br\/blog\/1o-encontro-do-clube-dos-mecanicos-de-palmas\/\",\"url\":\"https:\/\/www.ferpam.com.br\/blog\/1o-encontro-do-clube-dos-mecanicos-de-palmas\/\",\"name\":\"1\\u00b0 Encontro do Club dos Mec\\u00e2nicos de Palmas\"}}]},{\"@type\":\"Article\",\"@id\":\"https:\/\/www.ferpam.com.br\/blog\/1o-encontro-do-clube-dos-mecanicos-de-palmas\/#article\",\"isPartOf\":{\"@id\":\"https:\/\/www.ferpam.com.br\/blog\/1o-encontro-do-clube-dos-mecanicos-de-palmas\/#webpage\"},\"author\":{\"@id\":\"https:\/\/www.ferpam.com.br\/blog\/#\/schema\/person\/17c24d0d22dd830e306685f9b94ec5e7\"},\"headline\":\"1\\u00b0 Encontro do Club dos Mec\\u00e2nicos de Palmas\",\"datePublished\":\"2019-10-01T14:00:32+00:00\",\"dateModified\":\"2021-02-19T20:14:38+00:00\",\"mainEntityOfPage\":{\"@id\":\"https:\/\/www.ferpam.com.br\/blog\/1o-encontro-do-clube-dos-mecanicos-de-palmas\/#webpage\"},\"commentCount\":0,\"publisher\":{\"@id\":\"https:\/\/www.ferpam.com.br\/blog\/#organization\"},\"image\":{\"@id\":\"https:\/\/www.ferpam.com.br\/blog\/1o-encontro-do-clube-dos-mecanicos-de-palmas\/#primaryimage\"},\"articleSection\":\"Not\\u00edcias Ferpam\",\"inLanguage\":\"pt-BR\",\"potentialAction\":[{\"@type\":\"CommentAction\",\"name\":\"Comment\",\"target\":[\"https:\/\/www.ferpam.com.br\/blog\/1o-encontro-do-clube-dos-mecanicos-de-palmas\/#respond\"]}]},{\"@type\":\"Person\",\"@id\":\"https:\/\/www.ferpam.com.br\/blog\/#\/schema\/person\/17c24d0d22dd830e306685f9b94ec5e7\",\"name\":\"Ferpam Blog\",\"image\":{\"@type\":\"ImageObject\",\"@id\":\"https:\/\/www.ferpam.com.br\/blog\/#personlogo\",\"inLanguage\":\"pt-BR\",\"url\":\"https:\/\/secure.gravatar.com\/avatar\/cabb3a541ec0d8bedb85a519259a466229f358a62b34ef4b29cb8d6884944a6c?s=96&d=mm&r=g\",\"caption\":\"Ferpam Blog\"},\"sameAs\":[\"http:\/\/www.ferpam.com.br\"]}]}<\/script>\n<!-- \/ Yoast SEO plugin. -->","_links":{"self":[{"href":"https:\/\/www.ferpam.com.br\/blog\/wp-json\/wp\/v2\/posts\/2201","targetHints":{"allow":["GET"]}}],"collection":[{"href":"https:\/\/www.ferpam.com.br\/blog\/wp-json\/wp\/v2\/posts"}],"about":[{"href":"https:\/\/www.ferpam.com.br\/blog\/wp-json\/wp\/v2\/types\/post"}],"author":[{"embeddable":true,"href":"https:\/\/www.ferpam.com.br\/blog\/wp-json\/wp\/v2\/users\/4"}],"replies":[{"embeddable":true,"href":"https:\/\/www.ferpam.com.br\/blog\/wp-json\/wp\/v2\/comments?post=2201"}],"version-history":[{"count":1,"href":"https:\/\/www.ferpam.com.br\/blog\/wp-json\/wp\/v2\/posts\/2201\/revisions"}],"predecessor-version":[{"id":2208,"href":"https:\/\/www.ferpam.com.br\/blog\/wp-json\/wp\/v2\/posts\/2201\/revisions\/2208"}],"wp:featuredmedia":[{"embeddable":true,"href":"https:\/\/www.ferpam.com.br\/blog\/wp-json\/wp\/v2\/media\/2207"}],"wp:attachment":[{"href":"https:\/\/www.ferpam.com.br\/blog\/wp-json\/wp\/v2\/media?parent=2201"}],"wp:term":[{"taxonomy":"category","embeddable":true,"href":"https:\/\/www.ferpam.com.br\/blog\/wp-json\/wp\/v2\/categories?post=2201"},{"taxonomy":"post_tag","embeddable":true,"href":"https:\/\/www.ferpam.com.br\/blog\/wp-json\/wp\/v2\/tags?post=2201"}],"curies":[{"name":"wp","href":"https:\/\/api.w.org\/{rel}","templated":true}]}}