{"id":2352,"date":"2022-01-04T09:00:31","date_gmt":"2022-01-04T09:00:31","guid":{"rendered":"https:\/\/www.ferpam.com.br\/blog\/?p=2352"},"modified":"2022-01-19T21:58:13","modified_gmt":"2022-01-19T21:58:13","slug":"dicas-ferpam-como-escolher-o-ventilador-ideal-para-cada-ambiente","status":"publish","type":"post","link":"https:\/\/www.ferpam.com.br\/blog\/dicas-ferpam-como-escolher-o-ventilador-ideal-para-cada-ambiente\/","title":{"rendered":"Dicas Ferpam: como escolher o ventilador ideal para cada ambiente"},"content":{"rendered":"<p><span style=\"font-weight: 400;\">Em um pa\u00eds tropical como o Brasil, onde existem muitos dias quentes, onde o calor \u00e9 um grande inc\u00f4modo, contar com um ventilador \u00e9 uma excelente op\u00e7\u00e3o para deixar os ambientes mais arejados e ainda economizar recursos com outras solu\u00e7\u00f5es, como o ar-condicionado.<\/span><\/p>\n<p><span style=\"font-weight: 400;\">No entanto, como existem diversas op\u00e7\u00f5es de modelos de ventilador \u00e9 comum que surja a d\u00favida sobre qual op\u00e7\u00e3o \u00e9 a mais adequada. Para sanar parte deste questionamento, elencamos abaixo os principais modelos de ventilador e quais s\u00e3o os ambientes mais indicados para a sua utiliza\u00e7\u00e3o, confira:<\/span><\/p>\n<h2><span style=\"font-weight: 400;\">Ventilador de teto<\/span><\/h2>\n<p><span style=\"font-weight: 400;\">O ventilador de teto \u00e9 mais indicado para ambientes amplos, dado que permite arejar de forma uniforme e eficiente grandes espa\u00e7os. Alguns modelos possuem o modo exaustor, que proporciona a substitui\u00e7\u00e3o do ar quente pelo ar frio, trazendo ainda mais conforto t\u00e9rmico.<\/span><\/p>\n<h2><span style=\"font-weight: 400;\">Ventilador de mesa<\/span><\/h2>\n<p><span style=\"font-weight: 400;\">Um dos modelos mais comuns e vers\u00e1teis, o ventilador de mesa \u00e9 uma solu\u00e7\u00e3o leve e port\u00e1til, que pode ser carregado para diferentes ambientes, al\u00e9m de ser utilizado no ch\u00e3o, apoiado em mesas ou outros suportes. Entre os ajustes mais comuns est\u00e1 a oscila\u00e7\u00e3o, que permite que o ventilador gire de um lado ao outro, refrescando melhor o ambiente. Se trata de uma solu\u00e7\u00e3o port\u00e1til, logo, \u00e9 mais dif\u00edcil de se adequar a uma decora\u00e7\u00e3o e possui a vida \u00fatil mais breve.<\/span><\/p>\n<h2><span style=\"font-weight: 400;\">Ventilador de parede<\/span><\/h2>\n<p><span style=\"font-weight: 400;\">Mais recomendado para ambientes de tamanho m\u00e9dio a grandes, o ventilador de parede pode ser instalado tamb\u00e9m em colunas, e \u00e9 totalmente regul\u00e1vel na horizontal, onde alguns ainda contam com um ajuste vertical. Outros modelos mais sofisticados tamb\u00e9m disp\u00f5e de uma lumin\u00e1ria central, o que al\u00e9m de auxiliar na ilumina\u00e7\u00e3o ainda permite uma facilidade maior para compor a decora\u00e7\u00e3o.<\/span><\/p>\n<h2><span style=\"font-weight: 400;\">Ventilador de coluna ou pedestal<\/span><\/h2>\n<p><span style=\"font-weight: 400;\">Semelhante ao ventilador de mesa, o modelo com coluna possui um p\u00e9 mais comprido, mantendo uma dist\u00e2ncia maior do ch\u00e3o, o que permite a sua utiliza\u00e7\u00e3o de modo mais simples em locais onde as pessoas normalmente se encontram sentadas, como em salas e escrit\u00f3rios.<\/span><\/p>\n<h2><span style=\"font-weight: 400;\">Ventilador de torre<\/span><\/h2>\n<p><span style=\"font-weight: 400;\">Mais indicado para ambientes pequenos, o modelo de torre tamb\u00e9m se assemelha ao ventilador de mesa, no entanto, costuma ser ligeiramente menos potente, por\u00e9m, tamb\u00e9m \u00e9 mais silencioso, por isso \u00e9\u00a0 utilizado em quartos e escrit\u00f3rios. Os modelos mais comuns s\u00e3o fixos, mas tamb\u00e9m h\u00e1 op\u00e7\u00f5es que oscilam, dentre outras tecnologias, como uma programa\u00e7\u00e3o autom\u00e1tica para ligar e desligar.<\/span><\/p>\n<h2><span style=\"font-weight: 400;\">Circulador de ar<\/span><\/h2>\n<p><span style=\"font-weight: 400;\">\u00c9 comum a confus\u00e3o entre o circulador de ar e o ventilador de mesa, no entanto, esse modelo n\u00e3o direciona o vento para um ponto espec\u00edfico, mas sim para todos os lados e dire\u00e7\u00f5es, arejando de modo mais uniforme o ambiente de tamanho m\u00e9dio ou pequeno.<\/span><\/p>\n<p><span style=\"font-weight: 400;\">Agora que voc\u00ea j\u00e1 sabe como escolher melhor o ventilador para cada ambiente, confira as ofertas dispon\u00edveis na Ferpam, que tamb\u00e9m conta com uma s\u00e9rie de solu\u00e7\u00f5es em <\/span><a href=\"https:\/\/www.ferpam.com.br\/ferramentas-e-maquinas\/pneumaticas\" target=\"_blank\" rel=\"noopener\"><b>ferramentas pneum\u00e1ticas<\/b><span style=\"font-weight: 400;\">,<\/span><\/a> <a href=\"https:\/\/www.ferpam.com.br\/ferramentas-e-maquinas\/materiais-eletricos\" target=\"_blank\" rel=\"noopener\"><b>materiais el\u00e9tricos<\/b><\/a><span style=\"font-weight: 400;\"> e muito mais. Por isso, n\u00e3o deixe de visitar as demais se\u00e7\u00f5es do site!<\/span><\/p>\n","protected":false},"excerpt":{"rendered":"<p>Em um pa\u00eds tropical como o Brasil, onde existem muitos dias quentes, onde o calor \u00e9 um grande inc\u00f4modo, contar com um ventilador \u00e9 uma excelente op\u00e7\u00e3o para deixar os ambientes mais arejados e ainda economizar recursos com outras solu\u00e7\u00f5es, como o ar-condicionado. No entanto, como existem diversas op\u00e7\u00f5es de modelos de ventilador \u00e9 comum &hellip;<\/p>\n","protected":false},"author":13,"featured_media":2353,"comment_status":"open","ping_status":"open","sticky":false,"template":"","format":"standard","meta":{"footnotes":""},"categories":[25],"tags":[],"class_list":["post-2352","post","type-post","status-publish","format-standard","has-post-thumbnail","hentry","category-curiosidades"],"yoast_head":"<!-- This site is optimized with the Yoast SEO plugin v15.8 - https:\/\/yoast.com\/wordpress\/plugins\/seo\/ -->\n<title>Dicas Ferpam: como escolher o ventilador ideal para cada ambiente - Blog<\/title>\n<meta name=\"description\" content=\"Para sanar parte deste questionamento, elencamos os principais modelos de ventilador e quais s\u00e3o os ambientes mais indicados.\" \/>\n<meta name=\"robots\" content=\"index, follow, max-snippet:-1, max-image-preview:large, max-video-preview:-1\" \/>\n<link rel=\"canonical\" href=\"https:\/\/www.ferpam.com.br\/blog\/dicas-ferpam-como-escolher-o-ventilador-ideal-para-cada-ambiente\/\" \/>\n<meta property=\"og:locale\" content=\"pt_BR\" \/>\n<meta property=\"og:type\" content=\"article\" \/>\n<meta property=\"og:title\" content=\"Dicas Ferpam: como escolher o ventilador ideal para cada ambiente - Blog\" \/>\n<meta property=\"og:description\" content=\"Para sanar parte deste questionamento, elencamos os principais modelos de ventilador e quais s\u00e3o os ambientes mais indicados.\" \/>\n<meta property=\"og:url\" content=\"https:\/\/www.ferpam.com.br\/blog\/dicas-ferpam-como-escolher-o-ventilador-ideal-para-cada-ambiente\/\" \/>\n<meta property=\"og:site_name\" content=\"Blog Ferpam\" \/>\n<meta property=\"article:published_time\" content=\"2022-01-04T09:00:31+00:00\" \/>\n<meta property=\"article:modified_time\" content=\"2022-01-19T21:58:13+00:00\" \/>\n<meta property=\"og:image\" content=\"https:\/\/www.ferpam.com.br\/blog\/wp-content\/uploads\/2022\/01\/pexels-curtis-adams-10099119.jpg\" \/>\n\t<meta property=\"og:image:width\" content=\"640\" \/>\n\t<meta property=\"og:image:height\" content=\"426\" \/>\n<meta name=\"twitter:card\" content=\"summary_large_image\" \/>\n<meta name=\"twitter:label1\" content=\"Est. reading time\">\n\t<meta name=\"twitter:data1\" content=\"3 minutos\">\n<script type=\"application\/ld+json\" class=\"yoast-schema-graph\">{\"@context\":\"https:\/\/schema.org\",\"@graph\":[{\"@type\":\"Organization\",\"@id\":\"https:\/\/www.ferpam.com.br\/blog\/#organization\",\"name\":\"Ferpam\",\"url\":\"https:\/\/www.ferpam.com.br\/blog\/\",\"sameAs\":[],\"logo\":{\"@type\":\"ImageObject\",\"@id\":\"https:\/\/www.ferpam.com.br\/blog\/#logo\",\"inLanguage\":\"pt-BR\",\"url\":\"https:\/\/www.ferpam.com.br\/blog\/wp-content\/uploads\/2021\/02\/logo-1.png\",\"width\":254,\"height\":89,\"caption\":\"Ferpam\"},\"image\":{\"@id\":\"https:\/\/www.ferpam.com.br\/blog\/#logo\"}},{\"@type\":\"WebSite\",\"@id\":\"https:\/\/www.ferpam.com.br\/blog\/#website\",\"url\":\"https:\/\/www.ferpam.com.br\/blog\/\",\"name\":\"Blog Ferpam\",\"description\":\"Not\\u00edcias da Ferpam\",\"publisher\":{\"@id\":\"https:\/\/www.ferpam.com.br\/blog\/#organization\"},\"potentialAction\":[{\"@type\":\"SearchAction\",\"target\":\"https:\/\/www.ferpam.com.br\/blog\/?s={search_term_string}\",\"query-input\":\"required name=search_term_string\"}],\"inLanguage\":\"pt-BR\"},{\"@type\":\"ImageObject\",\"@id\":\"https:\/\/www.ferpam.com.br\/blog\/dicas-ferpam-como-escolher-o-ventilador-ideal-para-cada-ambiente\/#primaryimage\",\"inLanguage\":\"pt-BR\",\"url\":\"https:\/\/www.ferpam.com.br\/blog\/wp-content\/uploads\/2022\/01\/pexels-curtis-adams-10099119.jpg\",\"width\":640,\"height\":426},{\"@type\":\"WebPage\",\"@id\":\"https:\/\/www.ferpam.com.br\/blog\/dicas-ferpam-como-escolher-o-ventilador-ideal-para-cada-ambiente\/#webpage\",\"url\":\"https:\/\/www.ferpam.com.br\/blog\/dicas-ferpam-como-escolher-o-ventilador-ideal-para-cada-ambiente\/\",\"name\":\"Dicas Ferpam: como escolher o ventilador ideal para cada ambiente - Blog\",\"isPartOf\":{\"@id\":\"https:\/\/www.ferpam.com.br\/blog\/#website\"},\"primaryImageOfPage\":{\"@id\":\"https:\/\/www.ferpam.com.br\/blog\/dicas-ferpam-como-escolher-o-ventilador-ideal-para-cada-ambiente\/#primaryimage\"},\"datePublished\":\"2022-01-04T09:00:31+00:00\",\"dateModified\":\"2022-01-19T21:58:13+00:00\",\"description\":\"Para sanar parte deste questionamento, elencamos os principais modelos de ventilador e quais s\\u00e3o os ambientes mais indicados.\",\"breadcrumb\":{\"@id\":\"https:\/\/www.ferpam.com.br\/blog\/dicas-ferpam-como-escolher-o-ventilador-ideal-para-cada-ambiente\/#breadcrumb\"},\"inLanguage\":\"pt-BR\",\"potentialAction\":[{\"@type\":\"ReadAction\",\"target\":[\"https:\/\/www.ferpam.com.br\/blog\/dicas-ferpam-como-escolher-o-ventilador-ideal-para-cada-ambiente\/\"]}]},{\"@type\":\"BreadcrumbList\",\"@id\":\"https:\/\/www.ferpam.com.br\/blog\/dicas-ferpam-como-escolher-o-ventilador-ideal-para-cada-ambiente\/#breadcrumb\",\"itemListElement\":[{\"@type\":\"ListItem\",\"position\":1,\"item\":{\"@type\":\"WebPage\",\"@id\":\"https:\/\/www.ferpam.com.br\/blog\/\",\"url\":\"https:\/\/www.ferpam.com.br\/blog\/\",\"name\":\"In\\u00edcio\"}},{\"@type\":\"ListItem\",\"position\":2,\"item\":{\"@type\":\"WebPage\",\"@id\":\"https:\/\/www.ferpam.com.br\/blog\/dicas-ferpam-como-escolher-o-ventilador-ideal-para-cada-ambiente\/\",\"url\":\"https:\/\/www.ferpam.com.br\/blog\/dicas-ferpam-como-escolher-o-ventilador-ideal-para-cada-ambiente\/\",\"name\":\"Dicas Ferpam: como escolher o ventilador ideal para cada ambiente\"}}]},{\"@type\":\"Article\",\"@id\":\"https:\/\/www.ferpam.com.br\/blog\/dicas-ferpam-como-escolher-o-ventilador-ideal-para-cada-ambiente\/#article\",\"isPartOf\":{\"@id\":\"https:\/\/www.ferpam.com.br\/blog\/dicas-ferpam-como-escolher-o-ventilador-ideal-para-cada-ambiente\/#webpage\"},\"author\":{\"@id\":\"https:\/\/www.ferpam.com.br\/blog\/#\/schema\/person\/051564fd045ecd71f1aded8d56d18790\"},\"headline\":\"Dicas Ferpam: como escolher o ventilador ideal para cada ambiente\",\"datePublished\":\"2022-01-04T09:00:31+00:00\",\"dateModified\":\"2022-01-19T21:58:13+00:00\",\"mainEntityOfPage\":{\"@id\":\"https:\/\/www.ferpam.com.br\/blog\/dicas-ferpam-como-escolher-o-ventilador-ideal-para-cada-ambiente\/#webpage\"},\"commentCount\":0,\"publisher\":{\"@id\":\"https:\/\/www.ferpam.com.br\/blog\/#organization\"},\"image\":{\"@id\":\"https:\/\/www.ferpam.com.br\/blog\/dicas-ferpam-como-escolher-o-ventilador-ideal-para-cada-ambiente\/#primaryimage\"},\"articleSection\":\"Curiosidades\",\"inLanguage\":\"pt-BR\",\"potentialAction\":[{\"@type\":\"CommentAction\",\"name\":\"Comment\",\"target\":[\"https:\/\/www.ferpam.com.br\/blog\/dicas-ferpam-como-escolher-o-ventilador-ideal-para-cada-ambiente\/#respond\"]}]},{\"@type\":\"Person\",\"@id\":\"https:\/\/www.ferpam.com.br\/blog\/#\/schema\/person\/051564fd045ecd71f1aded8d56d18790\",\"name\":\"Marketing Ferpam\",\"image\":{\"@type\":\"ImageObject\",\"@id\":\"https:\/\/www.ferpam.com.br\/blog\/#personlogo\",\"inLanguage\":\"pt-BR\",\"url\":\"https:\/\/secure.gravatar.com\/avatar\/92d7aed1da9197829cbb554cc586347e69b47f94274092b05a685ca0b0e5f192?s=96&d=mm&r=g\",\"caption\":\"Marketing Ferpam\"}}]}<\/script>\n<!-- \/ Yoast SEO plugin. -->","_links":{"self":[{"href":"https:\/\/www.ferpam.com.br\/blog\/wp-json\/wp\/v2\/posts\/2352","targetHints":{"allow":["GET"]}}],"collection":[{"href":"https:\/\/www.ferpam.com.br\/blog\/wp-json\/wp\/v2\/posts"}],"about":[{"href":"https:\/\/www.ferpam.com.br\/blog\/wp-json\/wp\/v2\/types\/post"}],"author":[{"embeddable":true,"href":"https:\/\/www.ferpam.com.br\/blog\/wp-json\/wp\/v2\/users\/13"}],"replies":[{"embeddable":true,"href":"https:\/\/www.ferpam.com.br\/blog\/wp-json\/wp\/v2\/comments?post=2352"}],"version-history":[{"count":1,"href":"https:\/\/www.ferpam.com.br\/blog\/wp-json\/wp\/v2\/posts\/2352\/revisions"}],"predecessor-version":[{"id":2354,"href":"https:\/\/www.ferpam.com.br\/blog\/wp-json\/wp\/v2\/posts\/2352\/revisions\/2354"}],"wp:featuredmedia":[{"embeddable":true,"href":"https:\/\/www.ferpam.com.br\/blog\/wp-json\/wp\/v2\/media\/2353"}],"wp:attachment":[{"href":"https:\/\/www.ferpam.com.br\/blog\/wp-json\/wp\/v2\/media?parent=2352"}],"wp:term":[{"taxonomy":"category","embeddable":true,"href":"https:\/\/www.ferpam.com.br\/blog\/wp-json\/wp\/v2\/categories?post=2352"},{"taxonomy":"post_tag","embeddable":true,"href":"https:\/\/www.ferpam.com.br\/blog\/wp-json\/wp\/v2\/tags?post=2352"}],"curies":[{"name":"wp","href":"https:\/\/api.w.org\/{rel}","templated":true}]}}