{"id":2477,"date":"2022-07-15T20:00:42","date_gmt":"2022-07-15T20:00:42","guid":{"rendered":"https:\/\/www.ferpam.com.br\/blog\/?p=2477"},"modified":"2022-07-15T20:00:42","modified_gmt":"2022-07-15T20:00:42","slug":"3-passos-para-dimensionar-corretamente-um-gerador","status":"publish","type":"post","link":"https:\/\/www.ferpam.com.br\/blog\/3-passos-para-dimensionar-corretamente-um-gerador\/","title":{"rendered":"3 passos para dimensionar corretamente um gerador"},"content":{"rendered":"<p><span style=\"font-weight: 400;\">Os geradores de energia s\u00e3o uma forma limitada de energia, mesmo os mais potentes possuem o limite de carga que podem gerar e manter. Por isso, \u00e9 preciso administrar corretamente a sua pot\u00eancia e capacidade.\u00a0<\/span><\/p>\n<p><span style=\"font-weight: 400;\">Um gerador de energia pode ser utilizado como fonte prim\u00e1ria de energia ou como fonte secund\u00e1ria, podendo assim ter no m\u00ednimo tr\u00eas formas de usar: full time (24h por dia), part time (Hor\u00e1rio espec\u00edfico e limitado) ou acionamento de emerg\u00eancia (apenas quando a rede de energia falha).<\/span><\/p>\n<p><span style=\"font-weight: 400;\">O primeiro passo para<\/span><a href=\"https:\/\/www.ferpam.com.br\/#search-term=gerador&amp;filter=Preco:26.51&amp;filter=Preco:26471.9\"><span style=\"font-weight: 400;\"> escolher seu gerador<\/span><\/a><span style=\"font-weight: 400;\"> \u00e9 ter consci\u00eancia clara de qual tipo de funcionamento voc\u00ea busca. A partir desta informa\u00e7\u00e3o, ser\u00e1 poss\u00edvel sondar qual tipo de gerador te atenderia melhor.\u00a0<\/span><\/p>\n<h2><span style=\"font-weight: 400;\">Sem dimensionar corretamente um gerador, o que acontece?<\/span><\/h2>\n<p><span style=\"font-weight: 400;\">Al\u00e9m de passar raiva com um gerador ineficiente, corre o risco de ficar sem energia el\u00e9trica, sem as fun\u00e7\u00f5es principais do pr\u00e9dio e o pior, vai se arrepender da compra leiga que fez.\u00a0\u00a0<\/span><\/p>\n<p><span style=\"font-weight: 400;\">Fa\u00e7a uma consulta com um vendedor especializado, v\u00e1 com a lista completa de eletroeletr\u00f4nicos que voc\u00ea precisar\u00e1 acionar e em caso de projetos profissionais, s\u00f3 compre com o aval de um engenheiro el\u00e9trico de confian\u00e7a.<\/span><\/p>\n<p><b>1\u00ba Passo: <\/b><span style=\"font-weight: 400;\">Anotar todas as pot\u00eancias dos motores, eletrodom\u00e9sticos e eletroeletr\u00f4nicos que voc\u00ea ir\u00e1 utilizar simultaneamente quando este gerador for acionado.\u00a0<\/span><\/p>\n<p><b>2\u00ba Passo: <\/b><span style=\"font-weight: 400;\">Converter todas as pot\u00eancias encontradas para KVA.<\/span><\/p>\n<p><b>3\u00ba Passo: <\/b><span style=\"font-weight: 400;\">Somar as pot\u00eancias em KVA para definir, ent\u00e3o, qual o gerador que produza a quantidade necess\u00e1ria em KVA para te atender.<\/span><\/p>\n<p><span style=\"font-weight: 400;\">\u00c9 imprescind\u00edvel que um Engenheiro El\u00e9trico capacitado fa\u00e7a os c\u00e1lculos para voc\u00ea, principalmente quando os projetos s\u00e3o residenciais, industriais e ou\u00a0 comerciais. Aprender a dimensionar se trata de obter uma informa\u00e7\u00e3o estrat\u00e9gica para garantir que voc\u00ea n\u00e3o est\u00e1 sendo ludibriado, afinal corre o risco de voc\u00ea gastar al\u00e9m com um gerador que nem ser\u00e1 totalmente utilizado.\u00a0<\/span><\/p>\n<p><span style=\"font-weight: 400;\">Para projetos tempor\u00e1rios como acampamentos de praia, \u00e9 imprescind\u00edvel a presen\u00e7a de um Eletricista experiente para te auxiliar na compra ou aluguel de um gerador adequado. Se este profissional n\u00e3o sabe calcular desconfie!\u00a0<\/span><\/p>\n<p><span style=\"font-weight: 400;\">Calcule corretamente e evite ser enganado! Evite passar raiva com um gerador de energia ineficiente, que fica desligando e aumentando o risco de queimar seus eletrodom\u00e9sticos e eletroeletr\u00f4nicos.\u00a0<\/span><\/p>\n<p><span style=\"font-weight: 400;\">Para al\u00e9m da necessidade de dimensionar, existem dois fatores importantes a se pensar quando o assunto \u00e9 gerador de energia, que s\u00e3o o planejamento da vida \u00fatil e o tempo estimado para realizar as revis\u00f5es.\u00a0<\/span><\/p>\n<p><span style=\"font-weight: 400;\">Priorize saber estas informa\u00e7\u00f5es no ato da compra e assim conseguir se preparar financeiramente para as revis\u00f5es e manuten\u00e7\u00f5es. Por isso confie na <a href=\"https:\/\/www.instagram.com\/ferpamoficial\/\">Ferpam<\/a>, que tem um time de especialistas para te ajudar!<\/span><\/p>\n","protected":false},"excerpt":{"rendered":"<p>Os geradores de energia s\u00e3o uma forma limitada de energia, mesmo os mais potentes possuem o limite de carga que podem gerar e manter. Por isso, \u00e9 preciso administrar corretamente a sua pot\u00eancia e capacidade.\u00a0 Um gerador de energia pode ser utilizado como fonte prim\u00e1ria de energia ou como fonte secund\u00e1ria, podendo assim ter no &hellip;<\/p>\n","protected":false},"author":5,"featured_media":2478,"comment_status":"open","ping_status":"open","sticky":false,"template":"","format":"standard","meta":{"footnotes":""},"categories":[27,26],"tags":[855,856,857,858,854],"class_list":["post-2477","post","type-post","status-publish","format-standard","has-post-thumbnail","hentry","category-dicas-de-ferramentas","category-noticias-ferpam","tag-dimensionar-gerador","tag-gerador-a-gasolina","tag-gerador-diesel","tag-gerador-em-palmas","tag-geradordeenergia"],"yoast_head":"<!-- This site is optimized with the Yoast SEO plugin v15.8 - https:\/\/yoast.com\/wordpress\/plugins\/seo\/ -->\n<title>3 passos para dimensionar corretamente um gerador - Blog Ferpam<\/title>\n<meta name=\"robots\" content=\"index, follow, max-snippet:-1, max-image-preview:large, max-video-preview:-1\" \/>\n<link rel=\"canonical\" href=\"https:\/\/www.ferpam.com.br\/blog\/3-passos-para-dimensionar-corretamente-um-gerador\/\" \/>\n<meta property=\"og:locale\" content=\"pt_BR\" \/>\n<meta property=\"og:type\" content=\"article\" \/>\n<meta property=\"og:title\" content=\"3 passos para dimensionar corretamente um gerador - Blog Ferpam\" \/>\n<meta property=\"og:description\" content=\"Os geradores de energia s\u00e3o uma forma limitada de energia, mesmo os mais potentes possuem o limite de carga que podem gerar e manter. Por isso, \u00e9 preciso administrar corretamente a sua pot\u00eancia e capacidade.\u00a0 Um gerador de energia pode ser utilizado como fonte prim\u00e1ria de energia ou como fonte secund\u00e1ria, podendo assim ter no &hellip;\" \/>\n<meta property=\"og:url\" content=\"https:\/\/www.ferpam.com.br\/blog\/3-passos-para-dimensionar-corretamente-um-gerador\/\" \/>\n<meta property=\"og:site_name\" content=\"Blog Ferpam\" \/>\n<meta property=\"article:published_time\" content=\"2022-07-15T20:00:42+00:00\" \/>\n<meta property=\"og:image\" content=\"https:\/\/www.ferpam.com.br\/blog\/wp-content\/uploads\/2022\/07\/BANNER-BLOG-FERPAM-DIMENSIONAR-GERADOR.jpeg\" \/>\n\t<meta property=\"og:image:width\" content=\"600\" \/>\n\t<meta property=\"og:image:height\" content=\"426\" \/>\n<meta name=\"twitter:card\" content=\"summary_large_image\" \/>\n<meta name=\"twitter:label1\" content=\"Est. reading time\">\n\t<meta name=\"twitter:data1\" content=\"2 minutos\">\n<script type=\"application\/ld+json\" class=\"yoast-schema-graph\">{\"@context\":\"https:\/\/schema.org\",\"@graph\":[{\"@type\":\"Organization\",\"@id\":\"https:\/\/www.ferpam.com.br\/blog\/#organization\",\"name\":\"Ferpam\",\"url\":\"https:\/\/www.ferpam.com.br\/blog\/\",\"sameAs\":[],\"logo\":{\"@type\":\"ImageObject\",\"@id\":\"https:\/\/www.ferpam.com.br\/blog\/#logo\",\"inLanguage\":\"pt-BR\",\"url\":\"https:\/\/www.ferpam.com.br\/blog\/wp-content\/uploads\/2021\/02\/logo-1.png\",\"width\":254,\"height\":89,\"caption\":\"Ferpam\"},\"image\":{\"@id\":\"https:\/\/www.ferpam.com.br\/blog\/#logo\"}},{\"@type\":\"WebSite\",\"@id\":\"https:\/\/www.ferpam.com.br\/blog\/#website\",\"url\":\"https:\/\/www.ferpam.com.br\/blog\/\",\"name\":\"Blog Ferpam\",\"description\":\"Not\\u00edcias da Ferpam\",\"publisher\":{\"@id\":\"https:\/\/www.ferpam.com.br\/blog\/#organization\"},\"potentialAction\":[{\"@type\":\"SearchAction\",\"target\":\"https:\/\/www.ferpam.com.br\/blog\/?s={search_term_string}\",\"query-input\":\"required name=search_term_string\"}],\"inLanguage\":\"pt-BR\"},{\"@type\":\"ImageObject\",\"@id\":\"https:\/\/www.ferpam.com.br\/blog\/3-passos-para-dimensionar-corretamente-um-gerador\/#primaryimage\",\"inLanguage\":\"pt-BR\",\"url\":\"https:\/\/www.ferpam.com.br\/blog\/wp-content\/uploads\/2022\/07\/BANNER-BLOG-FERPAM-DIMENSIONAR-GERADOR.jpeg\",\"width\":600,\"height\":426},{\"@type\":\"WebPage\",\"@id\":\"https:\/\/www.ferpam.com.br\/blog\/3-passos-para-dimensionar-corretamente-um-gerador\/#webpage\",\"url\":\"https:\/\/www.ferpam.com.br\/blog\/3-passos-para-dimensionar-corretamente-um-gerador\/\",\"name\":\"3 passos para dimensionar corretamente um gerador - Blog Ferpam\",\"isPartOf\":{\"@id\":\"https:\/\/www.ferpam.com.br\/blog\/#website\"},\"primaryImageOfPage\":{\"@id\":\"https:\/\/www.ferpam.com.br\/blog\/3-passos-para-dimensionar-corretamente-um-gerador\/#primaryimage\"},\"datePublished\":\"2022-07-15T20:00:42+00:00\",\"dateModified\":\"2022-07-15T20:00:42+00:00\",\"breadcrumb\":{\"@id\":\"https:\/\/www.ferpam.com.br\/blog\/3-passos-para-dimensionar-corretamente-um-gerador\/#breadcrumb\"},\"inLanguage\":\"pt-BR\",\"potentialAction\":[{\"@type\":\"ReadAction\",\"target\":[\"https:\/\/www.ferpam.com.br\/blog\/3-passos-para-dimensionar-corretamente-um-gerador\/\"]}]},{\"@type\":\"BreadcrumbList\",\"@id\":\"https:\/\/www.ferpam.com.br\/blog\/3-passos-para-dimensionar-corretamente-um-gerador\/#breadcrumb\",\"itemListElement\":[{\"@type\":\"ListItem\",\"position\":1,\"item\":{\"@type\":\"WebPage\",\"@id\":\"https:\/\/www.ferpam.com.br\/blog\/\",\"url\":\"https:\/\/www.ferpam.com.br\/blog\/\",\"name\":\"In\\u00edcio\"}},{\"@type\":\"ListItem\",\"position\":2,\"item\":{\"@type\":\"WebPage\",\"@id\":\"https:\/\/www.ferpam.com.br\/blog\/3-passos-para-dimensionar-corretamente-um-gerador\/\",\"url\":\"https:\/\/www.ferpam.com.br\/blog\/3-passos-para-dimensionar-corretamente-um-gerador\/\",\"name\":\"3 passos para dimensionar corretamente um gerador\"}}]},{\"@type\":\"Article\",\"@id\":\"https:\/\/www.ferpam.com.br\/blog\/3-passos-para-dimensionar-corretamente-um-gerador\/#article\",\"isPartOf\":{\"@id\":\"https:\/\/www.ferpam.com.br\/blog\/3-passos-para-dimensionar-corretamente-um-gerador\/#webpage\"},\"author\":{\"@id\":\"https:\/\/www.ferpam.com.br\/blog\/#\/schema\/person\/e6e8838fe5b732146790141d405cfc8f\"},\"headline\":\"3 passos para dimensionar corretamente um gerador\",\"datePublished\":\"2022-07-15T20:00:42+00:00\",\"dateModified\":\"2022-07-15T20:00:42+00:00\",\"mainEntityOfPage\":{\"@id\":\"https:\/\/www.ferpam.com.br\/blog\/3-passos-para-dimensionar-corretamente-um-gerador\/#webpage\"},\"commentCount\":0,\"publisher\":{\"@id\":\"https:\/\/www.ferpam.com.br\/blog\/#organization\"},\"image\":{\"@id\":\"https:\/\/www.ferpam.com.br\/blog\/3-passos-para-dimensionar-corretamente-um-gerador\/#primaryimage\"},\"keywords\":\"dimensionar gerador,gerador a gasolina,gerador diesel,gerador em Palmas,geradordeenergia\",\"articleSection\":\"Dicas de ferramentas,Not\\u00edcias Ferpam\",\"inLanguage\":\"pt-BR\",\"potentialAction\":[{\"@type\":\"CommentAction\",\"name\":\"Comment\",\"target\":[\"https:\/\/www.ferpam.com.br\/blog\/3-passos-para-dimensionar-corretamente-um-gerador\/#respond\"]}]},{\"@type\":\"Person\",\"@id\":\"https:\/\/www.ferpam.com.br\/blog\/#\/schema\/person\/e6e8838fe5b732146790141d405cfc8f\",\"name\":\"Ferpam\",\"image\":{\"@type\":\"ImageObject\",\"@id\":\"https:\/\/www.ferpam.com.br\/blog\/#personlogo\",\"inLanguage\":\"pt-BR\",\"url\":\"https:\/\/secure.gravatar.com\/avatar\/6f333e72a93ccf96c09aee14b6e690a9a4ece768eac772c81364ab7a27ce07d4?s=96&d=mm&r=g\",\"caption\":\"Ferpam\"}}]}<\/script>\n<!-- \/ Yoast SEO plugin. -->","_links":{"self":[{"href":"https:\/\/www.ferpam.com.br\/blog\/wp-json\/wp\/v2\/posts\/2477","targetHints":{"allow":["GET"]}}],"collection":[{"href":"https:\/\/www.ferpam.com.br\/blog\/wp-json\/wp\/v2\/posts"}],"about":[{"href":"https:\/\/www.ferpam.com.br\/blog\/wp-json\/wp\/v2\/types\/post"}],"author":[{"embeddable":true,"href":"https:\/\/www.ferpam.com.br\/blog\/wp-json\/wp\/v2\/users\/5"}],"replies":[{"embeddable":true,"href":"https:\/\/www.ferpam.com.br\/blog\/wp-json\/wp\/v2\/comments?post=2477"}],"version-history":[{"count":1,"href":"https:\/\/www.ferpam.com.br\/blog\/wp-json\/wp\/v2\/posts\/2477\/revisions"}],"predecessor-version":[{"id":2479,"href":"https:\/\/www.ferpam.com.br\/blog\/wp-json\/wp\/v2\/posts\/2477\/revisions\/2479"}],"wp:featuredmedia":[{"embeddable":true,"href":"https:\/\/www.ferpam.com.br\/blog\/wp-json\/wp\/v2\/media\/2478"}],"wp:attachment":[{"href":"https:\/\/www.ferpam.com.br\/blog\/wp-json\/wp\/v2\/media?parent=2477"}],"wp:term":[{"taxonomy":"category","embeddable":true,"href":"https:\/\/www.ferpam.com.br\/blog\/wp-json\/wp\/v2\/categories?post=2477"},{"taxonomy":"post_tag","embeddable":true,"href":"https:\/\/www.ferpam.com.br\/blog\/wp-json\/wp\/v2\/tags?post=2477"}],"curies":[{"name":"wp","href":"https:\/\/api.w.org\/{rel}","templated":true}]}}