{"id":2489,"date":"2022-08-06T06:52:27","date_gmt":"2022-08-06T06:52:27","guid":{"rendered":"https:\/\/www.ferpam.com.br\/blog\/?p=2489"},"modified":"2022-08-06T06:52:27","modified_gmt":"2022-08-06T06:52:27","slug":"neste-sabado-2o-encontro-do-clube-dos-mecanicos-ferpam","status":"publish","type":"post","link":"https:\/\/www.ferpam.com.br\/blog\/neste-sabado-2o-encontro-do-clube-dos-mecanicos-ferpam\/","title":{"rendered":"Neste s\u00e1bado: 2\u00ba encontro do Clube dos Mec\u00e2nicos Ferpam"},"content":{"rendered":"<p><span style=\"font-weight: 400;\">Neste s\u00e1bado, 06 de agosto, das 8h \u00e0s 12h, realizaremos a 2\u00ba edi\u00e7\u00e3o <\/span><span style=\"font-weight: 400;\">do<\/span><b> Clube dos Mec\u00e2nicos Ferpam, <\/b><span style=\"font-weight: 400;\">o evento ser\u00e1 composto por uma confraterniza\u00e7\u00e3o diferenciada, para voc\u00ea mec\u00e2nico, dono de oficina\u00a0 e cliente Ferpam. Preparamos o lan\u00e7amento de novidades de 12 grandes marcas voltadas ao p\u00fablico das oficinas.\u00a0<\/span><\/p>\n<p><span style=\"font-weight: 400;\">O Clube dos Mec\u00e2nicos \u00e9 uma iniciativa que promove um encontro de profissionais da \u00e1rea da mec\u00e2nica\u00a0 para gerar um bate papo e relacionamento entre eles, a fim de gerar troca de conhecimento. Al\u00e9m disso, associamos isso \u00e0 apresenta\u00e7\u00e3o das melhores ferramentas e m\u00e1quinas voltadas \u00e0 comunidade de mec\u00e2nicos de Palmas e\u00a0 regi\u00e3o.<\/span><\/p>\n<p><span style=\"font-weight: 400;\">Com um time incr\u00edvel de 12 marcas que marcar\u00e3o presen\u00e7a no Clube, tais como: <\/span><span style=\"font-weight: 400;\">Sata, Bovenau, Marluvas, Bosch, Mundial Prime, Berliner, Kalipso, Flach Carregadores, Marcon, Schulz, Tork e Bozza. Traremos um evento despojado e divertido para dar visibilidade aos \u00faltimos lan\u00e7amentos em produtos e, claro, oferecer pre\u00e7os acess\u00edveis nas ferramentas e m\u00e1quinas que todo apaixonado por mec\u00e2nica precisa.<\/span><\/p>\n<p><span style=\"font-weight: 400;\">Desde j\u00e1 agradecemos a cada marca que tornou poss\u00edvel a concretiza\u00e7\u00e3o deste evento que contar\u00e1 com sorteios de pr\u00eamios, chopp e churrasco. <\/span><b>Uma confraterniza\u00e7\u00e3o regada a muitas promo\u00e7\u00f5es e brindes para voc\u00ea!<\/b><\/p>\n<p>&nbsp;<\/p>\n<p><b>DNA de Empresa que promove e entrega boas experi\u00eancias a seus clientes<\/b><\/p>\n<p><span style=\"font-weight: 400;\">A Ferpam \u00e9 uma Loja de Ferramentas e M\u00e1quinas de tradi\u00e7\u00e3o no Estado do Tocantins, al\u00e9m dos mais de 25 anos de experi\u00eancia, \u00e9 reconhecida por vender produtos de marcas reconhecidas e consagradas.\u00a0<\/span><\/p>\n<p><span style=\"font-weight: 400;\">Como empresa, temos em nosso DNA o desejo de promover boas experi\u00eancias aos nossos clientes. Al\u00e9m de vender produtos, n\u00f3s buscamos educar e ensinar aos nossos clientes por meio de workshops, palestras e eventos diversos. Para que utilizem corretamente suas ferramentas, fazendo assim que elas durem mais.<\/span><\/p>\n<p><span style=\"font-weight: 400;\">Aqui na Ferpam voc\u00ea encontra uma loja amiga e parceira, pois temos o prazer em promover experi\u00eancias positivas que agregam conhecimento, networking e bons neg\u00f3cios aos nossos clientes.\u00a0<\/span><\/p>\n<p><span style=\"font-weight: 400;\">Algumas das a\u00e7\u00f5es que promovemos s\u00e3o <\/span><b>Clube do Mec\u00e2nico, Clube da Solda<\/b><span style=\"font-weight: 400;\">, <\/span><b>Workshop<\/b> <b>Mulher Sexo \u00c0gil<\/b><span style=\"font-weight: 400;\">, al\u00e9m de uma s\u00e9rie de outras mais.<\/span><\/p>\n<p><span style=\"font-weight: 400;\">Por isso, te convidamos!\u00a0<\/span><\/p>\n<p><b>Evento:<\/b><span style=\"font-weight: 400;\"> Clube dos Mec\u00e2nicos Ferpam<\/span><\/p>\n<p><b>Data<\/b><span style=\"font-weight: 400;\">: S\u00e1bado, 06 de Agosto\u00a0<\/span><\/p>\n<p><b>Hora<\/b><span style=\"font-weight: 400;\">: 8h \u00e0s 12h<\/span><\/p>\n<p><b>Local<\/b><span style=\"font-weight: 400;\">: Na Ferpam, 104 sul, em Palmas<\/span><\/p>\n","protected":false},"excerpt":{"rendered":"<p>Neste s\u00e1bado, 06 de agosto, das 8h \u00e0s 12h, realizaremos a 2\u00ba edi\u00e7\u00e3o do Clube dos Mec\u00e2nicos Ferpam, o evento ser\u00e1 composto por uma confraterniza\u00e7\u00e3o diferenciada, para voc\u00ea mec\u00e2nico, dono de oficina\u00a0 e cliente Ferpam. Preparamos o lan\u00e7amento de novidades de 12 grandes marcas voltadas ao p\u00fablico das oficinas.\u00a0 O Clube dos Mec\u00e2nicos \u00e9 uma &hellip;<\/p>\n","protected":false},"author":5,"featured_media":2490,"comment_status":"open","ping_status":"open","sticky":false,"template":"","format":"standard","meta":{"footnotes":""},"categories":[26,1],"tags":[864,865,91,545],"class_list":["post-2489","post","type-post","status-publish","format-standard","has-post-thumbnail","hentry","category-noticias-ferpam","category-sem-categoria","tag-clubedomecanico","tag-evento","tag-ofertasferpam","tag-oficina-mecanica"],"yoast_head":"<!-- This site is optimized with the Yoast SEO plugin v15.8 - https:\/\/yoast.com\/wordpress\/plugins\/seo\/ -->\n<title>Neste s\u00e1bado: 2\u00ba encontro do Clube dos Mec\u00e2nicos Ferpam - Blog Ferpam<\/title>\n<meta name=\"robots\" content=\"index, follow, max-snippet:-1, max-image-preview:large, max-video-preview:-1\" \/>\n<link rel=\"canonical\" href=\"https:\/\/www.ferpam.com.br\/blog\/neste-sabado-2o-encontro-do-clube-dos-mecanicos-ferpam\/\" \/>\n<meta property=\"og:locale\" content=\"pt_BR\" \/>\n<meta property=\"og:type\" content=\"article\" \/>\n<meta property=\"og:title\" content=\"Neste s\u00e1bado: 2\u00ba encontro do Clube dos Mec\u00e2nicos Ferpam - Blog Ferpam\" \/>\n<meta property=\"og:description\" content=\"Neste s\u00e1bado, 06 de agosto, das 8h \u00e0s 12h, realizaremos a 2\u00ba edi\u00e7\u00e3o do Clube dos Mec\u00e2nicos Ferpam, o evento ser\u00e1 composto por uma confraterniza\u00e7\u00e3o diferenciada, para voc\u00ea mec\u00e2nico, dono de oficina\u00a0 e cliente Ferpam. Preparamos o lan\u00e7amento de novidades de 12 grandes marcas voltadas ao p\u00fablico das oficinas.\u00a0 O Clube dos Mec\u00e2nicos \u00e9 uma &hellip;\" \/>\n<meta property=\"og:url\" content=\"https:\/\/www.ferpam.com.br\/blog\/neste-sabado-2o-encontro-do-clube-dos-mecanicos-ferpam\/\" \/>\n<meta property=\"og:site_name\" content=\"Blog Ferpam\" \/>\n<meta property=\"article:published_time\" content=\"2022-08-06T06:52:27+00:00\" \/>\n<meta property=\"og:image\" content=\"https:\/\/www.ferpam.com.br\/blog\/wp-content\/uploads\/2022\/08\/banner-blog-ferpam-neste-sabado-clube-do-mecanico-2-ed.jpeg\" \/>\n\t<meta property=\"og:image:width\" content=\"600\" \/>\n\t<meta property=\"og:image:height\" content=\"426\" \/>\n<meta name=\"twitter:card\" content=\"summary_large_image\" \/>\n<meta name=\"twitter:label1\" content=\"Est. reading time\">\n\t<meta name=\"twitter:data1\" content=\"2 minutos\">\n<script type=\"application\/ld+json\" class=\"yoast-schema-graph\">{\"@context\":\"https:\/\/schema.org\",\"@graph\":[{\"@type\":\"Organization\",\"@id\":\"https:\/\/www.ferpam.com.br\/blog\/#organization\",\"name\":\"Ferpam\",\"url\":\"https:\/\/www.ferpam.com.br\/blog\/\",\"sameAs\":[],\"logo\":{\"@type\":\"ImageObject\",\"@id\":\"https:\/\/www.ferpam.com.br\/blog\/#logo\",\"inLanguage\":\"pt-BR\",\"url\":\"https:\/\/www.ferpam.com.br\/blog\/wp-content\/uploads\/2021\/02\/logo-1.png\",\"width\":254,\"height\":89,\"caption\":\"Ferpam\"},\"image\":{\"@id\":\"https:\/\/www.ferpam.com.br\/blog\/#logo\"}},{\"@type\":\"WebSite\",\"@id\":\"https:\/\/www.ferpam.com.br\/blog\/#website\",\"url\":\"https:\/\/www.ferpam.com.br\/blog\/\",\"name\":\"Blog Ferpam\",\"description\":\"Not\\u00edcias da Ferpam\",\"publisher\":{\"@id\":\"https:\/\/www.ferpam.com.br\/blog\/#organization\"},\"potentialAction\":[{\"@type\":\"SearchAction\",\"target\":\"https:\/\/www.ferpam.com.br\/blog\/?s={search_term_string}\",\"query-input\":\"required name=search_term_string\"}],\"inLanguage\":\"pt-BR\"},{\"@type\":\"ImageObject\",\"@id\":\"https:\/\/www.ferpam.com.br\/blog\/neste-sabado-2o-encontro-do-clube-dos-mecanicos-ferpam\/#primaryimage\",\"inLanguage\":\"pt-BR\",\"url\":\"https:\/\/www.ferpam.com.br\/blog\/wp-content\/uploads\/2022\/08\/banner-blog-ferpam-neste-sabado-clube-do-mecanico-2-ed.jpeg\",\"width\":600,\"height\":426},{\"@type\":\"WebPage\",\"@id\":\"https:\/\/www.ferpam.com.br\/blog\/neste-sabado-2o-encontro-do-clube-dos-mecanicos-ferpam\/#webpage\",\"url\":\"https:\/\/www.ferpam.com.br\/blog\/neste-sabado-2o-encontro-do-clube-dos-mecanicos-ferpam\/\",\"name\":\"Neste s\\u00e1bado: 2\\u00ba encontro do Clube dos Mec\\u00e2nicos Ferpam - Blog Ferpam\",\"isPartOf\":{\"@id\":\"https:\/\/www.ferpam.com.br\/blog\/#website\"},\"primaryImageOfPage\":{\"@id\":\"https:\/\/www.ferpam.com.br\/blog\/neste-sabado-2o-encontro-do-clube-dos-mecanicos-ferpam\/#primaryimage\"},\"datePublished\":\"2022-08-06T06:52:27+00:00\",\"dateModified\":\"2022-08-06T06:52:27+00:00\",\"breadcrumb\":{\"@id\":\"https:\/\/www.ferpam.com.br\/blog\/neste-sabado-2o-encontro-do-clube-dos-mecanicos-ferpam\/#breadcrumb\"},\"inLanguage\":\"pt-BR\",\"potentialAction\":[{\"@type\":\"ReadAction\",\"target\":[\"https:\/\/www.ferpam.com.br\/blog\/neste-sabado-2o-encontro-do-clube-dos-mecanicos-ferpam\/\"]}]},{\"@type\":\"BreadcrumbList\",\"@id\":\"https:\/\/www.ferpam.com.br\/blog\/neste-sabado-2o-encontro-do-clube-dos-mecanicos-ferpam\/#breadcrumb\",\"itemListElement\":[{\"@type\":\"ListItem\",\"position\":1,\"item\":{\"@type\":\"WebPage\",\"@id\":\"https:\/\/www.ferpam.com.br\/blog\/\",\"url\":\"https:\/\/www.ferpam.com.br\/blog\/\",\"name\":\"In\\u00edcio\"}},{\"@type\":\"ListItem\",\"position\":2,\"item\":{\"@type\":\"WebPage\",\"@id\":\"https:\/\/www.ferpam.com.br\/blog\/neste-sabado-2o-encontro-do-clube-dos-mecanicos-ferpam\/\",\"url\":\"https:\/\/www.ferpam.com.br\/blog\/neste-sabado-2o-encontro-do-clube-dos-mecanicos-ferpam\/\",\"name\":\"Neste s\\u00e1bado: 2\\u00ba encontro do Clube dos Mec\\u00e2nicos Ferpam\"}}]},{\"@type\":\"Article\",\"@id\":\"https:\/\/www.ferpam.com.br\/blog\/neste-sabado-2o-encontro-do-clube-dos-mecanicos-ferpam\/#article\",\"isPartOf\":{\"@id\":\"https:\/\/www.ferpam.com.br\/blog\/neste-sabado-2o-encontro-do-clube-dos-mecanicos-ferpam\/#webpage\"},\"author\":{\"@id\":\"https:\/\/www.ferpam.com.br\/blog\/#\/schema\/person\/e6e8838fe5b732146790141d405cfc8f\"},\"headline\":\"Neste s\\u00e1bado: 2\\u00ba encontro do Clube dos Mec\\u00e2nicos Ferpam\",\"datePublished\":\"2022-08-06T06:52:27+00:00\",\"dateModified\":\"2022-08-06T06:52:27+00:00\",\"mainEntityOfPage\":{\"@id\":\"https:\/\/www.ferpam.com.br\/blog\/neste-sabado-2o-encontro-do-clube-dos-mecanicos-ferpam\/#webpage\"},\"commentCount\":0,\"publisher\":{\"@id\":\"https:\/\/www.ferpam.com.br\/blog\/#organization\"},\"image\":{\"@id\":\"https:\/\/www.ferpam.com.br\/blog\/neste-sabado-2o-encontro-do-clube-dos-mecanicos-ferpam\/#primaryimage\"},\"keywords\":\"clubedomec\\u00e2nico,evento,ofertasferpam,oficina mecanica\",\"articleSection\":\"Not\\u00edcias Ferpam\",\"inLanguage\":\"pt-BR\",\"potentialAction\":[{\"@type\":\"CommentAction\",\"name\":\"Comment\",\"target\":[\"https:\/\/www.ferpam.com.br\/blog\/neste-sabado-2o-encontro-do-clube-dos-mecanicos-ferpam\/#respond\"]}]},{\"@type\":\"Person\",\"@id\":\"https:\/\/www.ferpam.com.br\/blog\/#\/schema\/person\/e6e8838fe5b732146790141d405cfc8f\",\"name\":\"Ferpam\",\"image\":{\"@type\":\"ImageObject\",\"@id\":\"https:\/\/www.ferpam.com.br\/blog\/#personlogo\",\"inLanguage\":\"pt-BR\",\"url\":\"https:\/\/secure.gravatar.com\/avatar\/6f333e72a93ccf96c09aee14b6e690a9a4ece768eac772c81364ab7a27ce07d4?s=96&d=mm&r=g\",\"caption\":\"Ferpam\"}}]}<\/script>\n<!-- \/ Yoast SEO plugin. -->","_links":{"self":[{"href":"https:\/\/www.ferpam.com.br\/blog\/wp-json\/wp\/v2\/posts\/2489","targetHints":{"allow":["GET"]}}],"collection":[{"href":"https:\/\/www.ferpam.com.br\/blog\/wp-json\/wp\/v2\/posts"}],"about":[{"href":"https:\/\/www.ferpam.com.br\/blog\/wp-json\/wp\/v2\/types\/post"}],"author":[{"embeddable":true,"href":"https:\/\/www.ferpam.com.br\/blog\/wp-json\/wp\/v2\/users\/5"}],"replies":[{"embeddable":true,"href":"https:\/\/www.ferpam.com.br\/blog\/wp-json\/wp\/v2\/comments?post=2489"}],"version-history":[{"count":1,"href":"https:\/\/www.ferpam.com.br\/blog\/wp-json\/wp\/v2\/posts\/2489\/revisions"}],"predecessor-version":[{"id":2491,"href":"https:\/\/www.ferpam.com.br\/blog\/wp-json\/wp\/v2\/posts\/2489\/revisions\/2491"}],"wp:featuredmedia":[{"embeddable":true,"href":"https:\/\/www.ferpam.com.br\/blog\/wp-json\/wp\/v2\/media\/2490"}],"wp:attachment":[{"href":"https:\/\/www.ferpam.com.br\/blog\/wp-json\/wp\/v2\/media?parent=2489"}],"wp:term":[{"taxonomy":"category","embeddable":true,"href":"https:\/\/www.ferpam.com.br\/blog\/wp-json\/wp\/v2\/categories?post=2489"},{"taxonomy":"post_tag","embeddable":true,"href":"https:\/\/www.ferpam.com.br\/blog\/wp-json\/wp\/v2\/tags?post=2489"}],"curies":[{"name":"wp","href":"https:\/\/api.w.org\/{rel}","templated":true}]}}