{"id":2499,"date":"2022-08-19T11:26:18","date_gmt":"2022-08-19T11:26:18","guid":{"rendered":"https:\/\/www.ferpam.com.br\/blog\/?p=2499"},"modified":"2022-08-19T12:21:26","modified_gmt":"2022-08-19T12:21:26","slug":"atencao-mecanico-trabalhar-sem-seguranca-nao-e-opcao","status":"publish","type":"post","link":"https:\/\/www.ferpam.com.br\/blog\/atencao-mecanico-trabalhar-sem-seguranca-nao-e-opcao\/","title":{"rendered":"Aten\u00e7\u00e3o mec\u00e2nico: Trabalhar sem seguran\u00e7a n\u00e3o \u00e9 op\u00e7\u00e3o!"},"content":{"rendered":"<p>Os mec\u00e2nicos s\u00e3o profissionais apaixonados pelo funcionamento das coisas, desde os ve\u00edculos automotores como carros, motos e caminh\u00f5es at\u00e9 m\u00e1quinas industriais e implementos agr\u00edcolas (motocultivadores, tratores e etc).<\/p>\n<p>Voc\u00ea sabia que a <b>Norma Regulamentadora n.\u00ba 6 do Minist\u00e9rio do Trabalho<\/b> falar do fornecimento e uso obrigat\u00f3rio dos Equipamentos de Prote\u00e7\u00e3o Individual (EPIs)? Esta norma ressalta a import\u00e2ncia da prote\u00e7\u00e3o. Logo, todo profissional da Mec\u00e2nica precisa se atentar ao uso dos equipamentos, os quais veremos abaixo.<\/p>\n<p>Um mec\u00e2nico respons\u00e1vel deve conhecer e respeitar a possibilidade de acidente de trabalho, sem diminuir ou ignorar os riscos. S\u00e3o v\u00e1rios os tipos de riscos laborais, sendo estes: f\u00edsicos, mec\u00e2nicos, ergon\u00f4micos, biol\u00f3gicos e qu\u00edmicos.<\/p>\n<p>Estes podem afetar n\u00e3o s\u00f3 o hoje, mas tamb\u00e9m o futuro, trazendo graves consequ\u00eancias desde um c\u00e2ncer de pele, uma h\u00e9rnia de disco, problemas auditivos,\u00a0 amputa\u00e7\u00f5es, cegueira total ou parcial. Afinal, os acidentes de trabalho podem desencadear at\u00e9 uma aposentadoria por invalidez.<\/p>\n<h2><a href=\"https:\/\/www.ferpam.com.br\/catalogsearch\/result\/?q=avental#&amp;search-term=epi\">O Mec\u00e2nico precisa conhecer e prevenir-se dos acidentes de trabalho:<\/a><\/h2>\n<p>&nbsp;<\/p>\n<p>S\u00f3 quem conhece o dia a dia do mec\u00e2nico de verdade sabe a quantidade de perigos contidos nas rotinas desta profiss\u00e3o. Os mec\u00e2nicos, normalmente, machucam muito as m\u00e3os, os p\u00e9s, os olhos, a pele e dependendo do tipo de servi\u00e7o podem sofrer muito com dores de coluna (cervicalgia e lombalgia).<\/p>\n<p>A quantidade de acidentes que podem acontecer em uma oficina mec\u00e2nica formam uma lista enorme, confira:<\/p>\n<ul>\n<li aria-level=\"1\">Queimadura;<\/li>\n<li aria-level=\"1\">Cortes leves e profundos;<\/li>\n<li aria-level=\"1\">Pancadas e Quedas;<\/li>\n<li aria-level=\"1\">Esmagamento;<\/li>\n<li aria-level=\"1\">Perfura\u00e7\u00f5es leves e graves;<\/li>\n<li aria-level=\"1\">Estilha\u00e7os na pele e at\u00e9 nos olhos;<\/li>\n<li aria-level=\"1\">Choques el\u00e9tricos;<\/li>\n<li aria-level=\"1\">Queimadura por contato em superf\u00edcie aquecida ou por produtos qu\u00edmicos;<\/li>\n<li aria-level=\"1\">Explos\u00f5es diversas, de fluidos quentes ou de ar comprimido (Pneus);<\/li>\n<li aria-level=\"1\">Agarramento e aprisionamento.<\/li>\n<li aria-level=\"1\">Ru\u00eddos;<\/li>\n<li aria-level=\"1\">Radia\u00e7\u00e3o e etc.<\/li>\n<\/ul>\n<p>Ou seja, profissionais da mec\u00e2nica correm perigos diversos e precisam se atentar ao uso correto e cont\u00ednuo de <a href=\"https:\/\/www.ferpam.com.br\/#&amp;search-term=epi&amp;filter=Categoria:Oficina%20Mec%C3%A2nica&amp;filter=Preco:2.35&amp;filter=Preco:515.73\"><b>EPI &#8216;s<\/b><\/a>.\u00a0 Muitas vezes, as oficinas n\u00e3o fornecem os materiais de prote\u00e7\u00e3o como a lei ordena. Outras vezes, s\u00e3o os pr\u00f3prios mec\u00e2nicos que n\u00e3o gostam de utiliz\u00e1-los. Mas,\u00a0 trabalhar com seguran\u00e7a \u00e9 obrigat\u00f3rio, pois a preven\u00e7\u00e3o de acidentes \u00e9 a melhor op\u00e7\u00e3o.<\/p>\n<p>&nbsp;<\/p>\n<h2>Confira quais s\u00e3o os equipamentos de seguran\u00e7a essenciais para esta profiss\u00e3o?<\/h2>\n<ul>\n<li aria-level=\"1\"><a href=\"https:\/\/www.ferpam.com.br\/luva-seg-alg-kalipso-helanca-pro-pig.html\">Luvas de prote\u00e7\u00e3o;<\/a><\/li>\n<li aria-level=\"1\"><a href=\"https:\/\/www.ferpam.com.br\/catalogsearch\/result\/?q=oculos\">\u00d3culos de prote\u00e7\u00e3o;<\/a><\/li>\n<li aria-level=\"1\"><a href=\"https:\/\/www.ferpam.com.br\/catalogsearch\/result\/?q=oculos#search-term=protetor%20auricular&amp;filter=Preco:0.87&amp;filter=Preco:48.39\">Protetor auricular;<\/a><\/li>\n<li aria-level=\"1\"><a href=\"https:\/\/www.ferpam.com.br\/catalogsearch\/result\/?q=creme+protetor\">Creme protetor para m\u00e3os;<\/a><\/li>\n<li aria-level=\"1\"><a href=\"https:\/\/www.ferpam.com.br\/catalogsearch\/result\/?q=botina+de+seguran%C3%A7a\">Botina de seguran\u00e7a;<\/a><\/li>\n<li aria-level=\"1\"><a href=\"https:\/\/www.ferpam.com.br\/catalogsearch\/result\/?q=avental\">Avental de seguran\u00e7a;<\/a><\/li>\n<\/ul>\n<p>Nesse sentido, tamb\u00e9m existem os EPC (Equipamento de Prote\u00e7\u00e3o Coletiva) a exemplo: sinaliza\u00e7\u00e3o expl\u00edcita feita por cones, faixas de seguran\u00e7a, anteparos f\u00edsicos e o que mais for indicado a cada local de trabalho.<\/p>\n","protected":false},"excerpt":{"rendered":"<p>Os mec\u00e2nicos s\u00e3o profissionais apaixonados pelo funcionamento das coisas, desde os ve\u00edculos automotores como carros, motos e caminh\u00f5es at\u00e9 m\u00e1quinas industriais e implementos agr\u00edcolas (motocultivadores, tratores e etc). Voc\u00ea sabia que a Norma Regulamentadora n.\u00ba 6 do Minist\u00e9rio do Trabalho falar do fornecimento e uso obrigat\u00f3rio dos Equipamentos de Prote\u00e7\u00e3o Individual (EPIs)? Esta norma ressalta &hellip;<\/p>\n","protected":false},"author":5,"featured_media":2500,"comment_status":"open","ping_status":"open","sticky":false,"template":"","format":"standard","meta":{"footnotes":""},"categories":[27,1],"tags":[874,875,872,873],"class_list":["post-2499","post","type-post","status-publish","format-standard","has-post-thumbnail","hentry","category-dicas-de-ferramentas","category-sem-categoria","tag-epi-para-mecanicos","tag-equipamento-de-seguranca","tag-mecanica","tag-seguranca-para-mecanicos"],"yoast_head":"<!-- This site is optimized with the Yoast SEO plugin v15.8 - https:\/\/yoast.com\/wordpress\/plugins\/seo\/ -->\n<title>Aten\u00e7\u00e3o mec\u00e2nico: Trabalhar sem seguran\u00e7a n\u00e3o \u00e9 op\u00e7\u00e3o! - Blog Ferpam<\/title>\n<meta name=\"robots\" content=\"index, follow, max-snippet:-1, max-image-preview:large, max-video-preview:-1\" \/>\n<link rel=\"canonical\" href=\"https:\/\/www.ferpam.com.br\/blog\/atencao-mecanico-trabalhar-sem-seguranca-nao-e-opcao\/\" \/>\n<meta property=\"og:locale\" content=\"pt_BR\" \/>\n<meta property=\"og:type\" content=\"article\" \/>\n<meta property=\"og:title\" content=\"Aten\u00e7\u00e3o mec\u00e2nico: Trabalhar sem seguran\u00e7a n\u00e3o \u00e9 op\u00e7\u00e3o! - Blog Ferpam\" \/>\n<meta property=\"og:description\" content=\"Os mec\u00e2nicos s\u00e3o profissionais apaixonados pelo funcionamento das coisas, desde os ve\u00edculos automotores como carros, motos e caminh\u00f5es at\u00e9 m\u00e1quinas industriais e implementos agr\u00edcolas (motocultivadores, tratores e etc). Voc\u00ea sabia que a Norma Regulamentadora n.\u00ba 6 do Minist\u00e9rio do Trabalho falar do fornecimento e uso obrigat\u00f3rio dos Equipamentos de Prote\u00e7\u00e3o Individual (EPIs)? Esta norma ressalta &hellip;\" \/>\n<meta property=\"og:url\" content=\"https:\/\/www.ferpam.com.br\/blog\/atencao-mecanico-trabalhar-sem-seguranca-nao-e-opcao\/\" \/>\n<meta property=\"og:site_name\" content=\"Blog Ferpam\" \/>\n<meta property=\"article:published_time\" content=\"2022-08-19T11:26:18+00:00\" \/>\n<meta property=\"article:modified_time\" content=\"2022-08-19T12:21:26+00:00\" \/>\n<meta property=\"og:image\" content=\"https:\/\/www.ferpam.com.br\/blog\/wp-content\/uploads\/2022\/08\/WhatsApp-Image-2022-08-18-at-21.34.34.jpeg\" \/>\n\t<meta property=\"og:image:width\" content=\"600\" \/>\n\t<meta property=\"og:image:height\" content=\"426\" \/>\n<meta name=\"twitter:card\" content=\"summary_large_image\" \/>\n<meta name=\"twitter:label1\" content=\"Est. reading time\">\n\t<meta name=\"twitter:data1\" content=\"2 minutos\">\n<script type=\"application\/ld+json\" class=\"yoast-schema-graph\">{\"@context\":\"https:\/\/schema.org\",\"@graph\":[{\"@type\":\"Organization\",\"@id\":\"https:\/\/www.ferpam.com.br\/blog\/#organization\",\"name\":\"Ferpam\",\"url\":\"https:\/\/www.ferpam.com.br\/blog\/\",\"sameAs\":[],\"logo\":{\"@type\":\"ImageObject\",\"@id\":\"https:\/\/www.ferpam.com.br\/blog\/#logo\",\"inLanguage\":\"pt-BR\",\"url\":\"https:\/\/www.ferpam.com.br\/blog\/wp-content\/uploads\/2021\/02\/logo-1.png\",\"width\":254,\"height\":89,\"caption\":\"Ferpam\"},\"image\":{\"@id\":\"https:\/\/www.ferpam.com.br\/blog\/#logo\"}},{\"@type\":\"WebSite\",\"@id\":\"https:\/\/www.ferpam.com.br\/blog\/#website\",\"url\":\"https:\/\/www.ferpam.com.br\/blog\/\",\"name\":\"Blog Ferpam\",\"description\":\"Not\\u00edcias da Ferpam\",\"publisher\":{\"@id\":\"https:\/\/www.ferpam.com.br\/blog\/#organization\"},\"potentialAction\":[{\"@type\":\"SearchAction\",\"target\":\"https:\/\/www.ferpam.com.br\/blog\/?s={search_term_string}\",\"query-input\":\"required name=search_term_string\"}],\"inLanguage\":\"pt-BR\"},{\"@type\":\"ImageObject\",\"@id\":\"https:\/\/www.ferpam.com.br\/blog\/atencao-mecanico-trabalhar-sem-seguranca-nao-e-opcao\/#primaryimage\",\"inLanguage\":\"pt-BR\",\"url\":\"https:\/\/www.ferpam.com.br\/blog\/wp-content\/uploads\/2022\/08\/WhatsApp-Image-2022-08-18-at-21.34.34.jpeg\",\"width\":600,\"height\":426},{\"@type\":\"WebPage\",\"@id\":\"https:\/\/www.ferpam.com.br\/blog\/atencao-mecanico-trabalhar-sem-seguranca-nao-e-opcao\/#webpage\",\"url\":\"https:\/\/www.ferpam.com.br\/blog\/atencao-mecanico-trabalhar-sem-seguranca-nao-e-opcao\/\",\"name\":\"Aten\\u00e7\\u00e3o mec\\u00e2nico: Trabalhar sem seguran\\u00e7a n\\u00e3o \\u00e9 op\\u00e7\\u00e3o! - Blog Ferpam\",\"isPartOf\":{\"@id\":\"https:\/\/www.ferpam.com.br\/blog\/#website\"},\"primaryImageOfPage\":{\"@id\":\"https:\/\/www.ferpam.com.br\/blog\/atencao-mecanico-trabalhar-sem-seguranca-nao-e-opcao\/#primaryimage\"},\"datePublished\":\"2022-08-19T11:26:18+00:00\",\"dateModified\":\"2022-08-19T12:21:26+00:00\",\"breadcrumb\":{\"@id\":\"https:\/\/www.ferpam.com.br\/blog\/atencao-mecanico-trabalhar-sem-seguranca-nao-e-opcao\/#breadcrumb\"},\"inLanguage\":\"pt-BR\",\"potentialAction\":[{\"@type\":\"ReadAction\",\"target\":[\"https:\/\/www.ferpam.com.br\/blog\/atencao-mecanico-trabalhar-sem-seguranca-nao-e-opcao\/\"]}]},{\"@type\":\"BreadcrumbList\",\"@id\":\"https:\/\/www.ferpam.com.br\/blog\/atencao-mecanico-trabalhar-sem-seguranca-nao-e-opcao\/#breadcrumb\",\"itemListElement\":[{\"@type\":\"ListItem\",\"position\":1,\"item\":{\"@type\":\"WebPage\",\"@id\":\"https:\/\/www.ferpam.com.br\/blog\/\",\"url\":\"https:\/\/www.ferpam.com.br\/blog\/\",\"name\":\"In\\u00edcio\"}},{\"@type\":\"ListItem\",\"position\":2,\"item\":{\"@type\":\"WebPage\",\"@id\":\"https:\/\/www.ferpam.com.br\/blog\/atencao-mecanico-trabalhar-sem-seguranca-nao-e-opcao\/\",\"url\":\"https:\/\/www.ferpam.com.br\/blog\/atencao-mecanico-trabalhar-sem-seguranca-nao-e-opcao\/\",\"name\":\"Aten\\u00e7\\u00e3o mec\\u00e2nico: Trabalhar sem seguran\\u00e7a n\\u00e3o \\u00e9 op\\u00e7\\u00e3o!\"}}]},{\"@type\":\"Article\",\"@id\":\"https:\/\/www.ferpam.com.br\/blog\/atencao-mecanico-trabalhar-sem-seguranca-nao-e-opcao\/#article\",\"isPartOf\":{\"@id\":\"https:\/\/www.ferpam.com.br\/blog\/atencao-mecanico-trabalhar-sem-seguranca-nao-e-opcao\/#webpage\"},\"author\":{\"@id\":\"https:\/\/www.ferpam.com.br\/blog\/#\/schema\/person\/e6e8838fe5b732146790141d405cfc8f\"},\"headline\":\"Aten\\u00e7\\u00e3o mec\\u00e2nico: Trabalhar sem seguran\\u00e7a n\\u00e3o \\u00e9 op\\u00e7\\u00e3o!\",\"datePublished\":\"2022-08-19T11:26:18+00:00\",\"dateModified\":\"2022-08-19T12:21:26+00:00\",\"mainEntityOfPage\":{\"@id\":\"https:\/\/www.ferpam.com.br\/blog\/atencao-mecanico-trabalhar-sem-seguranca-nao-e-opcao\/#webpage\"},\"commentCount\":0,\"publisher\":{\"@id\":\"https:\/\/www.ferpam.com.br\/blog\/#organization\"},\"image\":{\"@id\":\"https:\/\/www.ferpam.com.br\/blog\/atencao-mecanico-trabalhar-sem-seguranca-nao-e-opcao\/#primaryimage\"},\"keywords\":\"epi para mec\\u00e2nicos,equipamento de seguran\\u00e7a.,mec\\u00e2nica,seguran\\u00e7a para mec\\u00e2nicos\",\"articleSection\":\"Dicas de ferramentas\",\"inLanguage\":\"pt-BR\",\"potentialAction\":[{\"@type\":\"CommentAction\",\"name\":\"Comment\",\"target\":[\"https:\/\/www.ferpam.com.br\/blog\/atencao-mecanico-trabalhar-sem-seguranca-nao-e-opcao\/#respond\"]}]},{\"@type\":\"Person\",\"@id\":\"https:\/\/www.ferpam.com.br\/blog\/#\/schema\/person\/e6e8838fe5b732146790141d405cfc8f\",\"name\":\"Ferpam\",\"image\":{\"@type\":\"ImageObject\",\"@id\":\"https:\/\/www.ferpam.com.br\/blog\/#personlogo\",\"inLanguage\":\"pt-BR\",\"url\":\"https:\/\/secure.gravatar.com\/avatar\/6f333e72a93ccf96c09aee14b6e690a9a4ece768eac772c81364ab7a27ce07d4?s=96&d=mm&r=g\",\"caption\":\"Ferpam\"}}]}<\/script>\n<!-- \/ Yoast SEO plugin. -->","_links":{"self":[{"href":"https:\/\/www.ferpam.com.br\/blog\/wp-json\/wp\/v2\/posts\/2499","targetHints":{"allow":["GET"]}}],"collection":[{"href":"https:\/\/www.ferpam.com.br\/blog\/wp-json\/wp\/v2\/posts"}],"about":[{"href":"https:\/\/www.ferpam.com.br\/blog\/wp-json\/wp\/v2\/types\/post"}],"author":[{"embeddable":true,"href":"https:\/\/www.ferpam.com.br\/blog\/wp-json\/wp\/v2\/users\/5"}],"replies":[{"embeddable":true,"href":"https:\/\/www.ferpam.com.br\/blog\/wp-json\/wp\/v2\/comments?post=2499"}],"version-history":[{"count":4,"href":"https:\/\/www.ferpam.com.br\/blog\/wp-json\/wp\/v2\/posts\/2499\/revisions"}],"predecessor-version":[{"id":2503,"href":"https:\/\/www.ferpam.com.br\/blog\/wp-json\/wp\/v2\/posts\/2499\/revisions\/2503"}],"wp:featuredmedia":[{"embeddable":true,"href":"https:\/\/www.ferpam.com.br\/blog\/wp-json\/wp\/v2\/media\/2500"}],"wp:attachment":[{"href":"https:\/\/www.ferpam.com.br\/blog\/wp-json\/wp\/v2\/media?parent=2499"}],"wp:term":[{"taxonomy":"category","embeddable":true,"href":"https:\/\/www.ferpam.com.br\/blog\/wp-json\/wp\/v2\/categories?post=2499"},{"taxonomy":"post_tag","embeddable":true,"href":"https:\/\/www.ferpam.com.br\/blog\/wp-json\/wp\/v2\/tags?post=2499"}],"curies":[{"name":"wp","href":"https:\/\/api.w.org\/{rel}","templated":true}]}}