{"id":2613,"date":"2023-01-06T10:29:01","date_gmt":"2023-01-06T10:29:01","guid":{"rendered":"https:\/\/www.ferpam.com.br\/blog\/?p=2613"},"modified":"2023-01-10T12:23:52","modified_gmt":"2023-01-10T12:23:52","slug":"dicas-para-aproveitar-o-periodo-de-ferias-e-fazer-pequenos-consertos-em-casa","status":"publish","type":"post","link":"https:\/\/www.ferpam.com.br\/blog\/dicas-para-aproveitar-o-periodo-de-ferias-e-fazer-pequenos-consertos-em-casa\/","title":{"rendered":"Dicas para aproveitar o per\u00edodo de f\u00e9rias e fazer pequenos consertos em casa"},"content":{"rendered":"<p><span style=\"font-weight: 400;\">J\u00e1 ouviu falar que obras nunca terminam? A afirma\u00e7\u00e3o \u00e9 um tanto quanto exagerada, mas carrega consigo um fato: todo lar, de tempos em tempos, exige reparos e manuten\u00e7\u00f5es. Infiltra\u00e7\u00f5es, trincas, m\u00f3veis quebrados, acabamentos descolados\u2026 existem tamb\u00e9m reparos pesados, que temos a mania de ignorar, at\u00e9 que se torne insuport\u00e1vel &#8211; N\u00e3o h\u00e1 alternativa, pegar as ferramentas, e encarar o problema!\u00a0<\/span><\/p>\n<p><span style=\"font-weight: 400;\">Mas estamos em um per\u00edodo prop\u00edcio para esse trabalho. A energia de fim de ano, quando repensamos o que combinamos de fazer e protelamos, ou estabelecemos planos para o pr\u00f3ximo ano, \u00e9 perfeita para a miss\u00e3o. E claro, nada melhor que aproveitar o tempo de f\u00e9rias e recesso para dar um jeito nisso!\u00a0<\/span><\/p>\n<p><span style=\"font-weight: 400;\">Nos acompanhe nesse conte\u00fado e entenda melhor o que \u00e9 preciso ter em m\u00e3os antes de iniciar os reparos.\u00a0<\/span><\/p>\n<h2><span style=\"font-weight: 400;\">Para come\u00e7ar, tenha em m\u00e3os suas ferramentas b\u00e1sicas<\/span><\/h2>\n<p><span style=\"font-weight: 400;\">J\u00e1 conversamos por aqui sobre<\/span><a href=\"https:\/\/www.ferpam.com.br\/blog\/o-que-nao-pode-faltar-no-seu-kit-de-ferramentas\/\"><span style=\"font-weight: 400;\"> kits de ferramentas b\u00e1sicas.<\/span><\/a><span style=\"font-weight: 400;\"> Afinal, qualquer resid\u00eancia precisa ter suas ferramentas, \u00e9 como um kit de primeiros socorros da resid\u00eancia. J\u00e1 sentiu falta de ter os instrumentos certos para colocar um quadro na parede, prender ou afrouxar parafusos dos m\u00f3veis, entre outros? Ent\u00e3o garanta j\u00e1 suas ferramentas b\u00e1sicas!<\/span><\/p>\n<p><span style=\"font-weight: 400;\">Para facilitar sua prepara\u00e7\u00e3o, selecionamos uma lista de instrumentos que s\u00e3o essenciais, seja qual for o n\u00edvel do reparo a ser feito nessas f\u00e9rias:<\/span><\/p>\n<h3><span style=\"font-weight: 400;\">CHAVES<\/span><\/h3>\n<p><span style=\"font-weight: 400;\">N\u00e3o podem faltar! Existem diversidades de modelos, com fun\u00e7\u00f5es diferentes, para necessidades espec\u00edficas.<\/span><\/p>\n<p><span style=\"font-weight: 400;\">Na d\u00favida, <\/span><a href=\"https:\/\/www.ferpam.com.br\/catalogsearch\/result\/?q=Kit+de+chaves\"><span style=\"font-weight: 400;\">aposte nas principais<\/span><\/a><span style=\"font-weight: 400;\">:<\/span><\/p>\n<ul>\n<li style=\"font-weight: 400;\" aria-level=\"1\"><span style=\"font-weight: 400;\">Chave de fenda: utilizada para afrouxar e apertar parafusos, s\u00e3o essenciais para montar e desmontar m\u00f3veis, mas extremamente vers\u00e1teis. Para um kit completo, invista em um jogo com tamanhos e formatos variados, para uso abrangente.<\/span><\/li>\n<li style=\"font-weight: 400;\" aria-level=\"1\"><span style=\"font-weight: 400;\">Chave de teste: similar a chave de fenda, mas com fun\u00e7\u00f5es distintas. Serve para verificar correntes el\u00e9tricas, passando por fios e tomadas. No caso de correntes ativas, a chave acende uma luz, alertando que n\u00e3o \u00e9 seguro mexer no local naquele momento. Seguran\u00e7a sempre em primeiro lugar!!<\/span><\/li>\n<li style=\"font-weight: 400;\" aria-level=\"1\"><span style=\"font-weight: 400;\">Chave combinada: um mix da chave de boca com a chave de roda, por haver uma em cada lado. Sim, um produto dois em um! Muito \u00fatil para fazer instala\u00e7\u00f5es hidr\u00e1ulicas e automotivas.<\/span><\/li>\n<li style=\"font-weight: 400;\" aria-level=\"1\"><span style=\"font-weight: 400;\">Chave inglesa: Uso muito abrangente, qualquer objeto com parafusos ou porcas exigir\u00e1 esse suporte.<\/span><\/li>\n<\/ul>\n<h3><a href=\"https:\/\/www.ferpam.com.br\/catalogsearch\/result\/?q=Kit+de+chaves#&amp;search-term=Martelo\"><span style=\"font-weight: 400;\">MARTELO<\/span><\/a><\/h3>\n<p><span style=\"font-weight: 400;\">Um cl\u00e1ssico, tamb\u00e9m fundamental para sua casa. Seja na hora de montar um m\u00f3vel, pendurar um quadro ou remover um prego da superf\u00edcie, todo mundo j\u00e1 sentiu a necessidade de usar um martelo!<\/span><\/p>\n<h3><a href=\"https:\/\/www.ferpam.com.br\/catalogsearch\/result\/?q=Kit+de+chaves#&amp;search-term=Alicate\"><span style=\"font-weight: 400;\">ALICATE<\/span><\/a><\/h3>\n<p><span style=\"font-weight: 400;\">Precisa apertar? Puxar? Torcer? Dobrar? Cortar? Desencapar um fio? Alicate, para j\u00e1!! Existem alicates espec\u00edficos para determinadas tarefas, mas o modelo universal foi desenvolvido justamente para facilitar seu trabalho e cumprir todas as fun\u00e7\u00f5es.<\/span><\/p>\n<h3><a href=\"https:\/\/www.ferpam.com.br\/estilete-18mm-com-5-laminas-gedore-red-r93200018.html\"><span style=\"font-weight: 400;\">ESTILETE<\/span><\/a><\/h3>\n<p><span style=\"font-weight: 400;\">Al\u00e9m de oferecer um corte muito mais afiado que facas e tesouras comuns, \u00e9 tamb\u00e9m mais preciso. Com ele, \u00e9 poss\u00edvel cortar pap\u00e9is, papel\u00e3o, tecidos, pl\u00e1sticos diversos, etc.<\/span><\/p>\n<h3><a href=\"https:\/\/www.ferpam.com.br\/kit-furadeira-de-impacto-gsb-450-x-line-com-34-pecas-450w-bosch.html\"><span style=\"font-weight: 400;\">FURADEIRA<\/span><\/a><\/h3>\n<p><span style=\"font-weight: 400;\">Seja qual for a superf\u00edcie, a precis\u00e3o da furadeira \u00e9 enorme, e reduz as chances de cometer erros e acabar estragando um m\u00f3vel, por exemplo. Se deseja instalar uma estante, quadro ou trocar quaisquer m\u00f3veis nessas f\u00e9rias, a furadeira ser\u00e1 mais que essencial.<\/span><\/p>\n<p><i><span style=\"font-weight: 400;\">Tenha em casa ao menos essas ferramentas b\u00e1sicas. N\u00e3o se preocupe, por hora, em ter itens elaborados e complexos. Recomendamos que fa\u00e7a uma lista daquilo que deseja reparar em sua casa nessas f\u00e9rias, e em seguida, adquira as ferramentas b\u00e1sicas para essas fun\u00e7\u00f5es. Em nossa loja voc\u00ea encontra mais de vinte mil produtos, para garantir praticidade. Al\u00e9m disso, nossos pre\u00e7os s\u00e3o especiais, garantindo que voc\u00ea economize ao trabalhar em seus pr\u00f3prios reparos, sem ter que pedir ajuda especializada para reparos que, na maioria das vezes, s\u00e3o r\u00e1pidos e simples.<\/span><\/i><\/p>\n<p><a href=\"https:\/\/www.ferpam.com.br\/\"><span style=\"font-weight: 400;\">Vem pra Ferpam!<\/span><\/a><\/p>\n","protected":false},"excerpt":{"rendered":"<p>J\u00e1 ouviu falar que obras nunca terminam? A afirma\u00e7\u00e3o \u00e9 um tanto quanto exagerada, mas carrega consigo um fato: todo lar, de tempos em tempos, exige reparos e manuten\u00e7\u00f5es. Infiltra\u00e7\u00f5es, trincas, m\u00f3veis quebrados, acabamentos descolados\u2026 existem tamb\u00e9m reparos pesados, que temos a mania de ignorar, at\u00e9 que se torne insuport\u00e1vel &#8211; N\u00e3o h\u00e1 alternativa, pegar &hellip;<\/p>\n","protected":false},"author":5,"featured_media":2614,"comment_status":"open","ping_status":"open","sticky":false,"template":"","format":"standard","meta":{"footnotes":""},"categories":[1],"tags":[324,925,927,926],"class_list":["post-2613","post","type-post","status-publish","format-standard","has-post-thumbnail","hentry","category-sem-categoria","tag-ferramentas","tag-concertos","tag-em-casa","tag-obras"],"yoast_head":"<!-- This site is optimized with the Yoast SEO plugin v15.8 - https:\/\/yoast.com\/wordpress\/plugins\/seo\/ -->\n<title>Dicas para pequenos concertos em casa - Blog Ferpam<\/title>\n<meta name=\"description\" content=\"Vai aproveitar as f\u00e9rias para pequenos consertos em casa, o que n\u00e3o pode faltar? Nos acompanhe nesse conte\u00fado e entenda o que \u00e9 preciso.\" \/>\n<meta name=\"robots\" content=\"index, follow, max-snippet:-1, max-image-preview:large, max-video-preview:-1\" \/>\n<link rel=\"canonical\" href=\"https:\/\/www.ferpam.com.br\/blog\/dicas-para-aproveitar-o-periodo-de-ferias-e-fazer-pequenos-consertos-em-casa\/\" \/>\n<meta property=\"og:locale\" content=\"pt_BR\" \/>\n<meta property=\"og:type\" content=\"article\" \/>\n<meta property=\"og:title\" content=\"Dicas para pequenos concertos em casa - Blog Ferpam\" \/>\n<meta property=\"og:description\" content=\"Vai aproveitar as f\u00e9rias para pequenos consertos em casa, o que n\u00e3o pode faltar? Nos acompanhe nesse conte\u00fado e entenda o que \u00e9 preciso.\" \/>\n<meta property=\"og:url\" content=\"https:\/\/www.ferpam.com.br\/blog\/dicas-para-aproveitar-o-periodo-de-ferias-e-fazer-pequenos-consertos-em-casa\/\" \/>\n<meta property=\"og:site_name\" content=\"Blog Ferpam\" \/>\n<meta property=\"article:published_time\" content=\"2023-01-06T10:29:01+00:00\" \/>\n<meta property=\"article:modified_time\" content=\"2023-01-10T12:23:52+00:00\" \/>\n<meta property=\"og:image\" content=\"https:\/\/www.ferpam.com.br\/blog\/wp-content\/uploads\/2022\/12\/WhatsApp-Image-2022-12-27-at-09.52.34.jpeg\" \/>\n\t<meta property=\"og:image:width\" content=\"600\" \/>\n\t<meta property=\"og:image:height\" content=\"426\" \/>\n<meta name=\"twitter:card\" content=\"summary_large_image\" \/>\n<meta name=\"twitter:label1\" content=\"Est. reading time\">\n\t<meta name=\"twitter:data1\" content=\"3 minutos\">\n<script type=\"application\/ld+json\" class=\"yoast-schema-graph\">{\"@context\":\"https:\/\/schema.org\",\"@graph\":[{\"@type\":\"Organization\",\"@id\":\"https:\/\/www.ferpam.com.br\/blog\/#organization\",\"name\":\"Ferpam\",\"url\":\"https:\/\/www.ferpam.com.br\/blog\/\",\"sameAs\":[],\"logo\":{\"@type\":\"ImageObject\",\"@id\":\"https:\/\/www.ferpam.com.br\/blog\/#logo\",\"inLanguage\":\"pt-BR\",\"url\":\"https:\/\/www.ferpam.com.br\/blog\/wp-content\/uploads\/2021\/02\/logo-1.png\",\"width\":254,\"height\":89,\"caption\":\"Ferpam\"},\"image\":{\"@id\":\"https:\/\/www.ferpam.com.br\/blog\/#logo\"}},{\"@type\":\"WebSite\",\"@id\":\"https:\/\/www.ferpam.com.br\/blog\/#website\",\"url\":\"https:\/\/www.ferpam.com.br\/blog\/\",\"name\":\"Blog Ferpam\",\"description\":\"Not\\u00edcias da Ferpam\",\"publisher\":{\"@id\":\"https:\/\/www.ferpam.com.br\/blog\/#organization\"},\"potentialAction\":[{\"@type\":\"SearchAction\",\"target\":\"https:\/\/www.ferpam.com.br\/blog\/?s={search_term_string}\",\"query-input\":\"required name=search_term_string\"}],\"inLanguage\":\"pt-BR\"},{\"@type\":\"ImageObject\",\"@id\":\"https:\/\/www.ferpam.com.br\/blog\/dicas-para-aproveitar-o-periodo-de-ferias-e-fazer-pequenos-consertos-em-casa\/#primaryimage\",\"inLanguage\":\"pt-BR\",\"url\":\"https:\/\/www.ferpam.com.br\/blog\/wp-content\/uploads\/2022\/12\/WhatsApp-Image-2022-12-27-at-09.52.34.jpeg\",\"width\":600,\"height\":426,\"caption\":\"obras\"},{\"@type\":\"WebPage\",\"@id\":\"https:\/\/www.ferpam.com.br\/blog\/dicas-para-aproveitar-o-periodo-de-ferias-e-fazer-pequenos-consertos-em-casa\/#webpage\",\"url\":\"https:\/\/www.ferpam.com.br\/blog\/dicas-para-aproveitar-o-periodo-de-ferias-e-fazer-pequenos-consertos-em-casa\/\",\"name\":\"Dicas para pequenos concertos em casa - Blog Ferpam\",\"isPartOf\":{\"@id\":\"https:\/\/www.ferpam.com.br\/blog\/#website\"},\"primaryImageOfPage\":{\"@id\":\"https:\/\/www.ferpam.com.br\/blog\/dicas-para-aproveitar-o-periodo-de-ferias-e-fazer-pequenos-consertos-em-casa\/#primaryimage\"},\"datePublished\":\"2023-01-06T10:29:01+00:00\",\"dateModified\":\"2023-01-10T12:23:52+00:00\",\"description\":\"Vai aproveitar as f\\u00e9rias para pequenos consertos em casa, o que n\\u00e3o pode faltar? Nos acompanhe nesse conte\\u00fado e entenda o que \\u00e9 preciso.\",\"breadcrumb\":{\"@id\":\"https:\/\/www.ferpam.com.br\/blog\/dicas-para-aproveitar-o-periodo-de-ferias-e-fazer-pequenos-consertos-em-casa\/#breadcrumb\"},\"inLanguage\":\"pt-BR\",\"potentialAction\":[{\"@type\":\"ReadAction\",\"target\":[\"https:\/\/www.ferpam.com.br\/blog\/dicas-para-aproveitar-o-periodo-de-ferias-e-fazer-pequenos-consertos-em-casa\/\"]}]},{\"@type\":\"BreadcrumbList\",\"@id\":\"https:\/\/www.ferpam.com.br\/blog\/dicas-para-aproveitar-o-periodo-de-ferias-e-fazer-pequenos-consertos-em-casa\/#breadcrumb\",\"itemListElement\":[{\"@type\":\"ListItem\",\"position\":1,\"item\":{\"@type\":\"WebPage\",\"@id\":\"https:\/\/www.ferpam.com.br\/blog\/\",\"url\":\"https:\/\/www.ferpam.com.br\/blog\/\",\"name\":\"In\\u00edcio\"}},{\"@type\":\"ListItem\",\"position\":2,\"item\":{\"@type\":\"WebPage\",\"@id\":\"https:\/\/www.ferpam.com.br\/blog\/dicas-para-aproveitar-o-periodo-de-ferias-e-fazer-pequenos-consertos-em-casa\/\",\"url\":\"https:\/\/www.ferpam.com.br\/blog\/dicas-para-aproveitar-o-periodo-de-ferias-e-fazer-pequenos-consertos-em-casa\/\",\"name\":\"Dicas para aproveitar o per\\u00edodo de f\\u00e9rias e fazer pequenos consertos em casa\"}}]},{\"@type\":\"Article\",\"@id\":\"https:\/\/www.ferpam.com.br\/blog\/dicas-para-aproveitar-o-periodo-de-ferias-e-fazer-pequenos-consertos-em-casa\/#article\",\"isPartOf\":{\"@id\":\"https:\/\/www.ferpam.com.br\/blog\/dicas-para-aproveitar-o-periodo-de-ferias-e-fazer-pequenos-consertos-em-casa\/#webpage\"},\"author\":{\"@id\":\"https:\/\/www.ferpam.com.br\/blog\/#\/schema\/person\/e6e8838fe5b732146790141d405cfc8f\"},\"headline\":\"Dicas para aproveitar o per\\u00edodo de f\\u00e9rias e fazer pequenos consertos em casa\",\"datePublished\":\"2023-01-06T10:29:01+00:00\",\"dateModified\":\"2023-01-10T12:23:52+00:00\",\"mainEntityOfPage\":{\"@id\":\"https:\/\/www.ferpam.com.br\/blog\/dicas-para-aproveitar-o-periodo-de-ferias-e-fazer-pequenos-consertos-em-casa\/#webpage\"},\"commentCount\":0,\"publisher\":{\"@id\":\"https:\/\/www.ferpam.com.br\/blog\/#organization\"},\"image\":{\"@id\":\"https:\/\/www.ferpam.com.br\/blog\/dicas-para-aproveitar-o-periodo-de-ferias-e-fazer-pequenos-consertos-em-casa\/#primaryimage\"},\"keywords\":\"#FERRAMENTAS,concertos,em casa,obras\",\"inLanguage\":\"pt-BR\",\"potentialAction\":[{\"@type\":\"CommentAction\",\"name\":\"Comment\",\"target\":[\"https:\/\/www.ferpam.com.br\/blog\/dicas-para-aproveitar-o-periodo-de-ferias-e-fazer-pequenos-consertos-em-casa\/#respond\"]}]},{\"@type\":\"Person\",\"@id\":\"https:\/\/www.ferpam.com.br\/blog\/#\/schema\/person\/e6e8838fe5b732146790141d405cfc8f\",\"name\":\"Ferpam\",\"image\":{\"@type\":\"ImageObject\",\"@id\":\"https:\/\/www.ferpam.com.br\/blog\/#personlogo\",\"inLanguage\":\"pt-BR\",\"url\":\"https:\/\/secure.gravatar.com\/avatar\/6f333e72a93ccf96c09aee14b6e690a9a4ece768eac772c81364ab7a27ce07d4?s=96&d=mm&r=g\",\"caption\":\"Ferpam\"}}]}<\/script>\n<!-- \/ Yoast SEO plugin. -->","_links":{"self":[{"href":"https:\/\/www.ferpam.com.br\/blog\/wp-json\/wp\/v2\/posts\/2613","targetHints":{"allow":["GET"]}}],"collection":[{"href":"https:\/\/www.ferpam.com.br\/blog\/wp-json\/wp\/v2\/posts"}],"about":[{"href":"https:\/\/www.ferpam.com.br\/blog\/wp-json\/wp\/v2\/types\/post"}],"author":[{"embeddable":true,"href":"https:\/\/www.ferpam.com.br\/blog\/wp-json\/wp\/v2\/users\/5"}],"replies":[{"embeddable":true,"href":"https:\/\/www.ferpam.com.br\/blog\/wp-json\/wp\/v2\/comments?post=2613"}],"version-history":[{"count":1,"href":"https:\/\/www.ferpam.com.br\/blog\/wp-json\/wp\/v2\/posts\/2613\/revisions"}],"predecessor-version":[{"id":2615,"href":"https:\/\/www.ferpam.com.br\/blog\/wp-json\/wp\/v2\/posts\/2613\/revisions\/2615"}],"wp:featuredmedia":[{"embeddable":true,"href":"https:\/\/www.ferpam.com.br\/blog\/wp-json\/wp\/v2\/media\/2614"}],"wp:attachment":[{"href":"https:\/\/www.ferpam.com.br\/blog\/wp-json\/wp\/v2\/media?parent=2613"}],"wp:term":[{"taxonomy":"category","embeddable":true,"href":"https:\/\/www.ferpam.com.br\/blog\/wp-json\/wp\/v2\/categories?post=2613"},{"taxonomy":"post_tag","embeddable":true,"href":"https:\/\/www.ferpam.com.br\/blog\/wp-json\/wp\/v2\/tags?post=2613"}],"curies":[{"name":"wp","href":"https:\/\/api.w.org\/{rel}","templated":true}]}}