{"id":2637,"date":"2023-02-24T18:38:14","date_gmt":"2023-02-24T18:38:14","guid":{"rendered":"https:\/\/www.ferpam.com.br\/blog\/?p=2637"},"modified":"2023-02-27T18:40:29","modified_gmt":"2023-02-27T18:40:29","slug":"entenda-a-diferenca-entre-ferramentas-a-cabo-e-a-bateria","status":"publish","type":"post","link":"https:\/\/www.ferpam.com.br\/blog\/entenda-a-diferenca-entre-ferramentas-a-cabo-e-a-bateria\/","title":{"rendered":"Entenda a diferen\u00e7a entre ferramentas a cabo e a bateria"},"content":{"rendered":"<p><span style=\"font-weight: 400;\">Seja voc\u00ea da \u00e1rea de constru\u00e7\u00e3o c\u00edvel, mec\u00e2nica, ou apenas respons\u00e1vel pelos reparos e reformas de casa: as ferramentas s\u00e3o essenciais em seu dia a dia, seja qual for a situa\u00e7\u00e3o.\u00a0<\/span><\/p>\n<p><span style=\"font-weight: 400;\">Ferramentas se popularizaram entre profissionais e moradores, justamente por substituir equipamentos mais antigos e garantirem solu\u00e7\u00f5es assertivas em diversos casos.\u00a0<\/span><\/p>\n<p><span style=\"font-weight: 400;\">No mercado, dentre os modelos dispon\u00edveis, observamos sempre os equipamentos \u00e0 cabo ou \u00e0 bateria, com benef\u00edcios que envolvem tecnologias mais. Se voc\u00ea deseja investir em ferramentas, entenda nesse artigo a diferen\u00e7a entre os dois tipos.<\/span><\/p>\n<h2><span style=\"font-weight: 400;\">Quando surgiu a ferramenta?<\/span><\/h2>\n<p><span style=\"font-weight: 400;\">Antes de mais nada, \u00e9 interessante compreender um contexto hist\u00f3rico de surgimento de ferramentas. No Paleol\u00edtico, Idade da Pedra, ferramentas j\u00e1 existiam e eram feitas de s\u00edlex, uma pedra retirada de grandes blocos rochosos, al\u00e9m de j\u00e1 existirem picaretas, feitas com chifres de animais.<\/span><\/p>\n<p><span style=\"font-weight: 400;\">Acredita-se que a primeira ferramenta foi criada por homin\u00eddios, a mais de dois milh\u00f5es de anos atr\u00e1s. Fica n\u00edtido que, desde sempre, o ser humano conta com o aux\u00edlio de ferramentas nas mais diversas fun\u00e7\u00f5es. Ap\u00f3s os anos 20, a tecnologia nos presenteou com ferramentas el\u00e9tricas, mais f\u00e1ceis e pr\u00e1ticas que as manuais. Anos depois, as ferramentas come\u00e7aram a ser produzidas com metais diversos, movidas por diferentes meios.<\/span><\/p>\n<p><span style=\"font-weight: 400;\">E \u00e9 a\u00ed que a evolu\u00e7\u00e3o nos apresenta um impasse\u2026<\/span><\/p>\n<h2><span style=\"font-weight: 400;\">O que \u00e9 melhor para mim, ferramentas a cabo ou a bateria?<\/span><\/h2>\n<p><span style=\"font-weight: 400;\">Equipamentos a cabo s\u00e3o os favoritos dentre trabalhadores da constru\u00e7\u00e3o civil. O tempo de uso \u00e9 maior, por depender de uma tomada el\u00e9trica para funcionar, n\u00e3o existe em preocupa\u00e7\u00e3o em recarregar. Em grandes projetos, por exemplo, em que profissionais correm contra o tempo para entregar seus resultados, utilizar um equipamento a fio garante que o trabalho continue, ininterrupto.<\/span><\/p>\n<p><span style=\"font-weight: 400;\">Por\u00e9m, \u00e9 importante lembrar que o movimento fica limitado, exigindo mudan\u00e7as na tomada, manobras com o equipamento, etc. Mas, o equipamento n\u00e3o perde sua pot\u00eancia, est\u00e1 sempre eficiente quando ligado em uma fonte de energia. E considerando o tempo m\u00e9dio de vida \u00fatil, o custo-benef\u00edcio \u00e9 comprovado. A n\u00e3o ser, \u00e9 claro, que o ambiente n\u00e3o conte com eletricidade, tornando imposs\u00edvel utilizar o equipamento. E em caso de quebras do fio, a manuten\u00e7\u00e3o \u00e9 cara, e exige troca.<\/span><\/p>\n<p><span style=\"font-weight: 400;\">Por outro lado, ferramentas movidas \u00e0 bateria permitem liberdade ao profissional, s\u00e3o de uso mais confotr\u00e1vel e at\u00e9 mais leve. S\u00e3o as favoritas para instala\u00e7\u00f5es el\u00e9tricas, instala\u00e7\u00f5es de m\u00f3veis, decora\u00e7\u00e3o, etc. Por n\u00e3o possuerem cabos, evitam acidentes como choques, quedas ou trope\u00e7os. E em ambientes humidos, por exemplo, s\u00e3o os mais indicados, j\u00e1 que \u00e1gua e eletricidade n\u00e3o s\u00e3o boa combina\u00e7\u00e3o. As ferramentas tornam o ambiente menos lotado, por n\u00e3o possurem cabo, trazem uma sensa\u00e7\u00e3o de organiza\u00e7\u00e3o maior. S\u00e3o resistentes, e possuem alta durabilidade, mas \u00e9 necess\u00e1rio fazer a manuten\u00e7\u00e3o preventiva para aumentar a vida \u00fatil. Por\u00e9m precisam ser recarregadas, e as baterias necessitam de trocas com o tempo, o que impactam na efici\u00eancia.<\/span><\/p>\n<h2><span style=\"font-weight: 400;\">Seja qual for sua prefer\u00eancia, na Ferpam encontre os melhores modelos!<\/span><\/h2>\n<p><span style=\"font-weight: 400;\">O e-commerce da Ferpam atende todos os estados brasileiros. A nossa miss\u00e3o \u00e9 ser a ferramenta para a solu\u00e7\u00e3o dos seus problemas, raz\u00e3o pela qual temos investido na busca de novas tecnologias para oferecer o melhor sempre e superar as suas expectativas. <\/span><a href=\"https:\/\/www.ferpam.com.br\/\"><span style=\"font-weight: 400;\">Se deseja investir em inova\u00e7\u00e3o, encontrou o lugar certo!<\/span><\/a><\/p>\n","protected":false},"excerpt":{"rendered":"<p>Seja voc\u00ea da \u00e1rea de constru\u00e7\u00e3o c\u00edvel, mec\u00e2nica, ou apenas respons\u00e1vel pelos reparos e reformas de casa: as ferramentas s\u00e3o essenciais em seu dia a dia, seja qual for a situa\u00e7\u00e3o.\u00a0 Ferramentas se popularizaram entre profissionais e moradores, justamente por substituir equipamentos mais antigos e garantirem solu\u00e7\u00f5es assertivas em diversos casos.\u00a0 No mercado, dentre os &hellip;<\/p>\n","protected":false},"author":5,"featured_media":2638,"comment_status":"open","ping_status":"open","sticky":false,"template":"","format":"standard","meta":{"footnotes":""},"categories":[27],"tags":[324,932,933],"class_list":["post-2637","post","type-post","status-publish","format-standard","has-post-thumbnail","hentry","category-dicas-de-ferramentas","tag-ferramentas","tag-bateria","tag-cabo"],"yoast_head":"<!-- This site is optimized with the Yoast SEO plugin v15.8 - https:\/\/yoast.com\/wordpress\/plugins\/seo\/ -->\n<title>Entenda a diferen\u00e7a entre ferramentas a cabo e a bateria - Blog Ferpam<\/title>\n<meta name=\"description\" content=\"Seja voc\u00ea da \u00e1rea de constru\u00e7\u00e3o c\u00edvel, mec\u00e2nica, ou apenas respons\u00e1vel pelos reparos e reformas de casa: as ferramentas s\u00e3o essenciais.\" \/>\n<meta name=\"robots\" content=\"index, follow, max-snippet:-1, max-image-preview:large, max-video-preview:-1\" \/>\n<link rel=\"canonical\" href=\"https:\/\/www.ferpam.com.br\/blog\/entenda-a-diferenca-entre-ferramentas-a-cabo-e-a-bateria\/\" \/>\n<meta property=\"og:locale\" content=\"pt_BR\" \/>\n<meta property=\"og:type\" content=\"article\" \/>\n<meta property=\"og:title\" content=\"Entenda a diferen\u00e7a entre ferramentas a cabo e a bateria - Blog Ferpam\" \/>\n<meta property=\"og:description\" content=\"Seja voc\u00ea da \u00e1rea de constru\u00e7\u00e3o c\u00edvel, mec\u00e2nica, ou apenas respons\u00e1vel pelos reparos e reformas de casa: as ferramentas s\u00e3o essenciais.\" \/>\n<meta property=\"og:url\" content=\"https:\/\/www.ferpam.com.br\/blog\/entenda-a-diferenca-entre-ferramentas-a-cabo-e-a-bateria\/\" \/>\n<meta property=\"og:site_name\" content=\"Blog Ferpam\" \/>\n<meta property=\"article:published_time\" content=\"2023-02-24T18:38:14+00:00\" \/>\n<meta property=\"article:modified_time\" content=\"2023-02-27T18:40:29+00:00\" \/>\n<meta property=\"og:image\" content=\"https:\/\/www.ferpam.com.br\/blog\/wp-content\/uploads\/2023\/02\/WhatsApp-Image-2023-02-22-at-12.51.40.jpeg\" \/>\n\t<meta property=\"og:image:width\" content=\"640\" \/>\n\t<meta property=\"og:image:height\" content=\"426\" \/>\n<meta name=\"twitter:card\" content=\"summary_large_image\" \/>\n<meta name=\"twitter:label1\" content=\"Est. reading time\">\n\t<meta name=\"twitter:data1\" content=\"3 minutos\">\n<script type=\"application\/ld+json\" class=\"yoast-schema-graph\">{\"@context\":\"https:\/\/schema.org\",\"@graph\":[{\"@type\":\"Organization\",\"@id\":\"https:\/\/www.ferpam.com.br\/blog\/#organization\",\"name\":\"Ferpam\",\"url\":\"https:\/\/www.ferpam.com.br\/blog\/\",\"sameAs\":[],\"logo\":{\"@type\":\"ImageObject\",\"@id\":\"https:\/\/www.ferpam.com.br\/blog\/#logo\",\"inLanguage\":\"pt-BR\",\"url\":\"https:\/\/www.ferpam.com.br\/blog\/wp-content\/uploads\/2021\/02\/logo-1.png\",\"width\":254,\"height\":89,\"caption\":\"Ferpam\"},\"image\":{\"@id\":\"https:\/\/www.ferpam.com.br\/blog\/#logo\"}},{\"@type\":\"WebSite\",\"@id\":\"https:\/\/www.ferpam.com.br\/blog\/#website\",\"url\":\"https:\/\/www.ferpam.com.br\/blog\/\",\"name\":\"Blog Ferpam\",\"description\":\"Not\\u00edcias da Ferpam\",\"publisher\":{\"@id\":\"https:\/\/www.ferpam.com.br\/blog\/#organization\"},\"potentialAction\":[{\"@type\":\"SearchAction\",\"target\":\"https:\/\/www.ferpam.com.br\/blog\/?s={search_term_string}\",\"query-input\":\"required name=search_term_string\"}],\"inLanguage\":\"pt-BR\"},{\"@type\":\"ImageObject\",\"@id\":\"https:\/\/www.ferpam.com.br\/blog\/entenda-a-diferenca-entre-ferramentas-a-cabo-e-a-bateria\/#primaryimage\",\"inLanguage\":\"pt-BR\",\"url\":\"https:\/\/www.ferpam.com.br\/blog\/wp-content\/uploads\/2023\/02\/WhatsApp-Image-2023-02-22-at-12.51.40.jpeg\",\"width\":640,\"height\":426,\"caption\":\"ferramentas\"},{\"@type\":\"WebPage\",\"@id\":\"https:\/\/www.ferpam.com.br\/blog\/entenda-a-diferenca-entre-ferramentas-a-cabo-e-a-bateria\/#webpage\",\"url\":\"https:\/\/www.ferpam.com.br\/blog\/entenda-a-diferenca-entre-ferramentas-a-cabo-e-a-bateria\/\",\"name\":\"Entenda a diferen\\u00e7a entre ferramentas a cabo e a bateria - Blog Ferpam\",\"isPartOf\":{\"@id\":\"https:\/\/www.ferpam.com.br\/blog\/#website\"},\"primaryImageOfPage\":{\"@id\":\"https:\/\/www.ferpam.com.br\/blog\/entenda-a-diferenca-entre-ferramentas-a-cabo-e-a-bateria\/#primaryimage\"},\"datePublished\":\"2023-02-24T18:38:14+00:00\",\"dateModified\":\"2023-02-27T18:40:29+00:00\",\"description\":\"Seja voc\\u00ea da \\u00e1rea de constru\\u00e7\\u00e3o c\\u00edvel, mec\\u00e2nica, ou apenas respons\\u00e1vel pelos reparos e reformas de casa: as ferramentas s\\u00e3o essenciais.\",\"breadcrumb\":{\"@id\":\"https:\/\/www.ferpam.com.br\/blog\/entenda-a-diferenca-entre-ferramentas-a-cabo-e-a-bateria\/#breadcrumb\"},\"inLanguage\":\"pt-BR\",\"potentialAction\":[{\"@type\":\"ReadAction\",\"target\":[\"https:\/\/www.ferpam.com.br\/blog\/entenda-a-diferenca-entre-ferramentas-a-cabo-e-a-bateria\/\"]}]},{\"@type\":\"BreadcrumbList\",\"@id\":\"https:\/\/www.ferpam.com.br\/blog\/entenda-a-diferenca-entre-ferramentas-a-cabo-e-a-bateria\/#breadcrumb\",\"itemListElement\":[{\"@type\":\"ListItem\",\"position\":1,\"item\":{\"@type\":\"WebPage\",\"@id\":\"https:\/\/www.ferpam.com.br\/blog\/\",\"url\":\"https:\/\/www.ferpam.com.br\/blog\/\",\"name\":\"In\\u00edcio\"}},{\"@type\":\"ListItem\",\"position\":2,\"item\":{\"@type\":\"WebPage\",\"@id\":\"https:\/\/www.ferpam.com.br\/blog\/entenda-a-diferenca-entre-ferramentas-a-cabo-e-a-bateria\/\",\"url\":\"https:\/\/www.ferpam.com.br\/blog\/entenda-a-diferenca-entre-ferramentas-a-cabo-e-a-bateria\/\",\"name\":\"Entenda a diferen\\u00e7a entre ferramentas a cabo e a bateria\"}}]},{\"@type\":\"Article\",\"@id\":\"https:\/\/www.ferpam.com.br\/blog\/entenda-a-diferenca-entre-ferramentas-a-cabo-e-a-bateria\/#article\",\"isPartOf\":{\"@id\":\"https:\/\/www.ferpam.com.br\/blog\/entenda-a-diferenca-entre-ferramentas-a-cabo-e-a-bateria\/#webpage\"},\"author\":{\"@id\":\"https:\/\/www.ferpam.com.br\/blog\/#\/schema\/person\/e6e8838fe5b732146790141d405cfc8f\"},\"headline\":\"Entenda a diferen\\u00e7a entre ferramentas a cabo e a bateria\",\"datePublished\":\"2023-02-24T18:38:14+00:00\",\"dateModified\":\"2023-02-27T18:40:29+00:00\",\"mainEntityOfPage\":{\"@id\":\"https:\/\/www.ferpam.com.br\/blog\/entenda-a-diferenca-entre-ferramentas-a-cabo-e-a-bateria\/#webpage\"},\"commentCount\":0,\"publisher\":{\"@id\":\"https:\/\/www.ferpam.com.br\/blog\/#organization\"},\"image\":{\"@id\":\"https:\/\/www.ferpam.com.br\/blog\/entenda-a-diferenca-entre-ferramentas-a-cabo-e-a-bateria\/#primaryimage\"},\"keywords\":\"#FERRAMENTAS,bateria,cabo\",\"articleSection\":\"Dicas de ferramentas\",\"inLanguage\":\"pt-BR\",\"potentialAction\":[{\"@type\":\"CommentAction\",\"name\":\"Comment\",\"target\":[\"https:\/\/www.ferpam.com.br\/blog\/entenda-a-diferenca-entre-ferramentas-a-cabo-e-a-bateria\/#respond\"]}]},{\"@type\":\"Person\",\"@id\":\"https:\/\/www.ferpam.com.br\/blog\/#\/schema\/person\/e6e8838fe5b732146790141d405cfc8f\",\"name\":\"Ferpam\",\"image\":{\"@type\":\"ImageObject\",\"@id\":\"https:\/\/www.ferpam.com.br\/blog\/#personlogo\",\"inLanguage\":\"pt-BR\",\"url\":\"https:\/\/secure.gravatar.com\/avatar\/6f333e72a93ccf96c09aee14b6e690a9a4ece768eac772c81364ab7a27ce07d4?s=96&d=mm&r=g\",\"caption\":\"Ferpam\"}}]}<\/script>\n<!-- \/ Yoast SEO plugin. -->","_links":{"self":[{"href":"https:\/\/www.ferpam.com.br\/blog\/wp-json\/wp\/v2\/posts\/2637","targetHints":{"allow":["GET"]}}],"collection":[{"href":"https:\/\/www.ferpam.com.br\/blog\/wp-json\/wp\/v2\/posts"}],"about":[{"href":"https:\/\/www.ferpam.com.br\/blog\/wp-json\/wp\/v2\/types\/post"}],"author":[{"embeddable":true,"href":"https:\/\/www.ferpam.com.br\/blog\/wp-json\/wp\/v2\/users\/5"}],"replies":[{"embeddable":true,"href":"https:\/\/www.ferpam.com.br\/blog\/wp-json\/wp\/v2\/comments?post=2637"}],"version-history":[{"count":1,"href":"https:\/\/www.ferpam.com.br\/blog\/wp-json\/wp\/v2\/posts\/2637\/revisions"}],"predecessor-version":[{"id":2639,"href":"https:\/\/www.ferpam.com.br\/blog\/wp-json\/wp\/v2\/posts\/2637\/revisions\/2639"}],"wp:featuredmedia":[{"embeddable":true,"href":"https:\/\/www.ferpam.com.br\/blog\/wp-json\/wp\/v2\/media\/2638"}],"wp:attachment":[{"href":"https:\/\/www.ferpam.com.br\/blog\/wp-json\/wp\/v2\/media?parent=2637"}],"wp:term":[{"taxonomy":"category","embeddable":true,"href":"https:\/\/www.ferpam.com.br\/blog\/wp-json\/wp\/v2\/categories?post=2637"},{"taxonomy":"post_tag","embeddable":true,"href":"https:\/\/www.ferpam.com.br\/blog\/wp-json\/wp\/v2\/tags?post=2637"}],"curies":[{"name":"wp","href":"https:\/\/api.w.org\/{rel}","templated":true}]}}