{"id":2685,"date":"2023-05-12T18:18:46","date_gmt":"2023-05-12T18:18:46","guid":{"rendered":"https:\/\/www.ferpam.com.br\/blog\/?p=2685"},"modified":"2023-05-12T18:18:46","modified_gmt":"2023-05-12T18:18:46","slug":"ferpam-na-agrotins-2023","status":"publish","type":"post","link":"https:\/\/www.ferpam.com.br\/blog\/ferpam-na-agrotins-2023\/","title":{"rendered":"Ferpam na Agrotins 2023"},"content":{"rendered":"<p><span style=\"font-weight: 400;\">O evento mais esperado do ano est\u00e1 para come\u00e7ar, a Agrotins 2023, nos dia 16 a 20 de Maio, em Palmas, Tocantins. Considerada a maior Feira de Agricultura e Tecnologia da regi\u00e3o Norte do Brasil, a Agrotins vem para consagrar em sua 23\u00aa edi\u00e7\u00e3o a sua import\u00e2ncia para o fomento do desenvolvimento da agricultura regional, contando com a parceria de grandes marcas locais e nacionais, com novas tecnologias idealizadas para melhorar a produ\u00e7\u00e3o no campo.\u00a0<\/span><\/p>\n<p><span style=\"font-weight: 400;\">E desde a primeira edi\u00e7\u00e3o, a <a href=\"https:\/\/www.ferpam.com.br\/\">Ferpam<\/a> \u00e9 uma grande parceira da Feira, contando com stand de testes de ferramentas, exibi\u00e7\u00f5es de inova\u00e7\u00f5es no ramo de m\u00e1quinas, al\u00e9m das promo\u00e7\u00f5es especiais e negocia\u00e7\u00f5es facilitadas somente para clientes da Agrotins.\u00a0<\/span><\/p>\n<p><span style=\"font-weight: 400;\">Em parceria com marcas consolidadas, como <a href=\"https:\/\/www.ferpam.com.br\/ferramentas-e-maquinas\/bosch-a-bateria\">Bosch<\/a>, Stihl, <a href=\"https:\/\/www.ferpam.com.br\/shop-by-brand\/toyama\">Toyama<\/a>, <a href=\"https:\/\/www.ferpam.com.br\/shop-by-brand\/belzer\">Belzer e Sata<\/a>, <a href=\"https:\/\/www.ferpam.com.br\/shop-by-brand\/trapp\">Trapp<\/a>, entre outras e tamb\u00e9m com produtos e novidades na \u00e1rea de irriga\u00e7\u00e3o, das marcas Rain Bird e Schneider Motobombas, tudo isso em um s\u00f3 stand, afinal a <a href=\"https:\/\/www.ferpam.com.br\/\">Ferpam<\/a> \u00e9 a ferramenta para a solu\u00e7\u00e3o do seu problema.\u00a0<\/span><\/p>\n<p><span style=\"font-weight: 400;\">E na edi\u00e7\u00e3o deste ano, n\u00e3o vai ser diferente. Nosso Gerente de Vendas, Arlos Reis, comenta que est\u00e1 empolgado com a nova edi\u00e7\u00e3o e espera encontrar e fortalecer parcerias com clientes, que j\u00e1 conhecem o stand da Ferpam e aguarda novos clientes.\u00a0<\/span><\/p>\n<p><span style=\"font-weight: 400;\">Para a expectativa no setor de vendas \u00e9 grande, de acordo com Arlos Reis, \u201cpara fechamento de neg\u00f3cios a nossa expectativa \u00e9 grande, tendo em vista uma nova estrutura com inova\u00e7\u00f5es, mais produtos, parceiros e valores e condi\u00e7\u00f5es diferenciados\u201d.<\/span><\/p>\n<p><span style=\"font-weight: 400;\">A Ferpam est\u00e1 preparando uma exposi\u00e7\u00e3o incr\u00edvel e j\u00e1 estamos ansiosos com a sua visita ao nosso stand, como afirma a Gerente de Marketing da Ferpam, Priscila Dalsasso: \u201cEste ano queremos proporcionar experi\u00eancias inovadoras para nossos antigos clientes, mas tamb\u00e9m construir parceria com os novos, fortalecendo cada vez mais a Ferpam dentro da Feira.\u201d\u00a0<\/span><\/p>\n<p><span style=\"font-weight: 400;\">Ent\u00e3o n\u00e3o perca, a partir do dia 16 at\u00e9 o dia 20 de Maio, estaremos prontos para te receber no stand das lojas <a href=\"https:\/\/www.ferpam.com.br\/\">Ferpam<\/a>, na 23\u00aa Edi\u00e7\u00e3o da Agrotins 2023.\u00a0<\/span><\/p>\n","protected":false},"excerpt":{"rendered":"<p>O evento mais esperado do ano est\u00e1 para come\u00e7ar, a Agrotins 2023, nos dia 16 a 20 de Maio, em Palmas, Tocantins. Considerada a maior Feira de Agricultura e Tecnologia da regi\u00e3o Norte do Brasil, a Agrotins vem para consagrar em sua 23\u00aa edi\u00e7\u00e3o a sua import\u00e2ncia para o fomento do desenvolvimento da agricultura regional, &hellip;<\/p>\n","protected":false},"author":5,"featured_media":2686,"comment_status":"open","ping_status":"open","sticky":false,"template":"","format":"standard","meta":{"footnotes":""},"categories":[26],"tags":[948,949,330,324,843,725],"class_list":["post-2685","post","type-post","status-publish","format-standard","has-post-thumbnail","hentry","category-noticias-ferpam","tag-agrotins","tag-feiraagro","tag-ferpam","tag-ferramentas","tag-maquinas","tag-tocantins"],"yoast_head":"<!-- This site is optimized with the Yoast SEO plugin v15.8 - https:\/\/yoast.com\/wordpress\/plugins\/seo\/ -->\n<title>Ferpam na Agrotins 2023 - Blog Ferpam<\/title>\n<meta name=\"description\" content=\"Est\u00e1 chegando a 23\u00aa Edi\u00e7\u00e3o da Agrotins, a maior Feira Agrotecnol\u00f3gica do Norte do Brasil e mais um ano a Ferpam estar\u00e1 junto nessa caminhada\" \/>\n<meta name=\"robots\" content=\"index, follow, max-snippet:-1, max-image-preview:large, max-video-preview:-1\" \/>\n<link rel=\"canonical\" href=\"https:\/\/www.ferpam.com.br\/blog\/ferpam-na-agrotins-2023\/\" \/>\n<meta property=\"og:locale\" content=\"pt_BR\" \/>\n<meta property=\"og:type\" content=\"article\" \/>\n<meta property=\"og:title\" content=\"Ferpam na Agrotins 2023 - Blog Ferpam\" \/>\n<meta property=\"og:description\" content=\"Est\u00e1 chegando a 23\u00aa Edi\u00e7\u00e3o da Agrotins, a maior Feira Agrotecnol\u00f3gica do Norte do Brasil e mais um ano a Ferpam estar\u00e1 junto nessa caminhada\" \/>\n<meta property=\"og:url\" content=\"https:\/\/www.ferpam.com.br\/blog\/ferpam-na-agrotins-2023\/\" \/>\n<meta property=\"og:site_name\" content=\"Blog Ferpam\" \/>\n<meta property=\"article:published_time\" content=\"2023-05-12T18:18:46+00:00\" \/>\n<meta property=\"og:image\" content=\"https:\/\/www.ferpam.com.br\/blog\/wp-content\/uploads\/2023\/05\/banner-blog-ferpam-na-agrotins-2023.jpeg\" \/>\n\t<meta property=\"og:image:width\" content=\"600\" \/>\n\t<meta property=\"og:image:height\" content=\"426\" \/>\n<meta name=\"twitter:card\" content=\"summary_large_image\" \/>\n<meta name=\"twitter:label1\" content=\"Est. reading time\">\n\t<meta name=\"twitter:data1\" content=\"2 minutos\">\n<script type=\"application\/ld+json\" class=\"yoast-schema-graph\">{\"@context\":\"https:\/\/schema.org\",\"@graph\":[{\"@type\":\"Organization\",\"@id\":\"https:\/\/www.ferpam.com.br\/blog\/#organization\",\"name\":\"Ferpam\",\"url\":\"https:\/\/www.ferpam.com.br\/blog\/\",\"sameAs\":[],\"logo\":{\"@type\":\"ImageObject\",\"@id\":\"https:\/\/www.ferpam.com.br\/blog\/#logo\",\"inLanguage\":\"pt-BR\",\"url\":\"https:\/\/www.ferpam.com.br\/blog\/wp-content\/uploads\/2021\/02\/logo-1.png\",\"width\":254,\"height\":89,\"caption\":\"Ferpam\"},\"image\":{\"@id\":\"https:\/\/www.ferpam.com.br\/blog\/#logo\"}},{\"@type\":\"WebSite\",\"@id\":\"https:\/\/www.ferpam.com.br\/blog\/#website\",\"url\":\"https:\/\/www.ferpam.com.br\/blog\/\",\"name\":\"Blog Ferpam\",\"description\":\"Not\\u00edcias da Ferpam\",\"publisher\":{\"@id\":\"https:\/\/www.ferpam.com.br\/blog\/#organization\"},\"potentialAction\":[{\"@type\":\"SearchAction\",\"target\":\"https:\/\/www.ferpam.com.br\/blog\/?s={search_term_string}\",\"query-input\":\"required name=search_term_string\"}],\"inLanguage\":\"pt-BR\"},{\"@type\":\"ImageObject\",\"@id\":\"https:\/\/www.ferpam.com.br\/blog\/ferpam-na-agrotins-2023\/#primaryimage\",\"inLanguage\":\"pt-BR\",\"url\":\"https:\/\/www.ferpam.com.br\/blog\/wp-content\/uploads\/2023\/05\/banner-blog-ferpam-na-agrotins-2023.jpeg\",\"width\":600,\"height\":426},{\"@type\":\"WebPage\",\"@id\":\"https:\/\/www.ferpam.com.br\/blog\/ferpam-na-agrotins-2023\/#webpage\",\"url\":\"https:\/\/www.ferpam.com.br\/blog\/ferpam-na-agrotins-2023\/\",\"name\":\"Ferpam na Agrotins 2023 - Blog Ferpam\",\"isPartOf\":{\"@id\":\"https:\/\/www.ferpam.com.br\/blog\/#website\"},\"primaryImageOfPage\":{\"@id\":\"https:\/\/www.ferpam.com.br\/blog\/ferpam-na-agrotins-2023\/#primaryimage\"},\"datePublished\":\"2023-05-12T18:18:46+00:00\",\"dateModified\":\"2023-05-12T18:18:46+00:00\",\"description\":\"Est\\u00e1 chegando a 23\\u00aa Edi\\u00e7\\u00e3o da Agrotins, a maior Feira Agrotecnol\\u00f3gica do Norte do Brasil e mais um ano a Ferpam estar\\u00e1 junto nessa caminhada\",\"breadcrumb\":{\"@id\":\"https:\/\/www.ferpam.com.br\/blog\/ferpam-na-agrotins-2023\/#breadcrumb\"},\"inLanguage\":\"pt-BR\",\"potentialAction\":[{\"@type\":\"ReadAction\",\"target\":[\"https:\/\/www.ferpam.com.br\/blog\/ferpam-na-agrotins-2023\/\"]}]},{\"@type\":\"BreadcrumbList\",\"@id\":\"https:\/\/www.ferpam.com.br\/blog\/ferpam-na-agrotins-2023\/#breadcrumb\",\"itemListElement\":[{\"@type\":\"ListItem\",\"position\":1,\"item\":{\"@type\":\"WebPage\",\"@id\":\"https:\/\/www.ferpam.com.br\/blog\/\",\"url\":\"https:\/\/www.ferpam.com.br\/blog\/\",\"name\":\"In\\u00edcio\"}},{\"@type\":\"ListItem\",\"position\":2,\"item\":{\"@type\":\"WebPage\",\"@id\":\"https:\/\/www.ferpam.com.br\/blog\/ferpam-na-agrotins-2023\/\",\"url\":\"https:\/\/www.ferpam.com.br\/blog\/ferpam-na-agrotins-2023\/\",\"name\":\"Ferpam na Agrotins 2023\"}}]},{\"@type\":\"Article\",\"@id\":\"https:\/\/www.ferpam.com.br\/blog\/ferpam-na-agrotins-2023\/#article\",\"isPartOf\":{\"@id\":\"https:\/\/www.ferpam.com.br\/blog\/ferpam-na-agrotins-2023\/#webpage\"},\"author\":{\"@id\":\"https:\/\/www.ferpam.com.br\/blog\/#\/schema\/person\/e6e8838fe5b732146790141d405cfc8f\"},\"headline\":\"Ferpam na Agrotins 2023\",\"datePublished\":\"2023-05-12T18:18:46+00:00\",\"dateModified\":\"2023-05-12T18:18:46+00:00\",\"mainEntityOfPage\":{\"@id\":\"https:\/\/www.ferpam.com.br\/blog\/ferpam-na-agrotins-2023\/#webpage\"},\"commentCount\":0,\"publisher\":{\"@id\":\"https:\/\/www.ferpam.com.br\/blog\/#organization\"},\"image\":{\"@id\":\"https:\/\/www.ferpam.com.br\/blog\/ferpam-na-agrotins-2023\/#primaryimage\"},\"keywords\":\"#Agrotins,#FeiraAgro,#Ferpam,#FERRAMENTAS,m\\u00e1quinas,tocantins\",\"articleSection\":\"Not\\u00edcias Ferpam\",\"inLanguage\":\"pt-BR\",\"potentialAction\":[{\"@type\":\"CommentAction\",\"name\":\"Comment\",\"target\":[\"https:\/\/www.ferpam.com.br\/blog\/ferpam-na-agrotins-2023\/#respond\"]}]},{\"@type\":\"Person\",\"@id\":\"https:\/\/www.ferpam.com.br\/blog\/#\/schema\/person\/e6e8838fe5b732146790141d405cfc8f\",\"name\":\"Ferpam\",\"image\":{\"@type\":\"ImageObject\",\"@id\":\"https:\/\/www.ferpam.com.br\/blog\/#personlogo\",\"inLanguage\":\"pt-BR\",\"url\":\"https:\/\/secure.gravatar.com\/avatar\/6f333e72a93ccf96c09aee14b6e690a9a4ece768eac772c81364ab7a27ce07d4?s=96&d=mm&r=g\",\"caption\":\"Ferpam\"}}]}<\/script>\n<!-- \/ Yoast SEO plugin. -->","_links":{"self":[{"href":"https:\/\/www.ferpam.com.br\/blog\/wp-json\/wp\/v2\/posts\/2685","targetHints":{"allow":["GET"]}}],"collection":[{"href":"https:\/\/www.ferpam.com.br\/blog\/wp-json\/wp\/v2\/posts"}],"about":[{"href":"https:\/\/www.ferpam.com.br\/blog\/wp-json\/wp\/v2\/types\/post"}],"author":[{"embeddable":true,"href":"https:\/\/www.ferpam.com.br\/blog\/wp-json\/wp\/v2\/users\/5"}],"replies":[{"embeddable":true,"href":"https:\/\/www.ferpam.com.br\/blog\/wp-json\/wp\/v2\/comments?post=2685"}],"version-history":[{"count":2,"href":"https:\/\/www.ferpam.com.br\/blog\/wp-json\/wp\/v2\/posts\/2685\/revisions"}],"predecessor-version":[{"id":2688,"href":"https:\/\/www.ferpam.com.br\/blog\/wp-json\/wp\/v2\/posts\/2685\/revisions\/2688"}],"wp:featuredmedia":[{"embeddable":true,"href":"https:\/\/www.ferpam.com.br\/blog\/wp-json\/wp\/v2\/media\/2686"}],"wp:attachment":[{"href":"https:\/\/www.ferpam.com.br\/blog\/wp-json\/wp\/v2\/media?parent=2685"}],"wp:term":[{"taxonomy":"category","embeddable":true,"href":"https:\/\/www.ferpam.com.br\/blog\/wp-json\/wp\/v2\/categories?post=2685"},{"taxonomy":"post_tag","embeddable":true,"href":"https:\/\/www.ferpam.com.br\/blog\/wp-json\/wp\/v2\/tags?post=2685"}],"curies":[{"name":"wp","href":"https:\/\/api.w.org\/{rel}","templated":true}]}}