{"id":2707,"date":"2023-06-09T21:20:57","date_gmt":"2023-06-09T21:20:57","guid":{"rendered":"https:\/\/www.ferpam.com.br\/blog\/?p=2707"},"modified":"2023-06-09T21:20:57","modified_gmt":"2023-06-09T21:20:57","slug":"5-motivos-para-voce-ter-uma-dremel","status":"publish","type":"post","link":"https:\/\/www.ferpam.com.br\/blog\/5-motivos-para-voce-ter-uma-dremel\/","title":{"rendered":"5 motivos para voc\u00ea ter uma Dremel"},"content":{"rendered":"<p><a href=\"https:\/\/www.ferpam.com.br\/#&amp;search-term=dremel\"><span style=\"font-weight: 400;\">Micro ret\u00edficas<\/span><\/a><span style=\"font-weight: 400;\"> s\u00e3o ferramentas essenciais para trabalhos que exigem mais detalhes e precis\u00e3o, com diversas funcionalidades em um s\u00f3 equipamento, s\u00e3o uma ferramenta com rota\u00e7\u00e3o em alta velocidade, que possuem um motor que pode partir de 5.000 rota\u00e7\u00f5es por minuto e pode alcan\u00e7ar 30.000 rota\u00e7\u00f5es por minuto.\u00a0<\/span><\/p>\n<p><span style=\"font-weight: 400;\">Muito utilizada em atividades como artesanatos, modelismo, acabamentos e at\u00e9 mesmo reparos, a micro ret\u00edfica tem como diferencial um adaptador em seu eixo, junto ao motor, na extremidade da ferramenta, que pode ser instalado diversas pontas diferentes, de acordo com o servi\u00e7o escolhido para desempenhar.<\/span><\/p>\n<p><span style=\"font-weight: 400;\">Quando se fala sobre Micro Retificas, a marca <\/span><a href=\"https:\/\/www.ferpam.com.br\/#&amp;search-term=dremel\"><span style=\"font-weight: 400;\">Dremel<\/span><\/a><span style=\"font-weight: 400;\"> j\u00e1 vem logo em seguida. Sendo um dos segmentos da marca <\/span><a href=\"https:\/\/www.ferpam.com.br\/shop-by-brand\/bosch\"><span style=\"font-weight: 400;\">Bosch<\/span><\/a><span style=\"font-weight: 400;\">, a Dremel \u00e9 focada somente nesse tipo de ferramenta, se tornando uma das maiores especializadas na \u00e1rea, com diferencial no foco em alto desempenho e qualidade.\u00a0<\/span><\/p>\n<p><a href=\"https:\/\/www.ferpam.com.br\/micro-retifica-dremel-3000-com-82-pecas-220v.html\"><img loading=\"lazy\" decoding=\"async\" class=\"alignnone size-medium wp-image-2709\" src=\"https:\/\/www.ferpam.com.br\/blog\/wp-content\/uploads\/2023\/06\/Dremel-3000-300x169.jpg\" alt=\"Dremel 3000\" width=\"300\" height=\"169\" srcset=\"https:\/\/www.ferpam.com.br\/blog\/wp-content\/uploads\/2023\/06\/Dremel-3000-300x169.jpg 300w, https:\/\/www.ferpam.com.br\/blog\/wp-content\/uploads\/2023\/06\/Dremel-3000-390x220.jpg 390w, https:\/\/www.ferpam.com.br\/blog\/wp-content\/uploads\/2023\/06\/Dremel-3000.jpg 555w\" sizes=\"auto, (max-width: 300px) 100vw, 300px\" \/><\/a><\/p>\n<p><span style=\"font-weight: 400;\">\u00c9 por isso que vamos te mostrar 5 motivos para voc\u00ea garantir a sua na <a href=\"https:\/\/www.ferpam.com.br\/\">Ferpam<\/a>:\u00a0<\/span><\/p>\n<p><b>1. \u00datil para furos:<\/b><span style=\"font-weight: 400;\"> Apesar de n\u00e3o servir para todos os tipos de superf\u00edcies, para furos menores e precisos, a retifica Dremel \u00e9 excelente para essa fun\u00e7\u00e3o;\u00a0<\/span><b><\/b><\/p>\n<p><b>2. Lixar, polir e limpar:<\/b><span style=\"font-weight: 400;\"> Com a possibilidade de troca das pontas na extremidade da Dremel, \u00e9 poss\u00edvel variar com praticidade o servi\u00e7o escolhido, assim voc\u00ea pode lixar, polir e limpar diversos tipos de materiais;\u00a0<\/span><\/p>\n<p><b>3. Gravar:<\/b><span style=\"font-weight: 400;\"> Uma das utilidades mais conhecidas da Dremel \u00e9 a grava\u00e7\u00e3o. Voc\u00ea pode utiliz\u00e1-la para gravar nomes, detalhes, em superf\u00edcies como madeira, pl\u00e1stico e at\u00e9 mesmo em metal;<\/span><b><\/b><b><\/b><\/p>\n<p><b>4. Retificar:<\/b><span style=\"font-weight: 400;\"> A principal fun\u00e7\u00e3o da micro ret\u00edfica \u00e9 a de moldar diferentes tipos de materiais, como a\u00e7o, alum\u00ednio e metais, al\u00e9m de ser ideal para polir l\u00e2minas como facas e tesouras;\u00a0<\/span><\/p>\n<p><b>5. Custo benef\u00edcio:<\/b><span style=\"font-weight: 400;\"> Alta performance de desempenho mesmo em v\u00e1rias horas de trabalho, al\u00e9m da grande variedade de acess\u00f3rios compat\u00edveis, com design ergon\u00f4mico que gera conforto e precis\u00e3o na performance.\u00a0<\/span><\/p>\n<p>&nbsp;<\/p>\n<p><span style=\"font-weight: 400;\">Venha descobrir mais sobre o mundo da Dremel e das micro ret\u00edficas na <\/span><a href=\"https:\/\/www.ferpam.com.br\/\"><span style=\"font-weight: 400;\">Ferpam<\/span><\/a><span style=\"font-weight: 400;\">, e encontre a ideal para voc\u00ea e os melhores acess\u00f3rios em um s\u00f3 lugar.\u00a0<\/span><\/p>\n<p>&nbsp;<\/p>\n","protected":false},"excerpt":{"rendered":"<p>Micro ret\u00edficas s\u00e3o ferramentas essenciais para trabalhos que exigem mais detalhes e precis\u00e3o, com diversas funcionalidades em um s\u00f3 equipamento, s\u00e3o uma ferramenta com rota\u00e7\u00e3o em alta velocidade, que possuem um motor que pode partir de 5.000 rota\u00e7\u00f5es por minuto e pode alcan\u00e7ar 30.000 rota\u00e7\u00f5es por minuto.\u00a0 Muito utilizada em atividades como artesanatos, modelismo, acabamentos &hellip;<\/p>\n","protected":false},"author":5,"featured_media":2708,"comment_status":"open","ping_status":"open","sticky":false,"template":"","format":"standard","meta":{"footnotes":""},"categories":[27,26],"tags":[661,519,660,707,491],"class_list":["post-2707","post","type-post","status-publish","format-standard","has-post-thumbnail","hentry","category-dicas-de-ferramentas","category-noticias-ferpam","tag-artesanado","tag-bosch","tag-dremel","tag-dyi","tag-microretifica"],"yoast_head":"<!-- This site is optimized with the Yoast SEO plugin v15.8 - https:\/\/yoast.com\/wordpress\/plugins\/seo\/ -->\n<title>5 motivos para voc\u00ea ter uma Dremel - Blog Ferpam<\/title>\n<meta name=\"description\" content=\"Venha saber mais sobre as vantagens de ter uma micro ret\u00edfica Dremel, ideal para artesanatos, trabalhos manuais e precisos.\" \/>\n<meta name=\"robots\" content=\"index, follow, max-snippet:-1, max-image-preview:large, max-video-preview:-1\" \/>\n<link rel=\"canonical\" href=\"https:\/\/www.ferpam.com.br\/blog\/5-motivos-para-voce-ter-uma-dremel\/\" \/>\n<meta property=\"og:locale\" content=\"pt_BR\" \/>\n<meta property=\"og:type\" content=\"article\" \/>\n<meta property=\"og:title\" content=\"5 motivos para voc\u00ea ter uma Dremel - Blog Ferpam\" \/>\n<meta property=\"og:description\" content=\"Venha saber mais sobre as vantagens de ter uma micro ret\u00edfica Dremel, ideal para artesanatos, trabalhos manuais e precisos.\" \/>\n<meta property=\"og:url\" content=\"https:\/\/www.ferpam.com.br\/blog\/5-motivos-para-voce-ter-uma-dremel\/\" \/>\n<meta property=\"og:site_name\" content=\"Blog Ferpam\" \/>\n<meta property=\"article:published_time\" content=\"2023-06-09T21:20:57+00:00\" \/>\n<meta property=\"og:image\" content=\"https:\/\/www.ferpam.com.br\/blog\/wp-content\/uploads\/2023\/06\/banner-blog-ferpam-5-motivos-para-voce-ter-uma-dremel.jpeg\" \/>\n\t<meta property=\"og:image:width\" content=\"600\" \/>\n\t<meta property=\"og:image:height\" content=\"426\" \/>\n<meta name=\"twitter:card\" content=\"summary_large_image\" \/>\n<meta name=\"twitter:label1\" content=\"Est. reading time\">\n\t<meta name=\"twitter:data1\" content=\"2 minutos\">\n<script type=\"application\/ld+json\" class=\"yoast-schema-graph\">{\"@context\":\"https:\/\/schema.org\",\"@graph\":[{\"@type\":\"Organization\",\"@id\":\"https:\/\/www.ferpam.com.br\/blog\/#organization\",\"name\":\"Ferpam\",\"url\":\"https:\/\/www.ferpam.com.br\/blog\/\",\"sameAs\":[],\"logo\":{\"@type\":\"ImageObject\",\"@id\":\"https:\/\/www.ferpam.com.br\/blog\/#logo\",\"inLanguage\":\"pt-BR\",\"url\":\"https:\/\/www.ferpam.com.br\/blog\/wp-content\/uploads\/2021\/02\/logo-1.png\",\"width\":254,\"height\":89,\"caption\":\"Ferpam\"},\"image\":{\"@id\":\"https:\/\/www.ferpam.com.br\/blog\/#logo\"}},{\"@type\":\"WebSite\",\"@id\":\"https:\/\/www.ferpam.com.br\/blog\/#website\",\"url\":\"https:\/\/www.ferpam.com.br\/blog\/\",\"name\":\"Blog Ferpam\",\"description\":\"Not\\u00edcias da Ferpam\",\"publisher\":{\"@id\":\"https:\/\/www.ferpam.com.br\/blog\/#organization\"},\"potentialAction\":[{\"@type\":\"SearchAction\",\"target\":\"https:\/\/www.ferpam.com.br\/blog\/?s={search_term_string}\",\"query-input\":\"required name=search_term_string\"}],\"inLanguage\":\"pt-BR\"},{\"@type\":\"ImageObject\",\"@id\":\"https:\/\/www.ferpam.com.br\/blog\/5-motivos-para-voce-ter-uma-dremel\/#primaryimage\",\"inLanguage\":\"pt-BR\",\"url\":\"https:\/\/www.ferpam.com.br\/blog\/wp-content\/uploads\/2023\/06\/banner-blog-ferpam-5-motivos-para-voce-ter-uma-dremel.jpeg\",\"width\":600,\"height\":426,\"caption\":\"5 motivos para voc\\u00ea ter uma Dremel\"},{\"@type\":\"WebPage\",\"@id\":\"https:\/\/www.ferpam.com.br\/blog\/5-motivos-para-voce-ter-uma-dremel\/#webpage\",\"url\":\"https:\/\/www.ferpam.com.br\/blog\/5-motivos-para-voce-ter-uma-dremel\/\",\"name\":\"5 motivos para voc\\u00ea ter uma Dremel - Blog Ferpam\",\"isPartOf\":{\"@id\":\"https:\/\/www.ferpam.com.br\/blog\/#website\"},\"primaryImageOfPage\":{\"@id\":\"https:\/\/www.ferpam.com.br\/blog\/5-motivos-para-voce-ter-uma-dremel\/#primaryimage\"},\"datePublished\":\"2023-06-09T21:20:57+00:00\",\"dateModified\":\"2023-06-09T21:20:57+00:00\",\"description\":\"Venha saber mais sobre as vantagens de ter uma micro ret\\u00edfica Dremel, ideal para artesanatos, trabalhos manuais e precisos.\",\"breadcrumb\":{\"@id\":\"https:\/\/www.ferpam.com.br\/blog\/5-motivos-para-voce-ter-uma-dremel\/#breadcrumb\"},\"inLanguage\":\"pt-BR\",\"potentialAction\":[{\"@type\":\"ReadAction\",\"target\":[\"https:\/\/www.ferpam.com.br\/blog\/5-motivos-para-voce-ter-uma-dremel\/\"]}]},{\"@type\":\"BreadcrumbList\",\"@id\":\"https:\/\/www.ferpam.com.br\/blog\/5-motivos-para-voce-ter-uma-dremel\/#breadcrumb\",\"itemListElement\":[{\"@type\":\"ListItem\",\"position\":1,\"item\":{\"@type\":\"WebPage\",\"@id\":\"https:\/\/www.ferpam.com.br\/blog\/\",\"url\":\"https:\/\/www.ferpam.com.br\/blog\/\",\"name\":\"In\\u00edcio\"}},{\"@type\":\"ListItem\",\"position\":2,\"item\":{\"@type\":\"WebPage\",\"@id\":\"https:\/\/www.ferpam.com.br\/blog\/5-motivos-para-voce-ter-uma-dremel\/\",\"url\":\"https:\/\/www.ferpam.com.br\/blog\/5-motivos-para-voce-ter-uma-dremel\/\",\"name\":\"5 motivos para voc\\u00ea ter uma Dremel\"}}]},{\"@type\":\"Article\",\"@id\":\"https:\/\/www.ferpam.com.br\/blog\/5-motivos-para-voce-ter-uma-dremel\/#article\",\"isPartOf\":{\"@id\":\"https:\/\/www.ferpam.com.br\/blog\/5-motivos-para-voce-ter-uma-dremel\/#webpage\"},\"author\":{\"@id\":\"https:\/\/www.ferpam.com.br\/blog\/#\/schema\/person\/e6e8838fe5b732146790141d405cfc8f\"},\"headline\":\"5 motivos para voc\\u00ea ter uma Dremel\",\"datePublished\":\"2023-06-09T21:20:57+00:00\",\"dateModified\":\"2023-06-09T21:20:57+00:00\",\"mainEntityOfPage\":{\"@id\":\"https:\/\/www.ferpam.com.br\/blog\/5-motivos-para-voce-ter-uma-dremel\/#webpage\"},\"commentCount\":0,\"publisher\":{\"@id\":\"https:\/\/www.ferpam.com.br\/blog\/#organization\"},\"image\":{\"@id\":\"https:\/\/www.ferpam.com.br\/blog\/5-motivos-para-voce-ter-uma-dremel\/#primaryimage\"},\"keywords\":\"artesanado,Bosch,dremel,dyi,microret\\u00edfica\",\"articleSection\":\"Dicas de ferramentas,Not\\u00edcias Ferpam\",\"inLanguage\":\"pt-BR\",\"potentialAction\":[{\"@type\":\"CommentAction\",\"name\":\"Comment\",\"target\":[\"https:\/\/www.ferpam.com.br\/blog\/5-motivos-para-voce-ter-uma-dremel\/#respond\"]}]},{\"@type\":\"Person\",\"@id\":\"https:\/\/www.ferpam.com.br\/blog\/#\/schema\/person\/e6e8838fe5b732146790141d405cfc8f\",\"name\":\"Ferpam\",\"image\":{\"@type\":\"ImageObject\",\"@id\":\"https:\/\/www.ferpam.com.br\/blog\/#personlogo\",\"inLanguage\":\"pt-BR\",\"url\":\"https:\/\/secure.gravatar.com\/avatar\/6f333e72a93ccf96c09aee14b6e690a9a4ece768eac772c81364ab7a27ce07d4?s=96&d=mm&r=g\",\"caption\":\"Ferpam\"}}]}<\/script>\n<!-- \/ Yoast SEO plugin. -->","_links":{"self":[{"href":"https:\/\/www.ferpam.com.br\/blog\/wp-json\/wp\/v2\/posts\/2707","targetHints":{"allow":["GET"]}}],"collection":[{"href":"https:\/\/www.ferpam.com.br\/blog\/wp-json\/wp\/v2\/posts"}],"about":[{"href":"https:\/\/www.ferpam.com.br\/blog\/wp-json\/wp\/v2\/types\/post"}],"author":[{"embeddable":true,"href":"https:\/\/www.ferpam.com.br\/blog\/wp-json\/wp\/v2\/users\/5"}],"replies":[{"embeddable":true,"href":"https:\/\/www.ferpam.com.br\/blog\/wp-json\/wp\/v2\/comments?post=2707"}],"version-history":[{"count":2,"href":"https:\/\/www.ferpam.com.br\/blog\/wp-json\/wp\/v2\/posts\/2707\/revisions"}],"predecessor-version":[{"id":2711,"href":"https:\/\/www.ferpam.com.br\/blog\/wp-json\/wp\/v2\/posts\/2707\/revisions\/2711"}],"wp:featuredmedia":[{"embeddable":true,"href":"https:\/\/www.ferpam.com.br\/blog\/wp-json\/wp\/v2\/media\/2708"}],"wp:attachment":[{"href":"https:\/\/www.ferpam.com.br\/blog\/wp-json\/wp\/v2\/media?parent=2707"}],"wp:term":[{"taxonomy":"category","embeddable":true,"href":"https:\/\/www.ferpam.com.br\/blog\/wp-json\/wp\/v2\/categories?post=2707"},{"taxonomy":"post_tag","embeddable":true,"href":"https:\/\/www.ferpam.com.br\/blog\/wp-json\/wp\/v2\/tags?post=2707"}],"curies":[{"name":"wp","href":"https:\/\/api.w.org\/{rel}","templated":true}]}}