{"id":2936,"date":"2024-10-25T13:28:05","date_gmt":"2024-10-25T13:28:05","guid":{"rendered":"https:\/\/www.ferpam.com.br\/blog\/?p=2936"},"modified":"2024-10-25T13:29:02","modified_gmt":"2024-10-25T13:29:02","slug":"capa-de-chuva-protecao-essencial-para-os-dias-chuvosos","status":"publish","type":"post","link":"https:\/\/www.ferpam.com.br\/blog\/capa-de-chuva-protecao-essencial-para-os-dias-chuvosos\/","title":{"rendered":"Capa de Chuva: Prote\u00e7\u00e3o Essencial para os Dias Chuvosos"},"content":{"rendered":"<p>Com a chegada da temporada de chuvas, nada mais importante do que garantir sua prote\u00e7\u00e3o e<br \/>\nconforto durante os deslocamentos di\u00e1rios. Seja voc\u00ea motociclista ou algu\u00e9m que enfrenta as<br \/>\nruas todos os dias, ter uma boa capa de chuva \u00e9 indispens\u00e1vel. Na Ferpam, temos uma<br \/>\nvariedade de modelos de alta qualidade para voc\u00ea ficar seco e protegido, al\u00e9m de aproveitar as<br \/>\nofertas especiais da campanha Outubro Imperd\u00edvel! Confira as vantagens e saiba qual modelo \u00e9<br \/>\nideal para suas necessidades.<br \/>\nProte\u00e7\u00e3o Garantida para a Temporada Chuvosa<br \/>\nCom a mudan\u00e7a de esta\u00e7\u00e3o e o aumento das chuvas, estar preparado \u00e9 fundamental,<br \/>\nespecialmente para quem n\u00e3o pode evitar os deslocamentos di\u00e1rios. Para motociclistas e<br \/>\nqualquer pessoa que precise se expor ao clima, uma capa de chuva de qualidade \u00e9 um item<br \/>\nessencial. Elas oferecem prote\u00e7\u00e3o n\u00e3o apenas contra a chuva, mas tamb\u00e9m contra ventos<br \/>\nfortes e respingos que podem atrapalhar seu dia. Al\u00e9m disso, investir em uma capa de chuva \u00e9<br \/>\nsin\u00f4nimo de mais seguran\u00e7a, pois garante visibilidade em condi\u00e7\u00f5es adversas.<br \/>\nNa Ferpam, oferecemos diversas op\u00e7\u00f5es de capas de chuva, todas desenvolvidas com materiais<br \/>\nde alta resist\u00eancia, impermeabilidade e conforto. A seguir, voc\u00ea vai conhecer alguns dos nossos<br \/>\nprincipais modelos.<br \/>\nCapa de Chuva para Motociclista Brascamp<br \/>\nEssa capa \u00e9 perfeita para motociclistas e motoqueiros que enfrentam chuvas durante seus<br \/>\ntrajetos. Feita com material 100% imperme\u00e1vel, ela garante flexibilidade nos movimentos e<br \/>\nmuita resist\u00eancia ao uso di\u00e1rio. Seu tecido \u00e9 leve, macio e f\u00e1cil de higienizar, proporcionando<br \/>\num excelente conforto ao vestir. Se voc\u00ea est\u00e1 buscando uma op\u00e7\u00e3o pr\u00e1tica e funcional, este<br \/>\nmodelo \u00e9 ideal para te manter seco e confort\u00e1vel nas piores tempestades.<\/p>\n<p><img loading=\"lazy\" decoding=\"async\" class=\"alignnone size-medium wp-image-2937\" src=\"https:\/\/www.ferpam.com.br\/blog\/wp-content\/uploads\/2024\/10\/foto-1-300x300.png\" alt=\"\" width=\"300\" height=\"300\" srcset=\"https:\/\/www.ferpam.com.br\/blog\/wp-content\/uploads\/2024\/10\/foto-1-300x300.png 300w, https:\/\/www.ferpam.com.br\/blog\/wp-content\/uploads\/2024\/10\/foto-1-150x150.png 150w, https:\/\/www.ferpam.com.br\/blog\/wp-content\/uploads\/2024\/10\/foto-1-768x768.png 768w, https:\/\/www.ferpam.com.br\/blog\/wp-content\/uploads\/2024\/10\/foto-1.png 1000w\" sizes=\"auto, (max-width: 300px) 100vw, 300px\" \/><br \/>\nCapa de Chuva PVC com Forro Brascamp<br \/>\nIdeal para quem trabalha em condi\u00e7\u00f5es mais adversas, como constru\u00e7\u00e3o civil e agropecu\u00e1ria,<br \/>\nessa capa \u00e9 um verdadeiro aliado contra chuvas e ventos fortes. Com alta durabilidade e<br \/>\nexcelente acabamento, ela garante prote\u00e7\u00e3o eficiente do tronco e membros superiores, al\u00e9m<br \/>\nde ser compacta e f\u00e1cil de armazenar em qualquer lugar. Se voc\u00ea precisa de algo pr\u00e1tico para<br \/>\nlevar na bolsa e usar em emerg\u00eancias, essa \u00e9 a escolha certa.<\/p>\n<p><img loading=\"lazy\" decoding=\"async\" class=\"alignnone size-medium wp-image-2938\" src=\"https:\/\/www.ferpam.com.br\/blog\/wp-content\/uploads\/2024\/10\/foto-2-300x300.png\" alt=\"\" width=\"300\" height=\"300\" srcset=\"https:\/\/www.ferpam.com.br\/blog\/wp-content\/uploads\/2024\/10\/foto-2-300x300.png 300w, https:\/\/www.ferpam.com.br\/blog\/wp-content\/uploads\/2024\/10\/foto-2-150x150.png 150w, https:\/\/www.ferpam.com.br\/blog\/wp-content\/uploads\/2024\/10\/foto-2.png 395w\" sizes=\"auto, (max-width: 300px) 100vw, 300px\" \/><br \/>\nCapa para Motociclista Pantaneiro<br \/>\nEsse modelo \u00e9 a escolha ideal para motociclistas que precisam de prote\u00e7\u00e3o no dia a dia.<br \/>\nComposta por jaqueta e cal\u00e7a com refletivos de seguran\u00e7a, a capa Pantaneiro oferece mais<br \/>\nvisibilidade em condi\u00e7\u00f5es de baixa luminosidade. Feita em PVC de 0,30 mm, com materiais<br \/>\nmais grossos para maior resist\u00eancia e seguran\u00e7a, ela \u00e9 perfeita para quem precisa enfrentar<br \/>\ncondi\u00e7\u00f5es adversas e quer prote\u00e7\u00e3o completa contra \u00e1gua e vento.<\/p>\n<p><img loading=\"lazy\" decoding=\"async\" class=\"alignnone size-medium wp-image-2939\" src=\"https:\/\/www.ferpam.com.br\/blog\/wp-content\/uploads\/2024\/10\/foto-3-300x300.png\" alt=\"\" width=\"300\" height=\"300\" srcset=\"https:\/\/www.ferpam.com.br\/blog\/wp-content\/uploads\/2024\/10\/foto-3-300x300.png 300w, https:\/\/www.ferpam.com.br\/blog\/wp-content\/uploads\/2024\/10\/foto-3-150x150.png 150w, https:\/\/www.ferpam.com.br\/blog\/wp-content\/uploads\/2024\/10\/foto-3.png 464w\" sizes=\"auto, (max-width: 300px) 100vw, 300px\" \/><br \/>\nAl\u00e9m de proteger contra a chuva e ventos, as capas de chuva da FERPAM oferecem uma s\u00e9rie<br \/>\nde benef\u00edcios:<br \/>\n\u2022 Durabilidade: Nossos produtos s\u00e3o feitos com materiais de alta qualidade, garantindo<br \/>\nmaior vida \u00fatil e resist\u00eancia ao uso di\u00e1rio.<br \/>\n\u2022 Conforto: O design leve e o tecido macio das capas proporcionam mais conforto<br \/>\ndurante o uso prolongado, sem limitar seus movimentos.<br \/>\n\u2022 Seguran\u00e7a: Modelos com refletivos de seguran\u00e7a aumentam a visibilidade,<br \/>\nespecialmente para motociclistas, em situa\u00e7\u00f5es de baixa ilumina\u00e7\u00e3o.<br \/>\n\u2022 Praticidade: Compactas e f\u00e1ceis de higienizar, as capas de chuva da FERPAM s\u00e3o ideais<br \/>\npara ter sempre \u00e0 m\u00e3o nos dias de intemp\u00e9ries.<br \/>\nOutubro Imperd\u00edvel: Condi\u00e7\u00f5es Especiais de Pagamento<br \/>\nAgora \u00e9 o momento perfeito para adquirir sua capa de chuva na FERPAM! Durante a campanha<br \/>\nde Outubro Imperd\u00edvel, voc\u00ea pode aproveitar condi\u00e7\u00f5es de pagamento especiais, dividindo<br \/>\nsuas compras em at\u00e9 10x sem juros (consulte as condi\u00e7\u00f5es). N\u00e3o perca essa chance de se<br \/>\npreparar para a temporada chuvosa com produtos de alta qualidade!<br \/>\nAl\u00e9m das capas de chuva, a FERPAM oferece uma grande variedade de produtos que podem<br \/>\nser \u00fateis no seu dia a dia. Desde ferramentas para o trabalho at\u00e9 itens para sua casa, temos<br \/>\ntudo o que voc\u00ea precisa para enfrentar qualquer desafio. Passe em uma de nossas lojas em<br \/>\nPalmas, Aragua\u00edna ou Gurupi, ou acesse nosso site e confira nossas promo\u00e7\u00f5es!<br \/>\nN\u00e3o deixe a chuva atrapalhar seus dias! Com as capas de chuva da FERPAM, voc\u00ea garante<br \/>\nprote\u00e7\u00e3o, conforto e seguran\u00e7a, seja nas ruas, no trabalho ou em qualquer atividade ao ar livre.<br \/>\nVisite nosso site agora mesmo, ou venha at\u00e9 uma de nossas lojas e escolha o modelo que<br \/>\nmelhor se adapta \u00e0s suas necessidades. Aproveite nossas condi\u00e7\u00f5es de pagamento e fique<br \/>\nsempre preparado!<\/p>\n","protected":false},"excerpt":{"rendered":"<p>Com a chegada da temporada de chuvas, nada mais importante do que garantir sua prote\u00e7\u00e3o e conforto durante os deslocamentos di\u00e1rios. Seja voc\u00ea motociclista ou algu\u00e9m que enfrenta as ruas todos os dias, ter uma boa capa de chuva \u00e9 indispens\u00e1vel. Na Ferpam, temos uma variedade de modelos de alta qualidade para voc\u00ea ficar seco &hellip;<\/p>\n","protected":false},"author":5,"featured_media":2941,"comment_status":"open","ping_status":"open","sticky":false,"template":"","format":"standard","meta":{"footnotes":""},"categories":[26],"tags":[337,1006,410,646,396,1007],"class_list":["post-2936","post","type-post","status-publish","format-standard","has-post-thumbnail","hentry","category-noticias-ferpam","tag-capadechuva","tag-chuva","tag-dicas","tag-https-www-ferpam-com-br","tag-ferpamborrachas","tag-opcoes"],"yoast_head":"<!-- This site is optimized with the Yoast SEO plugin v15.8 - https:\/\/yoast.com\/wordpress\/plugins\/seo\/ -->\n<title>Capa de Chuva: Prote\u00e7\u00e3o Essencial para os Dias Chuvosos - Blog Ferpam<\/title>\n<meta name=\"robots\" content=\"index, follow, max-snippet:-1, max-image-preview:large, max-video-preview:-1\" \/>\n<link rel=\"canonical\" href=\"https:\/\/www.ferpam.com.br\/blog\/capa-de-chuva-protecao-essencial-para-os-dias-chuvosos\/\" \/>\n<meta property=\"og:locale\" content=\"pt_BR\" \/>\n<meta property=\"og:type\" content=\"article\" \/>\n<meta property=\"og:title\" content=\"Capa de Chuva: Prote\u00e7\u00e3o Essencial para os Dias Chuvosos - Blog Ferpam\" \/>\n<meta property=\"og:description\" content=\"Com a chegada da temporada de chuvas, nada mais importante do que garantir sua prote\u00e7\u00e3o e conforto durante os deslocamentos di\u00e1rios. Seja voc\u00ea motociclista ou algu\u00e9m que enfrenta as ruas todos os dias, ter uma boa capa de chuva \u00e9 indispens\u00e1vel. Na Ferpam, temos uma variedade de modelos de alta qualidade para voc\u00ea ficar seco &hellip;\" \/>\n<meta property=\"og:url\" content=\"https:\/\/www.ferpam.com.br\/blog\/capa-de-chuva-protecao-essencial-para-os-dias-chuvosos\/\" \/>\n<meta property=\"og:site_name\" content=\"Blog Ferpam\" \/>\n<meta property=\"article:published_time\" content=\"2024-10-25T13:28:05+00:00\" \/>\n<meta property=\"article:modified_time\" content=\"2024-10-25T13:29:02+00:00\" \/>\n<meta property=\"og:image\" content=\"https:\/\/www.ferpam.com.br\/blog\/wp-content\/uploads\/2024\/10\/WhatsApp-Image-2024-10-25-at-00.04.54.jpeg\" \/>\n\t<meta property=\"og:image:width\" content=\"1280\" \/>\n\t<meta property=\"og:image:height\" content=\"908\" \/>\n<meta name=\"twitter:card\" content=\"summary_large_image\" \/>\n<meta name=\"twitter:label1\" content=\"Est. reading time\">\n\t<meta name=\"twitter:data1\" content=\"4 minutos\">\n<script type=\"application\/ld+json\" class=\"yoast-schema-graph\">{\"@context\":\"https:\/\/schema.org\",\"@graph\":[{\"@type\":\"Organization\",\"@id\":\"https:\/\/www.ferpam.com.br\/blog\/#organization\",\"name\":\"Ferpam\",\"url\":\"https:\/\/www.ferpam.com.br\/blog\/\",\"sameAs\":[],\"logo\":{\"@type\":\"ImageObject\",\"@id\":\"https:\/\/www.ferpam.com.br\/blog\/#logo\",\"inLanguage\":\"pt-BR\",\"url\":\"https:\/\/www.ferpam.com.br\/blog\/wp-content\/uploads\/2021\/02\/logo-1.png\",\"width\":254,\"height\":89,\"caption\":\"Ferpam\"},\"image\":{\"@id\":\"https:\/\/www.ferpam.com.br\/blog\/#logo\"}},{\"@type\":\"WebSite\",\"@id\":\"https:\/\/www.ferpam.com.br\/blog\/#website\",\"url\":\"https:\/\/www.ferpam.com.br\/blog\/\",\"name\":\"Blog Ferpam\",\"description\":\"Not\\u00edcias da Ferpam\",\"publisher\":{\"@id\":\"https:\/\/www.ferpam.com.br\/blog\/#organization\"},\"potentialAction\":[{\"@type\":\"SearchAction\",\"target\":\"https:\/\/www.ferpam.com.br\/blog\/?s={search_term_string}\",\"query-input\":\"required name=search_term_string\"}],\"inLanguage\":\"pt-BR\"},{\"@type\":\"ImageObject\",\"@id\":\"https:\/\/www.ferpam.com.br\/blog\/capa-de-chuva-protecao-essencial-para-os-dias-chuvosos\/#primaryimage\",\"inLanguage\":\"pt-BR\",\"url\":\"https:\/\/www.ferpam.com.br\/blog\/wp-content\/uploads\/2024\/10\/WhatsApp-Image-2024-10-25-at-00.04.54.jpeg\",\"width\":1280,\"height\":908},{\"@type\":\"WebPage\",\"@id\":\"https:\/\/www.ferpam.com.br\/blog\/capa-de-chuva-protecao-essencial-para-os-dias-chuvosos\/#webpage\",\"url\":\"https:\/\/www.ferpam.com.br\/blog\/capa-de-chuva-protecao-essencial-para-os-dias-chuvosos\/\",\"name\":\"Capa de Chuva: Prote\\u00e7\\u00e3o Essencial para os Dias Chuvosos - Blog Ferpam\",\"isPartOf\":{\"@id\":\"https:\/\/www.ferpam.com.br\/blog\/#website\"},\"primaryImageOfPage\":{\"@id\":\"https:\/\/www.ferpam.com.br\/blog\/capa-de-chuva-protecao-essencial-para-os-dias-chuvosos\/#primaryimage\"},\"datePublished\":\"2024-10-25T13:28:05+00:00\",\"dateModified\":\"2024-10-25T13:29:02+00:00\",\"breadcrumb\":{\"@id\":\"https:\/\/www.ferpam.com.br\/blog\/capa-de-chuva-protecao-essencial-para-os-dias-chuvosos\/#breadcrumb\"},\"inLanguage\":\"pt-BR\",\"potentialAction\":[{\"@type\":\"ReadAction\",\"target\":[\"https:\/\/www.ferpam.com.br\/blog\/capa-de-chuva-protecao-essencial-para-os-dias-chuvosos\/\"]}]},{\"@type\":\"BreadcrumbList\",\"@id\":\"https:\/\/www.ferpam.com.br\/blog\/capa-de-chuva-protecao-essencial-para-os-dias-chuvosos\/#breadcrumb\",\"itemListElement\":[{\"@type\":\"ListItem\",\"position\":1,\"item\":{\"@type\":\"WebPage\",\"@id\":\"https:\/\/www.ferpam.com.br\/blog\/\",\"url\":\"https:\/\/www.ferpam.com.br\/blog\/\",\"name\":\"In\\u00edcio\"}},{\"@type\":\"ListItem\",\"position\":2,\"item\":{\"@type\":\"WebPage\",\"@id\":\"https:\/\/www.ferpam.com.br\/blog\/capa-de-chuva-protecao-essencial-para-os-dias-chuvosos\/\",\"url\":\"https:\/\/www.ferpam.com.br\/blog\/capa-de-chuva-protecao-essencial-para-os-dias-chuvosos\/\",\"name\":\"Capa de Chuva: Prote\\u00e7\\u00e3o Essencial para os Dias Chuvosos\"}}]},{\"@type\":\"Article\",\"@id\":\"https:\/\/www.ferpam.com.br\/blog\/capa-de-chuva-protecao-essencial-para-os-dias-chuvosos\/#article\",\"isPartOf\":{\"@id\":\"https:\/\/www.ferpam.com.br\/blog\/capa-de-chuva-protecao-essencial-para-os-dias-chuvosos\/#webpage\"},\"author\":{\"@id\":\"https:\/\/www.ferpam.com.br\/blog\/#\/schema\/person\/e6e8838fe5b732146790141d405cfc8f\"},\"headline\":\"Capa de Chuva: Prote\\u00e7\\u00e3o Essencial para os Dias Chuvosos\",\"datePublished\":\"2024-10-25T13:28:05+00:00\",\"dateModified\":\"2024-10-25T13:29:02+00:00\",\"mainEntityOfPage\":{\"@id\":\"https:\/\/www.ferpam.com.br\/blog\/capa-de-chuva-protecao-essencial-para-os-dias-chuvosos\/#webpage\"},\"commentCount\":0,\"publisher\":{\"@id\":\"https:\/\/www.ferpam.com.br\/blog\/#organization\"},\"image\":{\"@id\":\"https:\/\/www.ferpam.com.br\/blog\/capa-de-chuva-protecao-essencial-para-os-dias-chuvosos\/#primaryimage\"},\"keywords\":\"capadechuva,CHUVA,dicas,Ferpam,ferpamborrachas,OP\\u00c7\\u00d5ES\",\"articleSection\":\"Not\\u00edcias Ferpam\",\"inLanguage\":\"pt-BR\",\"potentialAction\":[{\"@type\":\"CommentAction\",\"name\":\"Comment\",\"target\":[\"https:\/\/www.ferpam.com.br\/blog\/capa-de-chuva-protecao-essencial-para-os-dias-chuvosos\/#respond\"]}]},{\"@type\":\"Person\",\"@id\":\"https:\/\/www.ferpam.com.br\/blog\/#\/schema\/person\/e6e8838fe5b732146790141d405cfc8f\",\"name\":\"Ferpam\",\"image\":{\"@type\":\"ImageObject\",\"@id\":\"https:\/\/www.ferpam.com.br\/blog\/#personlogo\",\"inLanguage\":\"pt-BR\",\"url\":\"https:\/\/secure.gravatar.com\/avatar\/6f333e72a93ccf96c09aee14b6e690a9a4ece768eac772c81364ab7a27ce07d4?s=96&d=mm&r=g\",\"caption\":\"Ferpam\"}}]}<\/script>\n<!-- \/ Yoast SEO plugin. -->","_links":{"self":[{"href":"https:\/\/www.ferpam.com.br\/blog\/wp-json\/wp\/v2\/posts\/2936","targetHints":{"allow":["GET"]}}],"collection":[{"href":"https:\/\/www.ferpam.com.br\/blog\/wp-json\/wp\/v2\/posts"}],"about":[{"href":"https:\/\/www.ferpam.com.br\/blog\/wp-json\/wp\/v2\/types\/post"}],"author":[{"embeddable":true,"href":"https:\/\/www.ferpam.com.br\/blog\/wp-json\/wp\/v2\/users\/5"}],"replies":[{"embeddable":true,"href":"https:\/\/www.ferpam.com.br\/blog\/wp-json\/wp\/v2\/comments?post=2936"}],"version-history":[{"count":1,"href":"https:\/\/www.ferpam.com.br\/blog\/wp-json\/wp\/v2\/posts\/2936\/revisions"}],"predecessor-version":[{"id":2940,"href":"https:\/\/www.ferpam.com.br\/blog\/wp-json\/wp\/v2\/posts\/2936\/revisions\/2940"}],"wp:featuredmedia":[{"embeddable":true,"href":"https:\/\/www.ferpam.com.br\/blog\/wp-json\/wp\/v2\/media\/2941"}],"wp:attachment":[{"href":"https:\/\/www.ferpam.com.br\/blog\/wp-json\/wp\/v2\/media?parent=2936"}],"wp:term":[{"taxonomy":"category","embeddable":true,"href":"https:\/\/www.ferpam.com.br\/blog\/wp-json\/wp\/v2\/categories?post=2936"},{"taxonomy":"post_tag","embeddable":true,"href":"https:\/\/www.ferpam.com.br\/blog\/wp-json\/wp\/v2\/tags?post=2936"}],"curies":[{"name":"wp","href":"https:\/\/api.w.org\/{rel}","templated":true}]}}