{"id":2955,"date":"2025-02-07T08:00:38","date_gmt":"2025-02-07T08:00:38","guid":{"rendered":"https:\/\/www.ferpam.com.br\/blog\/?p=2955"},"modified":"2025-02-06T12:41:42","modified_gmt":"2025-02-06T12:41:42","slug":"a-importancia-do-cortador-de-gramas-em-epocas-de-chuvas","status":"publish","type":"post","link":"https:\/\/www.ferpam.com.br\/blog\/a-importancia-do-cortador-de-gramas-em-epocas-de-chuvas\/","title":{"rendered":"A import\u00e2ncia do cortador de gramas em \u00e9pocas de chuvas"},"content":{"rendered":"<p>Chegou a temporada de chuvas! E com a chegada dela, o capim cresce de maneira descontrolada. Esse crescimento em excesso dificulta a absor\u00e7\u00e3o de nutrientes das plantas e deixa o solo encharcado. \u00c9 nesse cen\u00e1rio que o cortador de grama da Toyama, se torna o seu principal aliado contra a prolifera\u00e7\u00e3o de pragas e doen\u00e7as! Al\u00e9m disso, locais com muito mato, escondem animais perigosos, como cobras e escorpi\u00f5es.<\/p>\n<p>Confira a import\u00e2ncia do cortador de gramas da Ferpam:<\/p>\n<h3><strong>1. Controle do Crescimento Excessivo<\/strong><\/h3>\n<p>Mant\u00e9m o controle do crescimento da grama, cortar a grama com frequ\u00eancia evita que ela se mantenha alta demais e deixa o espa\u00e7o limpo, facilitando futuras podas e a conserva\u00e7\u00e3o do ambiente.<\/p>\n<h3><strong>2. Preven\u00e7\u00e3o de Pragas e Doen\u00e7as<\/strong><\/h3>\n<p>Um gramado muito alto evita a prolifera\u00e7\u00e3o de pragas como insetos, roedores e fungos. A umidade pode levar ao desenvolvimento de doen\u00e7as, como a ferrugem e o mofo, que acabam prejudicando a sa\u00fade do jardim. Ao utilizar o cortador de grama Toyama, voc\u00ea reduz esses riscos e ainda mant\u00e9m o seu gramado saud\u00e1vel.<\/p>\n<h3><strong>3. Melhora a Est\u00e9tica e a Funcionalidade<\/strong><\/h3>\n<p>Al\u00e9m dos diversos benef\u00edcios para a sa\u00fade do gramado,\u00a0 melhora a est\u00e9tica do ambiente. Gramados bem cuidados proporcionam um visual mais agrad\u00e1vel e s\u00e3o \u00f3timos para realizar aquele churrasco com os amigos no final de semana. Um gramado bem cuidado tamb\u00e9m evita o ac\u00famulo de sujeira.<\/p>\n<h3><strong>4. Drenagem e Absor\u00e7\u00e3o de Nutrientes<\/strong><\/h3>\n<p>Com a grama muito alta, o solo pode ter dificuldades de fazer a filtragem da \u00e1gua, tornando-se encharcado. Isso atrapalha que as ra\u00edzes das plantas absorvam os nutrientes necess\u00e1rios para seu crescimento saud\u00e1vel. Quando voc\u00ea mant\u00e9m a grama em um tamanho adequado, garante que o solo consiga fazer essa filtragem da \u00e1gua da maneira correta, contribuindo para um jardim mais saud\u00e1vel.<\/p>\n<p><strong style=\"font-size: 24px;\">5. Seguran\u00e7a e Conforto<\/strong><\/p>\n<p>\u00c1reas com grama alta podem esconder animais perigosos, como cobras e escorpi\u00f5es. O corte reduz esses riscos, tornando o ambiente mais seguro para todos, especialmente crian\u00e7as e animais de estima\u00e7\u00e3o.<\/p>\n<p>Manter o gramado saud\u00e1vel e bonito durante a \u00e9poca de chuvas, n\u00e3o \u00e9 uma tarefa f\u00e1cil! Mas a Ferpam traz a solu\u00e7\u00e3o! Com o uso correto do cortador de grama e o uso de boas pr\u00e1ticas de manuten\u00e7\u00e3o do jardim, \u00e9 poss\u00edvel garantir um espa\u00e7o verde e bem cuidado o ano todo! Est\u00e1 esperando o qu\u00ea? Visite nosso site e aproveite nossas promo\u00e7\u00f5es! Vem para Ferpam, Somos a solu\u00e7\u00e3o que voc\u00ea precisa!<\/p>\n","protected":false},"excerpt":{"rendered":"<p>Chegou a temporada de chuvas! E com a chegada dela, o capim cresce de maneira descontrolada. Esse crescimento em excesso dificulta a absor\u00e7\u00e3o de nutrientes das plantas e deixa o solo encharcado. \u00c9 nesse cen\u00e1rio que o cortador de grama da Toyama, se torna o seu principal aliado contra a prolifera\u00e7\u00e3o de pragas e doen\u00e7as! &hellip;<\/p>\n","protected":false},"author":5,"featured_media":2956,"comment_status":"open","ping_status":"open","sticky":false,"template":"","format":"standard","meta":{"footnotes":""},"categories":[1],"tags":[],"class_list":["post-2955","post","type-post","status-publish","format-standard","has-post-thumbnail","hentry","category-sem-categoria"],"yoast_head":"<!-- This site is optimized with the Yoast SEO plugin v15.8 - https:\/\/yoast.com\/wordpress\/plugins\/seo\/ -->\n<title>A import\u00e2ncia do cortador de gramas em \u00e9pocas de chuvas - Blog Ferpam<\/title>\n<meta name=\"robots\" content=\"index, follow, max-snippet:-1, max-image-preview:large, max-video-preview:-1\" \/>\n<link rel=\"canonical\" href=\"https:\/\/www.ferpam.com.br\/blog\/a-importancia-do-cortador-de-gramas-em-epocas-de-chuvas\/\" \/>\n<meta property=\"og:locale\" content=\"pt_BR\" \/>\n<meta property=\"og:type\" content=\"article\" \/>\n<meta property=\"og:title\" content=\"A import\u00e2ncia do cortador de gramas em \u00e9pocas de chuvas - Blog Ferpam\" \/>\n<meta property=\"og:description\" content=\"Chegou a temporada de chuvas! E com a chegada dela, o capim cresce de maneira descontrolada. Esse crescimento em excesso dificulta a absor\u00e7\u00e3o de nutrientes das plantas e deixa o solo encharcado. \u00c9 nesse cen\u00e1rio que o cortador de grama da Toyama, se torna o seu principal aliado contra a prolifera\u00e7\u00e3o de pragas e doen\u00e7as! &hellip;\" \/>\n<meta property=\"og:url\" content=\"https:\/\/www.ferpam.com.br\/blog\/a-importancia-do-cortador-de-gramas-em-epocas-de-chuvas\/\" \/>\n<meta property=\"og:site_name\" content=\"Blog Ferpam\" \/>\n<meta property=\"article:published_time\" content=\"2025-02-07T08:00:38+00:00\" \/>\n<meta property=\"article:modified_time\" content=\"2025-02-06T12:41:42+00:00\" \/>\n<meta property=\"og:image\" content=\"https:\/\/www.ferpam.com.br\/blog\/wp-content\/uploads\/2025\/02\/WhatsApp-Image-2025-02-06-at-04.57.44.jpeg\" \/>\n\t<meta property=\"og:image:width\" content=\"600\" \/>\n\t<meta property=\"og:image:height\" content=\"425\" \/>\n<meta name=\"twitter:card\" content=\"summary_large_image\" \/>\n<meta name=\"twitter:label1\" content=\"Est. reading time\">\n\t<meta name=\"twitter:data1\" content=\"2 minutos\">\n<script type=\"application\/ld+json\" class=\"yoast-schema-graph\">{\"@context\":\"https:\/\/schema.org\",\"@graph\":[{\"@type\":\"Organization\",\"@id\":\"https:\/\/www.ferpam.com.br\/blog\/#organization\",\"name\":\"Ferpam\",\"url\":\"https:\/\/www.ferpam.com.br\/blog\/\",\"sameAs\":[],\"logo\":{\"@type\":\"ImageObject\",\"@id\":\"https:\/\/www.ferpam.com.br\/blog\/#logo\",\"inLanguage\":\"pt-BR\",\"url\":\"https:\/\/www.ferpam.com.br\/blog\/wp-content\/uploads\/2021\/02\/logo-1.png\",\"width\":254,\"height\":89,\"caption\":\"Ferpam\"},\"image\":{\"@id\":\"https:\/\/www.ferpam.com.br\/blog\/#logo\"}},{\"@type\":\"WebSite\",\"@id\":\"https:\/\/www.ferpam.com.br\/blog\/#website\",\"url\":\"https:\/\/www.ferpam.com.br\/blog\/\",\"name\":\"Blog Ferpam\",\"description\":\"Not\\u00edcias da Ferpam\",\"publisher\":{\"@id\":\"https:\/\/www.ferpam.com.br\/blog\/#organization\"},\"potentialAction\":[{\"@type\":\"SearchAction\",\"target\":\"https:\/\/www.ferpam.com.br\/blog\/?s={search_term_string}\",\"query-input\":\"required name=search_term_string\"}],\"inLanguage\":\"pt-BR\"},{\"@type\":\"ImageObject\",\"@id\":\"https:\/\/www.ferpam.com.br\/blog\/a-importancia-do-cortador-de-gramas-em-epocas-de-chuvas\/#primaryimage\",\"inLanguage\":\"pt-BR\",\"url\":\"https:\/\/www.ferpam.com.br\/blog\/wp-content\/uploads\/2025\/02\/WhatsApp-Image-2025-02-06-at-04.57.44.jpeg\",\"width\":600,\"height\":425},{\"@type\":\"WebPage\",\"@id\":\"https:\/\/www.ferpam.com.br\/blog\/a-importancia-do-cortador-de-gramas-em-epocas-de-chuvas\/#webpage\",\"url\":\"https:\/\/www.ferpam.com.br\/blog\/a-importancia-do-cortador-de-gramas-em-epocas-de-chuvas\/\",\"name\":\"A import\\u00e2ncia do cortador de gramas em \\u00e9pocas de chuvas - Blog Ferpam\",\"isPartOf\":{\"@id\":\"https:\/\/www.ferpam.com.br\/blog\/#website\"},\"primaryImageOfPage\":{\"@id\":\"https:\/\/www.ferpam.com.br\/blog\/a-importancia-do-cortador-de-gramas-em-epocas-de-chuvas\/#primaryimage\"},\"datePublished\":\"2025-02-07T08:00:38+00:00\",\"dateModified\":\"2025-02-06T12:41:42+00:00\",\"breadcrumb\":{\"@id\":\"https:\/\/www.ferpam.com.br\/blog\/a-importancia-do-cortador-de-gramas-em-epocas-de-chuvas\/#breadcrumb\"},\"inLanguage\":\"pt-BR\",\"potentialAction\":[{\"@type\":\"ReadAction\",\"target\":[\"https:\/\/www.ferpam.com.br\/blog\/a-importancia-do-cortador-de-gramas-em-epocas-de-chuvas\/\"]}]},{\"@type\":\"BreadcrumbList\",\"@id\":\"https:\/\/www.ferpam.com.br\/blog\/a-importancia-do-cortador-de-gramas-em-epocas-de-chuvas\/#breadcrumb\",\"itemListElement\":[{\"@type\":\"ListItem\",\"position\":1,\"item\":{\"@type\":\"WebPage\",\"@id\":\"https:\/\/www.ferpam.com.br\/blog\/\",\"url\":\"https:\/\/www.ferpam.com.br\/blog\/\",\"name\":\"In\\u00edcio\"}},{\"@type\":\"ListItem\",\"position\":2,\"item\":{\"@type\":\"WebPage\",\"@id\":\"https:\/\/www.ferpam.com.br\/blog\/a-importancia-do-cortador-de-gramas-em-epocas-de-chuvas\/\",\"url\":\"https:\/\/www.ferpam.com.br\/blog\/a-importancia-do-cortador-de-gramas-em-epocas-de-chuvas\/\",\"name\":\"A import\\u00e2ncia do cortador de gramas em \\u00e9pocas de chuvas\"}}]},{\"@type\":\"Article\",\"@id\":\"https:\/\/www.ferpam.com.br\/blog\/a-importancia-do-cortador-de-gramas-em-epocas-de-chuvas\/#article\",\"isPartOf\":{\"@id\":\"https:\/\/www.ferpam.com.br\/blog\/a-importancia-do-cortador-de-gramas-em-epocas-de-chuvas\/#webpage\"},\"author\":{\"@id\":\"https:\/\/www.ferpam.com.br\/blog\/#\/schema\/person\/e6e8838fe5b732146790141d405cfc8f\"},\"headline\":\"A import\\u00e2ncia do cortador de gramas em \\u00e9pocas de chuvas\",\"datePublished\":\"2025-02-07T08:00:38+00:00\",\"dateModified\":\"2025-02-06T12:41:42+00:00\",\"mainEntityOfPage\":{\"@id\":\"https:\/\/www.ferpam.com.br\/blog\/a-importancia-do-cortador-de-gramas-em-epocas-de-chuvas\/#webpage\"},\"commentCount\":0,\"publisher\":{\"@id\":\"https:\/\/www.ferpam.com.br\/blog\/#organization\"},\"image\":{\"@id\":\"https:\/\/www.ferpam.com.br\/blog\/a-importancia-do-cortador-de-gramas-em-epocas-de-chuvas\/#primaryimage\"},\"inLanguage\":\"pt-BR\",\"potentialAction\":[{\"@type\":\"CommentAction\",\"name\":\"Comment\",\"target\":[\"https:\/\/www.ferpam.com.br\/blog\/a-importancia-do-cortador-de-gramas-em-epocas-de-chuvas\/#respond\"]}]},{\"@type\":\"Person\",\"@id\":\"https:\/\/www.ferpam.com.br\/blog\/#\/schema\/person\/e6e8838fe5b732146790141d405cfc8f\",\"name\":\"Ferpam\",\"image\":{\"@type\":\"ImageObject\",\"@id\":\"https:\/\/www.ferpam.com.br\/blog\/#personlogo\",\"inLanguage\":\"pt-BR\",\"url\":\"https:\/\/secure.gravatar.com\/avatar\/6f333e72a93ccf96c09aee14b6e690a9a4ece768eac772c81364ab7a27ce07d4?s=96&d=mm&r=g\",\"caption\":\"Ferpam\"}}]}<\/script>\n<!-- \/ Yoast SEO plugin. -->","_links":{"self":[{"href":"https:\/\/www.ferpam.com.br\/blog\/wp-json\/wp\/v2\/posts\/2955","targetHints":{"allow":["GET"]}}],"collection":[{"href":"https:\/\/www.ferpam.com.br\/blog\/wp-json\/wp\/v2\/posts"}],"about":[{"href":"https:\/\/www.ferpam.com.br\/blog\/wp-json\/wp\/v2\/types\/post"}],"author":[{"embeddable":true,"href":"https:\/\/www.ferpam.com.br\/blog\/wp-json\/wp\/v2\/users\/5"}],"replies":[{"embeddable":true,"href":"https:\/\/www.ferpam.com.br\/blog\/wp-json\/wp\/v2\/comments?post=2955"}],"version-history":[{"count":1,"href":"https:\/\/www.ferpam.com.br\/blog\/wp-json\/wp\/v2\/posts\/2955\/revisions"}],"predecessor-version":[{"id":2957,"href":"https:\/\/www.ferpam.com.br\/blog\/wp-json\/wp\/v2\/posts\/2955\/revisions\/2957"}],"wp:featuredmedia":[{"embeddable":true,"href":"https:\/\/www.ferpam.com.br\/blog\/wp-json\/wp\/v2\/media\/2956"}],"wp:attachment":[{"href":"https:\/\/www.ferpam.com.br\/blog\/wp-json\/wp\/v2\/media?parent=2955"}],"wp:term":[{"taxonomy":"category","embeddable":true,"href":"https:\/\/www.ferpam.com.br\/blog\/wp-json\/wp\/v2\/categories?post=2955"},{"taxonomy":"post_tag","embeddable":true,"href":"https:\/\/www.ferpam.com.br\/blog\/wp-json\/wp\/v2\/tags?post=2955"}],"curies":[{"name":"wp","href":"https:\/\/api.w.org\/{rel}","templated":true}]}}