{"id":3168,"date":"2025-10-03T08:00:57","date_gmt":"2025-10-03T08:00:57","guid":{"rendered":"https:\/\/www.ferpam.com.br\/blog\/?p=3168"},"modified":"2025-10-02T15:03:32","modified_gmt":"2025-10-02T15:03:32","slug":"clube-do-mecanico-2025-voce-e-o-nosso-convidado","status":"publish","type":"post","link":"https:\/\/www.ferpam.com.br\/blog\/clube-do-mecanico-2025-voce-e-o-nosso-convidado\/","title":{"rendered":"Clube do Mec\u00e2nico 2025 &#8211; Voc\u00ea \u00e9 o nosso convidado!"},"content":{"rendered":"<p><span style=\"font-weight: 400;\">O Clube do Mec\u00e2nico voltou com a sua 5\u00aa edi\u00e7\u00e3o, um evento totalmente pensado para voc\u00ea que vive da mec\u00e2nica, seja como profissional ou um apaixonado por ferramentas. \u00c9 a oportunidade perfeita para aprender, se conectar e descobrir o que h\u00e1 de mais novo no setor automotivo.<\/span><\/p>\n<p><span style=\"font-weight: 400;\">O evento \u00e9 gratuito e exclusivo para profissionais e entusiastas, com vagas limitadas para garantir que voc\u00ea aproveite ao m\u00e1ximo cada detalhe.<\/span><\/p>\n<h5><b>Onde e Quando?<\/b><\/h5>\n<p><span style=\"font-weight: 400;\">Marque na agenda: O Clube do Mec\u00e2nico acontecer\u00e1 nos dias <\/span><b>9 e 10 de outubro<\/b><span style=\"font-weight: 400;\">, a partir das <\/span><b>18h30<\/b><span style=\"font-weight: 400;\">. O evento ser\u00e1 realizado em tr\u00eas cidades do Tocantins: <\/span><b>Palmas, Aragua\u00edna e Gurupi<\/b><span style=\"font-weight: 400;\">.<\/span><\/p>\n<h5><b>O Que Voc\u00ea Vai Encontrar?<\/b><\/h5>\n<p><span style=\"font-weight: 400;\">Preparamos uma programa\u00e7\u00e3o completa para impulsionar a sua carreira e o seu neg\u00f3cio, unindo capacita\u00e7\u00e3o, inova\u00e7\u00e3o e muita confraterniza\u00e7\u00e3o.<\/span><\/p>\n<ul>\n<li style=\"font-weight: 400;\" aria-level=\"1\"><b>Capacita\u00e7\u00e3o e Treinamentos:<\/b><span style=\"font-weight: 400;\"> Participe de workshops e treinamentos exclusivos voltados para a sua capacita\u00e7\u00e3o profissional. Aprenda orienta\u00e7\u00f5es pr\u00e1ticas sobre o melhor uso dos equipamentos e conhe\u00e7a as novidades e tend\u00eancias do setor automotivo.<\/span><\/li>\n<li style=\"font-weight: 400;\" aria-level=\"1\"><b>Vantagens Exclusivas:<\/b><span style=\"font-weight: 400;\"> O Clube do Mec\u00e2nico tamb\u00e9m \u00e9 o lugar certo para aproveitar promo\u00e7\u00f5es imperd\u00edveis em ferramentas e equipamentos.<\/span><\/li>\n<li style=\"font-weight: 400;\" aria-level=\"1\"><b>Melhores Marcas do Mercado:<\/b><span style=\"font-weight: 400;\"> Teremos a presen\u00e7a das principais marcas do setor, como SATA, BOSCH, STIHL, MARCON, FLACH, SCHULZ, BOVENAU, TORK SOLDA, GEDORE, MUNDIAL PRIME, WD40 e PDR PRO, entre outras. Este \u00e9 o seu momento de tirar d\u00favidas, conhecer os lan\u00e7amentos em primeira m\u00e3o e ter acesso a um cat\u00e1logo completo para equipar a sua oficina.<\/span><\/li>\n<li style=\"font-weight: 400;\" aria-level=\"1\"><b>Networking e Confraterniza\u00e7\u00e3o:<\/b><span style=\"font-weight: 400;\"> Troque experi\u00eancias valiosas com outros profissionais e fortale\u00e7a sua rede de contatos.<\/span><\/li>\n<\/ul>\n<h4><b>Palestras e Palco de Gigantes<\/b><\/h4>\n<p><span style=\"font-weight: 400;\">Em busca de inova\u00e7\u00e3o e excel\u00eancia, a Ferpam convidou os melhores palestrantes no mercado nacional para agregar ainda mais valor ao evento:<\/span><\/p>\n<ul>\n<li style=\"font-weight: 400;\" aria-level=\"1\"><b>Pedro Fortes, da Jacar\u00e9 Racing:<\/b><span style=\"font-weight: 400;\"> Especialista em manuten\u00e7\u00e3o e diagn\u00f3stico de autom\u00f3veis premium, s\u00f3cio-propriet\u00e1rio da Jacar\u00e9 Racing, uma empresa com mais de 40 anos de atua\u00e7\u00e3o.<\/span><\/li>\n<li style=\"font-weight: 400;\" aria-level=\"1\"><b>Maur\u00edcio Henrique e Laysa Almeida, da MHP Muscle Cars:<\/b><span style=\"font-weight: 400;\"> Influenciadores oficiais da sata e propriet\u00e1rios da MHP Muscle Cars, uma oficina refer\u00eancia em motores V8 para carros colecion\u00e1veis. Juntos, eles somam mais de 234 mil seguidores no Instagram.<\/span><\/li>\n<li style=\"font-weight: 400;\" aria-level=\"1\"><b>Prof. S\u00e9rgio Eug\u00eanio, da Super AR:<\/b><span style=\"font-weight: 400;\"> Refer\u00eancia nacional em autoel\u00e9trica e fundador da Super AR, o maior centro de treinamento em refrigera\u00e7\u00e3o automotiva do Brasil.<\/span><\/li>\n<\/ul>\n<h2><b>\ud83d\udccc Garanta sua vaga!<\/b><\/h2>\n<p><span style=\"font-weight: 400;\">As vagas para o Clube do Mec\u00e2nico da Ferpam s\u00e3o limitadas e a participa\u00e7\u00e3o \u00e9 gratuita, mas a inscri\u00e7\u00e3o antecipada \u00e9 obrigat\u00f3ria. Para confirmar presen\u00e7a, <\/span><b>inscreva-se atrav\u00e9s do <\/b><span style=\"font-weight: 400;\">WhatsApp (63) 2111-3600.<\/span><\/p>\n<p><span style=\"font-weight: 400;\">\ud83d\udc49 <\/span><b>Esperamos por voc\u00ea!<\/b><\/p>\n<p><a href=\"https:\/\/g.co\/kgs\/Ef4tti6\"><span style=\"font-weight: 400;\">Aragua\u00edna<\/span><\/a><span style=\"font-weight: 400;\">: Av. C\u00f4nego Jo\u00e3o Lima, 263 &#8211; Entroncamento, Aragua\u00edna\u2013TO, 77804-010.<\/span><\/p>\n<p><a href=\"https:\/\/g.co\/kgs\/9fJJxBH\"><span style=\"font-weight: 400;\">Gurupi<\/span><\/a><span style=\"font-weight: 400;\">: Av. Par\u00e1, 1919 &#8211; St. Central, Gurupi\u2013TO, 77403-010.<\/span><\/p>\n<p><a href=\"https:\/\/g.co\/kgs\/2vbv9pz\"><span style=\"font-weight: 400;\">Palmas<\/span><\/a><span style=\"font-weight: 400;\">: Q. 301 Norte Passagem de Pedestre, 2-78 &#8211; Plano Diretor Norte, Palmas\u2013TO, 77001-226<\/span><\/p>\n","protected":false},"excerpt":{"rendered":"<p>O Clube do Mec\u00e2nico voltou com a sua 5\u00aa edi\u00e7\u00e3o, um evento totalmente pensado para voc\u00ea que vive da mec\u00e2nica, seja como profissional ou um apaixonado por ferramentas. \u00c9 a oportunidade perfeita para aprender, se conectar e descobrir o que h\u00e1 de mais novo no setor automotivo. O evento \u00e9 gratuito e exclusivo para profissionais &hellip;<\/p>\n","protected":false},"author":5,"featured_media":3178,"comment_status":"open","ping_status":"open","sticky":false,"template":"","format":"standard","meta":{"footnotes":""},"categories":[26,1],"tags":[1100],"class_list":["post-3168","post","type-post","status-publish","format-standard","has-post-thumbnail","hentry","category-noticias-ferpam","category-sem-categoria","tag-clube-do-mecanico-palestra-automotivo"],"yoast_head":"<!-- This site is optimized with the Yoast SEO plugin v15.8 - https:\/\/yoast.com\/wordpress\/plugins\/seo\/ -->\n<title>Clube do Mec\u00e2nico 2025 - Voc\u00ea \u00e9 o nosso convidado! - Blog Ferpam<\/title>\n<meta name=\"robots\" content=\"index, follow, max-snippet:-1, max-image-preview:large, max-video-preview:-1\" \/>\n<link rel=\"canonical\" href=\"https:\/\/www.ferpam.com.br\/blog\/clube-do-mecanico-2025-voce-e-o-nosso-convidado\/\" \/>\n<meta property=\"og:locale\" content=\"pt_BR\" \/>\n<meta property=\"og:type\" content=\"article\" \/>\n<meta property=\"og:title\" content=\"Clube do Mec\u00e2nico 2025 - Voc\u00ea \u00e9 o nosso convidado! - Blog Ferpam\" \/>\n<meta property=\"og:description\" content=\"O Clube do Mec\u00e2nico voltou com a sua 5\u00aa edi\u00e7\u00e3o, um evento totalmente pensado para voc\u00ea que vive da mec\u00e2nica, seja como profissional ou um apaixonado por ferramentas. \u00c9 a oportunidade perfeita para aprender, se conectar e descobrir o que h\u00e1 de mais novo no setor automotivo. O evento \u00e9 gratuito e exclusivo para profissionais &hellip;\" \/>\n<meta property=\"og:url\" content=\"https:\/\/www.ferpam.com.br\/blog\/clube-do-mecanico-2025-voce-e-o-nosso-convidado\/\" \/>\n<meta property=\"og:site_name\" content=\"Blog Ferpam\" \/>\n<meta property=\"article:published_time\" content=\"2025-10-03T08:00:57+00:00\" \/>\n<meta property=\"article:modified_time\" content=\"2025-10-02T15:03:32+00:00\" \/>\n<meta property=\"og:image\" content=\"https:\/\/www.ferpam.com.br\/blog\/wp-content\/uploads\/2025\/10\/Sem-Titulo-1.jpg\" \/>\n\t<meta property=\"og:image:width\" content=\"1500\" \/>\n\t<meta property=\"og:image:height\" content=\"1000\" \/>\n<meta name=\"twitter:card\" content=\"summary_large_image\" \/>\n<meta name=\"twitter:label1\" content=\"Est. reading time\">\n\t<meta name=\"twitter:data1\" content=\"2 minutos\">\n<script type=\"application\/ld+json\" class=\"yoast-schema-graph\">{\"@context\":\"https:\/\/schema.org\",\"@graph\":[{\"@type\":\"Organization\",\"@id\":\"https:\/\/www.ferpam.com.br\/blog\/#organization\",\"name\":\"Ferpam\",\"url\":\"https:\/\/www.ferpam.com.br\/blog\/\",\"sameAs\":[],\"logo\":{\"@type\":\"ImageObject\",\"@id\":\"https:\/\/www.ferpam.com.br\/blog\/#logo\",\"inLanguage\":\"pt-BR\",\"url\":\"https:\/\/www.ferpam.com.br\/blog\/wp-content\/uploads\/2021\/02\/logo-1.png\",\"width\":254,\"height\":89,\"caption\":\"Ferpam\"},\"image\":{\"@id\":\"https:\/\/www.ferpam.com.br\/blog\/#logo\"}},{\"@type\":\"WebSite\",\"@id\":\"https:\/\/www.ferpam.com.br\/blog\/#website\",\"url\":\"https:\/\/www.ferpam.com.br\/blog\/\",\"name\":\"Blog Ferpam\",\"description\":\"Not\\u00edcias da Ferpam\",\"publisher\":{\"@id\":\"https:\/\/www.ferpam.com.br\/blog\/#organization\"},\"potentialAction\":[{\"@type\":\"SearchAction\",\"target\":\"https:\/\/www.ferpam.com.br\/blog\/?s={search_term_string}\",\"query-input\":\"required name=search_term_string\"}],\"inLanguage\":\"pt-BR\"},{\"@type\":\"ImageObject\",\"@id\":\"https:\/\/www.ferpam.com.br\/blog\/clube-do-mecanico-2025-voce-e-o-nosso-convidado\/#primaryimage\",\"inLanguage\":\"pt-BR\",\"url\":\"https:\/\/www.ferpam.com.br\/blog\/wp-content\/uploads\/2025\/10\/Sem-Titulo-1.jpg\",\"width\":1500,\"height\":1000},{\"@type\":\"WebPage\",\"@id\":\"https:\/\/www.ferpam.com.br\/blog\/clube-do-mecanico-2025-voce-e-o-nosso-convidado\/#webpage\",\"url\":\"https:\/\/www.ferpam.com.br\/blog\/clube-do-mecanico-2025-voce-e-o-nosso-convidado\/\",\"name\":\"Clube do Mec\\u00e2nico 2025 - Voc\\u00ea \\u00e9 o nosso convidado! - Blog Ferpam\",\"isPartOf\":{\"@id\":\"https:\/\/www.ferpam.com.br\/blog\/#website\"},\"primaryImageOfPage\":{\"@id\":\"https:\/\/www.ferpam.com.br\/blog\/clube-do-mecanico-2025-voce-e-o-nosso-convidado\/#primaryimage\"},\"datePublished\":\"2025-10-03T08:00:57+00:00\",\"dateModified\":\"2025-10-02T15:03:32+00:00\",\"breadcrumb\":{\"@id\":\"https:\/\/www.ferpam.com.br\/blog\/clube-do-mecanico-2025-voce-e-o-nosso-convidado\/#breadcrumb\"},\"inLanguage\":\"pt-BR\",\"potentialAction\":[{\"@type\":\"ReadAction\",\"target\":[\"https:\/\/www.ferpam.com.br\/blog\/clube-do-mecanico-2025-voce-e-o-nosso-convidado\/\"]}]},{\"@type\":\"BreadcrumbList\",\"@id\":\"https:\/\/www.ferpam.com.br\/blog\/clube-do-mecanico-2025-voce-e-o-nosso-convidado\/#breadcrumb\",\"itemListElement\":[{\"@type\":\"ListItem\",\"position\":1,\"item\":{\"@type\":\"WebPage\",\"@id\":\"https:\/\/www.ferpam.com.br\/blog\/\",\"url\":\"https:\/\/www.ferpam.com.br\/blog\/\",\"name\":\"In\\u00edcio\"}},{\"@type\":\"ListItem\",\"position\":2,\"item\":{\"@type\":\"WebPage\",\"@id\":\"https:\/\/www.ferpam.com.br\/blog\/clube-do-mecanico-2025-voce-e-o-nosso-convidado\/\",\"url\":\"https:\/\/www.ferpam.com.br\/blog\/clube-do-mecanico-2025-voce-e-o-nosso-convidado\/\",\"name\":\"Clube do Mec\\u00e2nico 2025 &#8211; Voc\\u00ea \\u00e9 o nosso convidado!\"}}]},{\"@type\":\"Article\",\"@id\":\"https:\/\/www.ferpam.com.br\/blog\/clube-do-mecanico-2025-voce-e-o-nosso-convidado\/#article\",\"isPartOf\":{\"@id\":\"https:\/\/www.ferpam.com.br\/blog\/clube-do-mecanico-2025-voce-e-o-nosso-convidado\/#webpage\"},\"author\":{\"@id\":\"https:\/\/www.ferpam.com.br\/blog\/#\/schema\/person\/e6e8838fe5b732146790141d405cfc8f\"},\"headline\":\"Clube do Mec\\u00e2nico 2025 &#8211; Voc\\u00ea \\u00e9 o nosso convidado!\",\"datePublished\":\"2025-10-03T08:00:57+00:00\",\"dateModified\":\"2025-10-02T15:03:32+00:00\",\"mainEntityOfPage\":{\"@id\":\"https:\/\/www.ferpam.com.br\/blog\/clube-do-mecanico-2025-voce-e-o-nosso-convidado\/#webpage\"},\"commentCount\":0,\"publisher\":{\"@id\":\"https:\/\/www.ferpam.com.br\/blog\/#organization\"},\"image\":{\"@id\":\"https:\/\/www.ferpam.com.br\/blog\/clube-do-mecanico-2025-voce-e-o-nosso-convidado\/#primaryimage\"},\"keywords\":\"clube do mec\\u00e2nico; palestra; automotivo\",\"articleSection\":\"Not\\u00edcias Ferpam\",\"inLanguage\":\"pt-BR\",\"potentialAction\":[{\"@type\":\"CommentAction\",\"name\":\"Comment\",\"target\":[\"https:\/\/www.ferpam.com.br\/blog\/clube-do-mecanico-2025-voce-e-o-nosso-convidado\/#respond\"]}]},{\"@type\":\"Person\",\"@id\":\"https:\/\/www.ferpam.com.br\/blog\/#\/schema\/person\/e6e8838fe5b732146790141d405cfc8f\",\"name\":\"Ferpam\",\"image\":{\"@type\":\"ImageObject\",\"@id\":\"https:\/\/www.ferpam.com.br\/blog\/#personlogo\",\"inLanguage\":\"pt-BR\",\"url\":\"https:\/\/secure.gravatar.com\/avatar\/6f333e72a93ccf96c09aee14b6e690a9a4ece768eac772c81364ab7a27ce07d4?s=96&d=mm&r=g\",\"caption\":\"Ferpam\"}}]}<\/script>\n<!-- \/ Yoast SEO plugin. -->","_links":{"self":[{"href":"https:\/\/www.ferpam.com.br\/blog\/wp-json\/wp\/v2\/posts\/3168","targetHints":{"allow":["GET"]}}],"collection":[{"href":"https:\/\/www.ferpam.com.br\/blog\/wp-json\/wp\/v2\/posts"}],"about":[{"href":"https:\/\/www.ferpam.com.br\/blog\/wp-json\/wp\/v2\/types\/post"}],"author":[{"embeddable":true,"href":"https:\/\/www.ferpam.com.br\/blog\/wp-json\/wp\/v2\/users\/5"}],"replies":[{"embeddable":true,"href":"https:\/\/www.ferpam.com.br\/blog\/wp-json\/wp\/v2\/comments?post=3168"}],"version-history":[{"count":1,"href":"https:\/\/www.ferpam.com.br\/blog\/wp-json\/wp\/v2\/posts\/3168\/revisions"}],"predecessor-version":[{"id":3169,"href":"https:\/\/www.ferpam.com.br\/blog\/wp-json\/wp\/v2\/posts\/3168\/revisions\/3169"}],"wp:featuredmedia":[{"embeddable":true,"href":"https:\/\/www.ferpam.com.br\/blog\/wp-json\/wp\/v2\/media\/3178"}],"wp:attachment":[{"href":"https:\/\/www.ferpam.com.br\/blog\/wp-json\/wp\/v2\/media?parent=3168"}],"wp:term":[{"taxonomy":"category","embeddable":true,"href":"https:\/\/www.ferpam.com.br\/blog\/wp-json\/wp\/v2\/categories?post=3168"},{"taxonomy":"post_tag","embeddable":true,"href":"https:\/\/www.ferpam.com.br\/blog\/wp-json\/wp\/v2\/tags?post=3168"}],"curies":[{"name":"wp","href":"https:\/\/api.w.org\/{rel}","templated":true}]}}