{"id":3186,"date":"2025-10-13T08:00:00","date_gmt":"2025-10-13T08:00:00","guid":{"rendered":"https:\/\/www.ferpam.com.br\/blog\/?p=3186"},"modified":"2025-10-01T18:54:54","modified_gmt":"2025-10-01T18:54:54","slug":"ferramentas-eletricas-essenciais-para-quem-vai-construir-ou-reformar","status":"publish","type":"post","link":"https:\/\/www.ferpam.com.br\/blog\/ferramentas-eletricas-essenciais-para-quem-vai-construir-ou-reformar\/","title":{"rendered":"Ferramentas El\u00e9tricas Essenciais para Quem Vai Construir ou Reformar"},"content":{"rendered":"<p><span style=\"font-weight: 400;\">Se voc\u00ea est\u00e1 planejando construir ou reformar, uma d\u00favida comum \u00e9: quais ferramentas el\u00e9tricas realmente n\u00e3o podem faltar na obra?<\/span><\/p>\n<p><span style=\"font-weight: 400;\">A seguir, reunimos as principais op\u00e7\u00f5es para garantir produtividade, precis\u00e3o e um acabamento profissional.<\/span><\/p>\n<h3><b>Quais s\u00e3o as ferramentas el\u00e9tricas essenciais em uma obra?<\/b><\/h3>\n<p><span style=\"font-weight: 400;\">As ferramentas mais indicadas para quem vai construir ou reformar incluem:<\/span><\/p>\n<ul>\n<li style=\"font-weight: 400;\" aria-level=\"1\"><span style=\"font-weight: 400;\">Martelete \u2013 para perfura\u00e7\u00f5es em concreto e demoli\u00e7\u00f5es leves.<\/span><\/li>\n<li style=\"font-weight: 400;\" aria-level=\"1\"><span style=\"font-weight: 400;\">Esmerilhadeira \u2013 para cortes e desbastes de metais e pedras.<\/span><\/li>\n<li style=\"font-weight: 400;\" aria-level=\"1\"><span style=\"font-weight: 400;\">N\u00edvel a laser \u2013 para garantir alinhamento e nivelamento perfeito.<\/span><\/li>\n<li style=\"font-weight: 400;\" aria-level=\"1\"><span style=\"font-weight: 400;\">M\u00e1quina de pintura airless \u2013 para agilizar o acabamento das paredes.<\/span><\/li>\n<\/ul>\n<h3><b>Para que serve o martelete na constru\u00e7\u00e3o?<\/b><\/h3>\n<p><span style=\"font-weight: 400;\">O martelete \u00e9 fundamental para perfurar concreto, tijolos e estruturas mais resistentes. Diferente da furadeira comum, ele tem impacto e for\u00e7a maiores, o que reduz esfor\u00e7o e economiza tempo.<\/span><\/p>\n<p><span style=\"font-weight: 400;\">\ud83d\udc49 Na Ferpam, o destaque \u00e9 o Martelete GBH 2-24 D Bosch, reconhecido pela durabilidade e efici\u00eancia em obras de m\u00e9dio porte.<\/span><\/p>\n<h3><b>Qual a utilidade da esmerilhadeira na reforma?<\/b><\/h3>\n<p><span style=\"font-weight: 400;\">A esmerilhadeira \u00e9 uma ferramenta vers\u00e1til: corta, desbasta, lixa e at\u00e9 ajuda em acabamentos de solda.<\/span><\/p>\n<p><span style=\"font-weight: 400;\">Ela \u00e9 indispens\u00e1vel para quem precisa ajustar pisos, cortar tubos de metal, pedras ou blocos de concreto.<\/span><\/p>\n<p><span style=\"font-weight: 400;\">\ud83d\udc49 Uma op\u00e7\u00e3o de excelente custo-benef\u00edcio \u00e9 a Esmerilhadeira 4.1\/2 GWS 770W Bosch, que combina pot\u00eancia e seguran\u00e7a.<\/span><\/p>\n<h3><b>Por que usar um n\u00edvel a laser em vez do n\u00edvel comum?<\/b><\/h3>\n<p><span style=\"font-weight: 400;\">O n\u00edvel a laser garante mais precis\u00e3o e rapidez no alinhamento de pisos, paredes e estruturas.<\/span><\/p>\n<p><span style=\"font-weight: 400;\">Enquanto o n\u00edvel de bolha exige ajuste manual, o n\u00edvel a laser projeta linhas horizontais e verticais, facilitando trabalhos em maior escala.<\/span><\/p>\n<p><span style=\"font-weight: 400;\">\ud83d\udc49 O N\u00edvel Laser GL 12 G Bosch \u00e9 compacto, resistente e ideal para uso profissional e residencial.<\/span><\/p>\n<h3><b>Vale a pena investir em uma m\u00e1quina de pintura airless?<\/b><\/h3>\n<p><span style=\"font-weight: 400;\">Sim, principalmente se voc\u00ea busca agilidade e acabamento uniforme. A tecnologia airless aplica a tinta sob press\u00e3o, sem uso de ar comprimido, cobrindo \u00e1reas grandes em menos tempo e com menor desperd\u00edcio.<\/span><\/p>\n<p><span style=\"font-weight: 400;\">\ud83d\udc49 A M\u00e1quina de Pintura Airless MPA1200 Vonder \u00e9 indicada para obras de m\u00e9dio e grande porte, entregando efici\u00eancia e qualidade no acabamento.<\/span><\/p>\n<h3><b>Conclus\u00e3o<\/b><\/h3>\n<p><span style=\"font-weight: 400;\">As ferramentas el\u00e9tricas s\u00e3o parceiras indispens\u00e1veis da constru\u00e7\u00e3o moderna. Ao investir em um bom martelete, esmerilhadeira, n\u00edvel laser e m\u00e1quina de pintura, voc\u00ea garante produtividade, seguran\u00e7a e um acabamento profissional.<\/span><\/p>\n<p><span style=\"font-weight: 400;\">\ud83d\udc49 Confira a linha completa de ferramentas el\u00e9tricas na <a href=\"https:\/\/www.ferpam.com.br\/\">Ferpam<\/a> e comece sua obra com mais efici\u00eancia.<\/span><\/p>\n<p><span style=\"font-weight: 400;\">\ud83d\udccd Visite nossas lojas em Aragua\u00edna, Palmas e Gurupi.<\/span><\/p>\n<p><span style=\"font-weight: 400;\">\ud83d\udcde Fale com a gente pelo telefone (63) 2111-3600.<\/span><\/p>\n","protected":false},"excerpt":{"rendered":"<p>Se voc\u00ea est\u00e1 planejando construir ou reformar, uma d\u00favida comum \u00e9: quais ferramentas el\u00e9tricas realmente n\u00e3o podem faltar na obra? A seguir, reunimos as principais op\u00e7\u00f5es para garantir produtividade, precis\u00e3o e um acabamento profissional. Quais s\u00e3o as ferramentas el\u00e9tricas essenciais em uma obra? As ferramentas mais indicadas para quem vai construir ou reformar incluem: Martelete &hellip;<\/p>\n","protected":false},"author":5,"featured_media":3175,"comment_status":"open","ping_status":"open","sticky":false,"template":"","format":"standard","meta":{"footnotes":""},"categories":[1],"tags":[],"class_list":["post-3186","post","type-post","status-publish","format-standard","has-post-thumbnail","hentry","category-sem-categoria"],"yoast_head":"<!-- This site is optimized with the Yoast SEO plugin v15.8 - https:\/\/yoast.com\/wordpress\/plugins\/seo\/ -->\n<title>Ferramentas El\u00e9tricas Essenciais para Quem Vai Construir ou Reformar - Blog Ferpam<\/title>\n<meta name=\"robots\" content=\"index, follow, max-snippet:-1, max-image-preview:large, max-video-preview:-1\" \/>\n<link rel=\"canonical\" href=\"https:\/\/www.ferpam.com.br\/blog\/ferramentas-eletricas-essenciais-para-quem-vai-construir-ou-reformar\/\" \/>\n<meta property=\"og:locale\" content=\"pt_BR\" \/>\n<meta property=\"og:type\" content=\"article\" \/>\n<meta property=\"og:title\" content=\"Ferramentas El\u00e9tricas Essenciais para Quem Vai Construir ou Reformar - Blog Ferpam\" \/>\n<meta property=\"og:description\" content=\"Se voc\u00ea est\u00e1 planejando construir ou reformar, uma d\u00favida comum \u00e9: quais ferramentas el\u00e9tricas realmente n\u00e3o podem faltar na obra? A seguir, reunimos as principais op\u00e7\u00f5es para garantir produtividade, precis\u00e3o e um acabamento profissional. Quais s\u00e3o as ferramentas el\u00e9tricas essenciais em uma obra? As ferramentas mais indicadas para quem vai construir ou reformar incluem: Martelete &hellip;\" \/>\n<meta property=\"og:url\" content=\"https:\/\/www.ferpam.com.br\/blog\/ferramentas-eletricas-essenciais-para-quem-vai-construir-ou-reformar\/\" \/>\n<meta property=\"og:site_name\" content=\"Blog Ferpam\" \/>\n<meta property=\"article:published_time\" content=\"2025-10-13T08:00:00+00:00\" \/>\n<meta property=\"article:modified_time\" content=\"2025-10-01T18:54:54+00:00\" \/>\n<meta property=\"og:image\" content=\"https:\/\/www.ferpam.com.br\/blog\/wp-content\/uploads\/2025\/10\/Sem-Titulo-8.jpg\" \/>\n\t<meta property=\"og:image:width\" content=\"1500\" \/>\n\t<meta property=\"og:image:height\" content=\"1000\" \/>\n<meta name=\"twitter:card\" content=\"summary_large_image\" \/>\n<meta name=\"twitter:label1\" content=\"Est. reading time\">\n\t<meta name=\"twitter:data1\" content=\"2 minutos\">\n<script type=\"application\/ld+json\" class=\"yoast-schema-graph\">{\"@context\":\"https:\/\/schema.org\",\"@graph\":[{\"@type\":\"Organization\",\"@id\":\"https:\/\/www.ferpam.com.br\/blog\/#organization\",\"name\":\"Ferpam\",\"url\":\"https:\/\/www.ferpam.com.br\/blog\/\",\"sameAs\":[],\"logo\":{\"@type\":\"ImageObject\",\"@id\":\"https:\/\/www.ferpam.com.br\/blog\/#logo\",\"inLanguage\":\"pt-BR\",\"url\":\"https:\/\/www.ferpam.com.br\/blog\/wp-content\/uploads\/2021\/02\/logo-1.png\",\"width\":254,\"height\":89,\"caption\":\"Ferpam\"},\"image\":{\"@id\":\"https:\/\/www.ferpam.com.br\/blog\/#logo\"}},{\"@type\":\"WebSite\",\"@id\":\"https:\/\/www.ferpam.com.br\/blog\/#website\",\"url\":\"https:\/\/www.ferpam.com.br\/blog\/\",\"name\":\"Blog Ferpam\",\"description\":\"Not\\u00edcias da Ferpam\",\"publisher\":{\"@id\":\"https:\/\/www.ferpam.com.br\/blog\/#organization\"},\"potentialAction\":[{\"@type\":\"SearchAction\",\"target\":\"https:\/\/www.ferpam.com.br\/blog\/?s={search_term_string}\",\"query-input\":\"required name=search_term_string\"}],\"inLanguage\":\"pt-BR\"},{\"@type\":\"ImageObject\",\"@id\":\"https:\/\/www.ferpam.com.br\/blog\/ferramentas-eletricas-essenciais-para-quem-vai-construir-ou-reformar\/#primaryimage\",\"inLanguage\":\"pt-BR\",\"url\":\"https:\/\/www.ferpam.com.br\/blog\/wp-content\/uploads\/2025\/10\/Sem-Titulo-8.jpg\",\"width\":1500,\"height\":1000},{\"@type\":\"WebPage\",\"@id\":\"https:\/\/www.ferpam.com.br\/blog\/ferramentas-eletricas-essenciais-para-quem-vai-construir-ou-reformar\/#webpage\",\"url\":\"https:\/\/www.ferpam.com.br\/blog\/ferramentas-eletricas-essenciais-para-quem-vai-construir-ou-reformar\/\",\"name\":\"Ferramentas El\\u00e9tricas Essenciais para Quem Vai Construir ou Reformar - Blog Ferpam\",\"isPartOf\":{\"@id\":\"https:\/\/www.ferpam.com.br\/blog\/#website\"},\"primaryImageOfPage\":{\"@id\":\"https:\/\/www.ferpam.com.br\/blog\/ferramentas-eletricas-essenciais-para-quem-vai-construir-ou-reformar\/#primaryimage\"},\"datePublished\":\"2025-10-13T08:00:00+00:00\",\"dateModified\":\"2025-10-01T18:54:54+00:00\",\"breadcrumb\":{\"@id\":\"https:\/\/www.ferpam.com.br\/blog\/ferramentas-eletricas-essenciais-para-quem-vai-construir-ou-reformar\/#breadcrumb\"},\"inLanguage\":\"pt-BR\",\"potentialAction\":[{\"@type\":\"ReadAction\",\"target\":[\"https:\/\/www.ferpam.com.br\/blog\/ferramentas-eletricas-essenciais-para-quem-vai-construir-ou-reformar\/\"]}]},{\"@type\":\"BreadcrumbList\",\"@id\":\"https:\/\/www.ferpam.com.br\/blog\/ferramentas-eletricas-essenciais-para-quem-vai-construir-ou-reformar\/#breadcrumb\",\"itemListElement\":[{\"@type\":\"ListItem\",\"position\":1,\"item\":{\"@type\":\"WebPage\",\"@id\":\"https:\/\/www.ferpam.com.br\/blog\/\",\"url\":\"https:\/\/www.ferpam.com.br\/blog\/\",\"name\":\"In\\u00edcio\"}},{\"@type\":\"ListItem\",\"position\":2,\"item\":{\"@type\":\"WebPage\",\"@id\":\"https:\/\/www.ferpam.com.br\/blog\/ferramentas-eletricas-essenciais-para-quem-vai-construir-ou-reformar\/\",\"url\":\"https:\/\/www.ferpam.com.br\/blog\/ferramentas-eletricas-essenciais-para-quem-vai-construir-ou-reformar\/\",\"name\":\"Ferramentas El\\u00e9tricas Essenciais para Quem Vai Construir ou Reformar\"}}]},{\"@type\":\"Article\",\"@id\":\"https:\/\/www.ferpam.com.br\/blog\/ferramentas-eletricas-essenciais-para-quem-vai-construir-ou-reformar\/#article\",\"isPartOf\":{\"@id\":\"https:\/\/www.ferpam.com.br\/blog\/ferramentas-eletricas-essenciais-para-quem-vai-construir-ou-reformar\/#webpage\"},\"author\":{\"@id\":\"https:\/\/www.ferpam.com.br\/blog\/#\/schema\/person\/e6e8838fe5b732146790141d405cfc8f\"},\"headline\":\"Ferramentas El\\u00e9tricas Essenciais para Quem Vai Construir ou Reformar\",\"datePublished\":\"2025-10-13T08:00:00+00:00\",\"dateModified\":\"2025-10-01T18:54:54+00:00\",\"mainEntityOfPage\":{\"@id\":\"https:\/\/www.ferpam.com.br\/blog\/ferramentas-eletricas-essenciais-para-quem-vai-construir-ou-reformar\/#webpage\"},\"commentCount\":0,\"publisher\":{\"@id\":\"https:\/\/www.ferpam.com.br\/blog\/#organization\"},\"image\":{\"@id\":\"https:\/\/www.ferpam.com.br\/blog\/ferramentas-eletricas-essenciais-para-quem-vai-construir-ou-reformar\/#primaryimage\"},\"inLanguage\":\"pt-BR\",\"potentialAction\":[{\"@type\":\"CommentAction\",\"name\":\"Comment\",\"target\":[\"https:\/\/www.ferpam.com.br\/blog\/ferramentas-eletricas-essenciais-para-quem-vai-construir-ou-reformar\/#respond\"]}]},{\"@type\":\"Person\",\"@id\":\"https:\/\/www.ferpam.com.br\/blog\/#\/schema\/person\/e6e8838fe5b732146790141d405cfc8f\",\"name\":\"Ferpam\",\"image\":{\"@type\":\"ImageObject\",\"@id\":\"https:\/\/www.ferpam.com.br\/blog\/#personlogo\",\"inLanguage\":\"pt-BR\",\"url\":\"https:\/\/secure.gravatar.com\/avatar\/6f333e72a93ccf96c09aee14b6e690a9a4ece768eac772c81364ab7a27ce07d4?s=96&d=mm&r=g\",\"caption\":\"Ferpam\"}}]}<\/script>\n<!-- \/ Yoast SEO plugin. -->","_links":{"self":[{"href":"https:\/\/www.ferpam.com.br\/blog\/wp-json\/wp\/v2\/posts\/3186","targetHints":{"allow":["GET"]}}],"collection":[{"href":"https:\/\/www.ferpam.com.br\/blog\/wp-json\/wp\/v2\/posts"}],"about":[{"href":"https:\/\/www.ferpam.com.br\/blog\/wp-json\/wp\/v2\/types\/post"}],"author":[{"embeddable":true,"href":"https:\/\/www.ferpam.com.br\/blog\/wp-json\/wp\/v2\/users\/5"}],"replies":[{"embeddable":true,"href":"https:\/\/www.ferpam.com.br\/blog\/wp-json\/wp\/v2\/comments?post=3186"}],"version-history":[{"count":1,"href":"https:\/\/www.ferpam.com.br\/blog\/wp-json\/wp\/v2\/posts\/3186\/revisions"}],"predecessor-version":[{"id":3187,"href":"https:\/\/www.ferpam.com.br\/blog\/wp-json\/wp\/v2\/posts\/3186\/revisions\/3187"}],"wp:featuredmedia":[{"embeddable":true,"href":"https:\/\/www.ferpam.com.br\/blog\/wp-json\/wp\/v2\/media\/3175"}],"wp:attachment":[{"href":"https:\/\/www.ferpam.com.br\/blog\/wp-json\/wp\/v2\/media?parent=3186"}],"wp:term":[{"taxonomy":"category","embeddable":true,"href":"https:\/\/www.ferpam.com.br\/blog\/wp-json\/wp\/v2\/categories?post=3186"},{"taxonomy":"post_tag","embeddable":true,"href":"https:\/\/www.ferpam.com.br\/blog\/wp-json\/wp\/v2\/tags?post=3186"}],"curies":[{"name":"wp","href":"https:\/\/api.w.org\/{rel}","templated":true}]}}